{"id":982,"date":"2023-05-10T10:49:41","date_gmt":"2023-05-10T10:49:41","guid":{"rendered":"https:\/\/www.luzeco.com\/blog\/?p=982"},"modified":"2023-05-10T11:03:46","modified_gmt":"2023-05-10T11:03:46","slug":"lamparas-de-diseno-famosas-y-su-version-lowcost","status":"publish","type":"post","link":"https:\/\/www.luzeco.com\/blog\/lamparas-de-diseno-famosas-y-su-version-lowcost\/","title":{"rendered":"L\u00e1mparas de dise\u00f1o famosas y su versi\u00f3n lowcost"},"content":{"rendered":"\n<p>En este nuevo post nos hemos propuesto ense\u00f1arte las <strong>l\u00e1mparas de dise\u00f1o m\u00e1s famosas<\/strong> de los \u00faltimos tiempos y su <strong>versi\u00f3n lowcost<\/strong>, \u00a1para que puedas llenar de estilo tu hogar!<\/p>\n\n\n\n<p>Sabemos que las tendencias y los estilos van cambiando, pero han habido hitos en la historia de la decoraci\u00f3n, y concretamente en el mundo de la iluminaci\u00f3n, que han marcado un antes y un despu\u00e9s en el dise\u00f1o de estos productos, e incluso a d\u00eda de hoy todav\u00eda conservamos y compramos modelos con esta est\u00e9tica.<\/p>\n\n\n\n<p>Repasamos las l\u00e1mparas de dise\u00f1o m\u00e1s interesantes&#8230; \u00a1Qu\u00e9date a verlo!<\/p>\n\n\n\n<h3>L\u00e1mpara PH 5 &#8211; Louis Poulsen<\/h3>\n\n\n\n<p>Creada en 1931 por Paul Henningsen, esta l\u00e1mpara es la joya ic\u00f3nica con la que comenzamos la lista. <\/p>\n\n\n\n<p>Dise\u00f1ada para que la luz proyecte hacia abajo pero tambi\u00e9n por los lados, est\u00e1 formada por tres pantallas y despu\u00e9s de casi 100 a\u00f1os sigue estando de moda. Una pieza atemporal que asegura vanguardia en tu estancia pero tambi\u00e9n modernidad y estilo.<\/p>\n\n\n<div class=\"wp-block-image\">\n<figure class=\"aligncenter size-full\"><a href=\"https:\/\/www.luzeco.com\/es\/lamparas-colgantes\/951-eglo-87055-brenda-lampara-colgante-en-acrilico-acero-y-acero-9002759870553.html\"><img decoding=\"async\" loading=\"lazy\" width=\"600\" height=\"600\" src=\"https:\/\/www.luzeco.com\/blog\/wp-content\/uploads\/2023\/05\/lampara-ph5-poul-henningsen-famosa.jpg\" alt=\"\" class=\"wp-image-985\" srcset=\"https:\/\/www.luzeco.com\/blog\/wp-content\/uploads\/2023\/05\/lampara-ph5-poul-henningsen-famosa.jpg 600w, https:\/\/www.luzeco.com\/blog\/wp-content\/uploads\/2023\/05\/lampara-ph5-poul-henningsen-famosa-300x300.jpg 300w, https:\/\/www.luzeco.com\/blog\/wp-content\/uploads\/2023\/05\/lampara-ph5-poul-henningsen-famosa-150x150.jpg 150w, https:\/\/www.luzeco.com\/blog\/wp-content\/uploads\/2023\/05\/lampara-ph5-poul-henningsen-famosa-80x80.jpg 80w\" sizes=\"(max-width: 600px) 100vw, 600px\" \/><\/a><\/figure><\/div>\n\n\n<p>Cons\u00edguela por mucho menos en nuestra web gracias a la <a href=\"https:\/\/www.luzeco.com\/es\/lamparas-colgantes\/951-eglo-87055-brenda-lampara-colgante-en-acrilico-acero-y-acero-9002759870553.html\" target=\"_blank\" rel=\"noreferrer noopener\">l\u00e1mpara Brenda de Eglo<\/a>, con cable ajsutable en formato muelle. Tambi\u00e9n disponible en <a href=\"https:\/\/www.luzeco.com\/es\/lamparas-colgantes-de-cobre\/215-eglo-31666-brenda-lampara-colgante-en-acrilico-acero-y-acero-9002759316662.html\" target=\"_blank\" rel=\"noreferrer noopener nofollow\">negro con interior cobre<\/a>.<\/p>\n\n\n\n<h3>L\u00e1mpara Anglepoise &#8211; El flexo de los flexos<\/h3>\n\n\n\n<p>Si eres fan de las pel\u00edculas de P\u00edxar te alegrar\u00e1 saber que este modelo de l\u00e1mpara de dise\u00f1o famosa fue la que inspir\u00f3 a los estudios a crear esa intro que tanta nostalgia nos evoca.<\/p>\n\n\n\n<p>Una l\u00e1mpara de escritorio distinta al resto y que a d\u00eda de hoy perdura y perdurar\u00e1 para la posteridad, pues su dise\u00f1o atemporal, que ha inspirado miles de modelos adaptados a los diferentes estilos, es ya un b\u00e1sico que no puede faltar en ning\u00fan hogar e incluso en lugares de trabajo donde los focos de luz son primordiales.<\/p>\n\n\n<div class=\"wp-block-image\">\n<figure class=\"aligncenter size-large is-resized\"><img decoding=\"async\" loading=\"lazy\" src=\"https:\/\/www.luzeco.com\/blog\/wp-content\/uploads\/2023\/05\/anglepoise-flexo-de-flexos-lampara-famosa-1024x1024.jpg\" alt=\"\" class=\"wp-image-986\" width=\"615\" height=\"615\" srcset=\"https:\/\/www.luzeco.com\/blog\/wp-content\/uploads\/2023\/05\/anglepoise-flexo-de-flexos-lampara-famosa-1024x1024.jpg 1024w, https:\/\/www.luzeco.com\/blog\/wp-content\/uploads\/2023\/05\/anglepoise-flexo-de-flexos-lampara-famosa-300x300.jpg 300w, https:\/\/www.luzeco.com\/blog\/wp-content\/uploads\/2023\/05\/anglepoise-flexo-de-flexos-lampara-famosa-150x150.jpg 150w, https:\/\/www.luzeco.com\/blog\/wp-content\/uploads\/2023\/05\/anglepoise-flexo-de-flexos-lampara-famosa-768x768.jpg 768w, https:\/\/www.luzeco.com\/blog\/wp-content\/uploads\/2023\/05\/anglepoise-flexo-de-flexos-lampara-famosa-1536x1536.jpg 1536w, https:\/\/www.luzeco.com\/blog\/wp-content\/uploads\/2023\/05\/anglepoise-flexo-de-flexos-lampara-famosa-1140x1140.jpg 1140w, https:\/\/www.luzeco.com\/blog\/wp-content\/uploads\/2023\/05\/anglepoise-flexo-de-flexos-lampara-famosa-80x80.jpg 80w, https:\/\/www.luzeco.com\/blog\/wp-content\/uploads\/2023\/05\/anglepoise-flexo-de-flexos-lampara-famosa.jpg 1600w\" sizes=\"(max-width: 615px) 100vw, 615px\" \/><\/figure><\/div>\n\n\n<p>En nuestra web podr\u00e1s encontrar gran variedad de flexos, tanto similares al modelo original de Anglepoise como este <a href=\"https:\/\/www.luzeco.com\/es\/lamparas-de-sobremesa\/1383-eglo-94699-borgillio-flexo-industrial-en-blanco-9002759946999.html\" target=\"_blank\" rel=\"noreferrer noopener\">flexo blanco de Eglo<\/a> como modelos m\u00e1s modernos en la categor\u00eda <a href=\"https:\/\/www.luzeco.com\/es\/431-flexos\" target=\"_blank\" rel=\"noreferrer noopener\">flexos<\/a>.<\/p>\n\n\n\n<h3>L\u00e1mpara de dise\u00f1o AJ<\/h3>\n\n\n\n<p>Tanto en su versi\u00f3n l\u00e1mpara de pie, l\u00e1mpara de sobremesa o aplique de pared, este dise\u00f1o de Arne Jacobsen creado en 1957 se caracteriza por su difusor giratorio y apertura m\u00e1s estrecha en la base para conseguir mayor ligereza.<\/p>\n\n\n\n<p>Una est\u00e9tica ideal en ambientes vintage, modernos, minimalistas&#8230; piezas con car\u00e1cter pero nada rocambolescas que a d\u00eda de hoy siguen triunfando entre las marcas de iluminaci\u00f3n m\u00e1s modestas.<\/p>\n\n\n<div class=\"wp-block-image\">\n<figure class=\"aligncenter size-full is-resized\"><img decoding=\"async\" loading=\"lazy\" src=\"https:\/\/www.luzeco.com\/blog\/wp-content\/uploads\/2023\/05\/lampara-aj-pie-negra-famosa.jpg\" alt=\"\" class=\"wp-image-987\" width=\"623\" height=\"623\" srcset=\"https:\/\/www.luzeco.com\/blog\/wp-content\/uploads\/2023\/05\/lampara-aj-pie-negra-famosa.jpg 1000w, https:\/\/www.luzeco.com\/blog\/wp-content\/uploads\/2023\/05\/lampara-aj-pie-negra-famosa-300x300.jpg 300w, https:\/\/www.luzeco.com\/blog\/wp-content\/uploads\/2023\/05\/lampara-aj-pie-negra-famosa-150x150.jpg 150w, https:\/\/www.luzeco.com\/blog\/wp-content\/uploads\/2023\/05\/lampara-aj-pie-negra-famosa-768x768.jpg 768w, https:\/\/www.luzeco.com\/blog\/wp-content\/uploads\/2023\/05\/lampara-aj-pie-negra-famosa-80x80.jpg 80w\" sizes=\"(max-width: 623px) 100vw, 623px\" \/><\/figure><\/div>\n\n\n<p>En nuestra web luzeco.com podr\u00e1s encontrar una versi\u00f3n de dos luces, en formato l\u00e1mpara de pie que forma parte de la colecci\u00f3n <a href=\"https:\/\/www.luzeco.com\/es\/lamparas-de-pie\/2241-eglo-97806-cortaderas-lampara-de-pie-en-acero-9002759978068.html\" target=\"_blank\" rel=\"noreferrer noopener\">Cortaderas<\/a>, y que la marca Eglo le dio un toque moderno con su interior en color oro.<\/p>\n\n\n\n<h3>L\u00e1mpara Disa &#8211; la l\u00e1mpara calabaza<\/h3>\n\n\n\n<p>Como bien anticipamos en el t\u00edtulo, esta exquisita l\u00e1mpara del arquitecto Corderch, est\u00e1 ideada en forma de baya con finas hojas de madera que se sujetan de dos tiradores. El resultado es una pieza premiada mundialmente en numerosas ocasiones y que a d\u00eda de hoy se sigue vendiendo como el primer d\u00eda, iluminando y decorando hogares a partes iguales sin perder un \u00e1pice de su esencia.<\/p>\n\n\n<div class=\"wp-block-image\">\n<figure class=\"aligncenter size-large is-resized\"><img decoding=\"async\" loading=\"lazy\" src=\"https:\/\/www.luzeco.com\/blog\/wp-content\/uploads\/2023\/05\/lampara-disa-lampara-diseno-famosa-2-928x1024.jpg\" alt=\"\" class=\"wp-image-993\" width=\"626\" height=\"690\" srcset=\"https:\/\/www.luzeco.com\/blog\/wp-content\/uploads\/2023\/05\/lampara-disa-lampara-diseno-famosa-2-928x1024.jpg 928w, https:\/\/www.luzeco.com\/blog\/wp-content\/uploads\/2023\/05\/lampara-disa-lampara-diseno-famosa-2-272x300.jpg 272w, https:\/\/www.luzeco.com\/blog\/wp-content\/uploads\/2023\/05\/lampara-disa-lampara-diseno-famosa-2-768x848.jpg 768w, https:\/\/www.luzeco.com\/blog\/wp-content\/uploads\/2023\/05\/lampara-disa-lampara-diseno-famosa-2-1140x1258.jpg 1140w, https:\/\/www.luzeco.com\/blog\/wp-content\/uploads\/2023\/05\/lampara-disa-lampara-diseno-famosa-2.jpg 1263w\" sizes=\"(max-width: 626px) 100vw, 626px\" \/><\/figure><\/div>\n\n\n<p>De est\u00e9tica oriental, adaptable a ambientes n\u00f3rdicos y r\u00fasticos, la l\u00e1mpara Disa es casi una pieza de coleccionista&#8230; \u00a1Pero nosotros tenemos un modelo similar en versi\u00f3n lowcost! Se trata de la <a href=\"https:\/\/www.luzeco.com\/es\/lamparas-colgantes-de-madera\/1553-eglo-95591-stellato-3-lampara-colgante-en-acero-y-madera-vidrio-9002759955915.html\" target=\"_blank\" rel=\"noreferrer noopener\">l\u00e1mpara Stellato<\/a>, una de nuestras top venta.<\/p>\n\n\n\n<p>Te invitamos a descubrir todas las l\u00e1mparas de la <a href=\"https:\/\/www.luzeco.com\/es\/busqueda?controller=search&amp;s=stellato\" target=\"_blank\" rel=\"noreferrer noopener\">colecci\u00f3n Stellato<\/a>. Son espectaculares.<\/p>\n\n\n\n<h3>L\u00e1mpara Arco, 1962<\/h3>\n\n\n\n<p>Por \u00faltimo, pero no menos importante, no pod\u00edamos dejar sin mencionar la famos\u00edsima l\u00e1mpara Arco, dise\u00f1ada por los hermanos Castiglioni para Flos.<\/p>\n\n\n\n<p>Esta l\u00e1mpara se caracteriza por ser una l\u00e1mpara de pie, estar curvada y tener una base de m\u00e1rmol, versionada en m\u00faltiples materiales, que destaca por su iluminaci\u00f3n directa sobre un punto a distancia de su base, sin necesidad de colocar una l\u00e1mpara colgante en dicha zona.<\/p>\n\n\n<div class=\"wp-block-image\">\n<figure class=\"aligncenter size-large is-resized\"><img decoding=\"async\" loading=\"lazy\" src=\"https:\/\/www.luzeco.com\/blog\/wp-content\/uploads\/2023\/05\/lampara-arco-lampara-diseno-famosa-700x1024.jpg\" alt=\"\" class=\"wp-image-994\" width=\"665\" height=\"973\" srcset=\"https:\/\/www.luzeco.com\/blog\/wp-content\/uploads\/2023\/05\/lampara-arco-lampara-diseno-famosa-700x1024.jpg 700w, https:\/\/www.luzeco.com\/blog\/wp-content\/uploads\/2023\/05\/lampara-arco-lampara-diseno-famosa-205x300.jpg 205w, https:\/\/www.luzeco.com\/blog\/wp-content\/uploads\/2023\/05\/lampara-arco-lampara-diseno-famosa-768x1123.jpg 768w, https:\/\/www.luzeco.com\/blog\/wp-content\/uploads\/2023\/05\/lampara-arco-lampara-diseno-famosa.jpg 1026w\" sizes=\"(max-width: 665px) 100vw, 665px\" \/><\/figure><\/div>\n\n\n<p>A d\u00eda de hoy la vemos m\u00e1s com\u00fanmente en espacios de sal\u00f3n o salas de estar, pero como siempre decimos la imaginaci\u00f3n y tus gustos personales la pueden colocar en el lugar que te resulte m\u00e1s \u00fatil. De hecho una de las fotograf\u00edas de la firma la posicionaba detr\u00e1s de una mesa de comedor, para que su luz iluminase el centro de la misma.<\/p>\n\n\n\n<p>A d\u00eda de hoy encontramos m\u00faltiples opciones similares a la l\u00e1mpara Arco, ya que es una de las l\u00e1mparas de dise\u00f1o famosas m\u00e1s b\u00e1sicas y prometedoras. Se han creado dise\u00f1os de todos los estilos en torno a ella, y nosotros te proponemos dos que pueden ser muy \u00fatiles en zonas de sal\u00f3n o lectura: la <a href=\"https:\/\/www.luzeco.com\/es\/lampara-de-pie-de-tela\/1065-eglo-92206-nadina-lampara-de-pie-en-acero-y-textil-con-cierre-de-velcro-9002759922061.html\" target=\"_blank\" rel=\"noreferrer noopener\">l\u00e1mpara de pie Nadina<\/a> y la <a href=\"https:\/\/www.luzeco.com\/es\/lamparas-de-pie\/6074-pie-salon-negro-schuller-junco-8435435329242.html\" target=\"_blank\" rel=\"noreferrer noopener\">l\u00e1mpara de pie Junco<\/a>, de Eglo y Schuller respectivamente.<\/p>\n\n\n\n<h3>Espera, espera&#8230;<\/h3>\n\n\n\n<p>Nos hab\u00edamos dejado una en el tintero. Una l\u00e1mpara nada convencional, muy famosa, muy en tendencia en la actualidad y que fue creada nada m\u00e1s y nada menos que en 1946. Y nosotros tenemos una alternativa a esta l\u00e1mpara de dise\u00f1o famosa en formato low, lowcost. \u00bfQuieres verla? Entra en nuestro instagram <a href=\"https:\/\/www.instagram.com\/luzecolighting\/\" target=\"_blank\" rel=\"noreferrer noopener nofollow\">@luzecolighting<\/a>, \u00a1prometemos que te va a encantar!<\/p>\n","protected":false},"excerpt":{"rendered":"<p>En este nuevo post nos hemos propuesto ense\u00f1arte las l\u00e1mparas de dise\u00f1o m\u00e1s famosas de los \u00faltimos tiempos y su versi\u00f3n lowcost, \u00a1para que puedas llenar de estilo tu hogar! Sabemos que las tendencias y los estilos van cambiando, pero han habido hitos en la historia de la decoraci\u00f3n, y concretamente en el mundo de la iluminaci\u00f3n, que han marcado un antes y un despu\u00e9s en el dise\u00f1o de estos productos, e incluso a d\u00eda de hoy todav\u00eda conservamos y compramos modelos con esta est\u00e9tica. Repasamos las l\u00e1mparas de dise\u00f1o m\u00e1s interesantes&#8230; \u00a1Qu\u00e9date a verlo! L\u00e1mpara PH 5 &#8211; Louis Poulsen Creada en 1931 por Paul Henningsen, esta l\u00e1mpara es la joya ic\u00f3nica con la que comenzamos la lista. Dise\u00f1ada para que la luz proyecte hacia abajo pero tambi\u00e9n por los lados, est\u00e1 formada por [&hellip;]<\/p>\n","protected":false},"author":1,"featured_media":1003,"comment_status":"closed","ping_status":"open","sticky":false,"template":"","format":"standard","meta":[],"categories":[6,8],"tags":[44,45,46,47,48],"yoast_head":"<!-- This site is optimized with the Yoast SEO plugin v19.14 - https:\/\/yoast.com\/wordpress\/plugins\/seo\/ -->\n<title>L\u00e1mparas de dise\u00f1o famosas y su versi\u00f3n lowcost - Blog LUZECO<\/title>\n<meta name=\"description\" content=\"Te presentamos las l\u00e1mparas de dise\u00f1o m\u00e1s famosas y su versi\u00f3n lowcost para todos los hogares.\" \/>\n<meta name=\"robots\" content=\"index, follow, max-snippet:-1, max-image-preview:large, max-video-preview:-1\" \/>\n<link rel=\"canonical\" href=\"https:\/\/www.luzeco.com\/blog\/lamparas-de-diseno-famosas-y-su-version-lowcost\/\" \/>\n<meta property=\"og:locale\" content=\"es_ES\" \/>\n<meta property=\"og:type\" content=\"article\" \/>\n<meta property=\"og:title\" content=\"L\u00e1mparas de dise\u00f1o famosas y su versi\u00f3n lowcost - Blog LUZECO\" \/>\n<meta property=\"og:description\" content=\"Te presentamos las l\u00e1mparas de dise\u00f1o m\u00e1s famosas y su versi\u00f3n lowcost para todos los hogares.\" \/>\n<meta property=\"og:url\" content=\"https:\/\/www.luzeco.com\/blog\/lamparas-de-diseno-famosas-y-su-version-lowcost\/\" \/>\n<meta property=\"og:site_name\" content=\"Blog LUZECO\" \/>\n<meta property=\"article:published_time\" content=\"2023-05-10T10:49:41+00:00\" \/>\n<meta property=\"article:modified_time\" content=\"2023-05-10T11:03:46+00:00\" \/>\n<meta property=\"og:image\" content=\"https:\/\/www.luzeco.com\/blog\/wp-content\/uploads\/2023\/05\/lamparas-diseno-famosas-version-lowcost-scaled.jpeg\" \/>\n\t<meta property=\"og:image:width\" content=\"2560\" \/>\n\t<meta property=\"og:image:height\" content=\"1708\" \/>\n\t<meta property=\"og:image:type\" content=\"image\/jpeg\" \/>\n<meta name=\"author\" content=\"luzeco\" \/>\n<meta name=\"twitter:card\" content=\"summary_large_image\" \/>\n<meta name=\"twitter:label1\" content=\"Escrito por\" \/>\n\t<meta name=\"twitter:data1\" content=\"luzeco\" \/>\n\t<meta name=\"twitter:label2\" content=\"Tiempo de lectura\" \/>\n\t<meta name=\"twitter:data2\" content=\"5 minutos\" \/>\n<script type=\"application\/ld+json\" class=\"yoast-schema-graph\">{\"@context\":\"https:\/\/schema.org\",\"@graph\":[{\"@type\":\"Article\",\"@id\":\"https:\/\/www.luzeco.com\/blog\/lamparas-de-diseno-famosas-y-su-version-lowcost\/#article\",\"isPartOf\":{\"@id\":\"https:\/\/www.luzeco.com\/blog\/lamparas-de-diseno-famosas-y-su-version-lowcost\/\"},\"author\":{\"name\":\"luzeco\",\"@id\":\"https:\/\/www.luzeco.com\/blog\/#\/schema\/person\/1fcf316166a5c59805f56fcacd66f42a\"},\"headline\":\"L\u00e1mparas de dise\u00f1o famosas y su versi\u00f3n lowcost\",\"datePublished\":\"2023-05-10T10:49:41+00:00\",\"dateModified\":\"2023-05-10T11:03:46+00:00\",\"mainEntityOfPage\":{\"@id\":\"https:\/\/www.luzeco.com\/blog\/lamparas-de-diseno-famosas-y-su-version-lowcost\/\"},\"wordCount\":929,\"publisher\":{\"@id\":\"https:\/\/www.luzeco.com\/blog\/#organization\"},\"keywords\":[\"curiosidades\",\"l\u00e1mparas de dise\u00f1o\",\"l\u00e1mparas de dise\u00f1o famosas\",\"l\u00e1mparas lowcost\",\"l\u00e1mparas versi\u00f3n lowcost\"],\"articleSection\":[\"Curiosidades\",\"Decoraci\u00f3n\"],\"inLanguage\":\"es\"},{\"@type\":\"WebPage\",\"@id\":\"https:\/\/www.luzeco.com\/blog\/lamparas-de-diseno-famosas-y-su-version-lowcost\/\",\"url\":\"https:\/\/www.luzeco.com\/blog\/lamparas-de-diseno-famosas-y-su-version-lowcost\/\",\"name\":\"L\u00e1mparas de dise\u00f1o famosas y su versi\u00f3n lowcost - Blog LUZECO\",\"isPartOf\":{\"@id\":\"https:\/\/www.luzeco.com\/blog\/#website\"},\"datePublished\":\"2023-05-10T10:49:41+00:00\",\"dateModified\":\"2023-05-10T11:03:46+00:00\",\"description\":\"Te presentamos las l\u00e1mparas de dise\u00f1o m\u00e1s famosas y su versi\u00f3n lowcost para todos los hogares.\",\"breadcrumb\":{\"@id\":\"https:\/\/www.luzeco.com\/blog\/lamparas-de-diseno-famosas-y-su-version-lowcost\/#breadcrumb\"},\"inLanguage\":\"es\",\"potentialAction\":[{\"@type\":\"ReadAction\",\"target\":[\"https:\/\/www.luzeco.com\/blog\/lamparas-de-diseno-famosas-y-su-version-lowcost\/\"]}]},{\"@type\":\"BreadcrumbList\",\"@id\":\"https:\/\/www.luzeco.com\/blog\/lamparas-de-diseno-famosas-y-su-version-lowcost\/#breadcrumb\",\"itemListElement\":[{\"@type\":\"ListItem\",\"position\":1,\"name\":\"Home\",\"item\":\"https:\/\/www.luzeco.com\/blog\/\"},{\"@type\":\"ListItem\",\"position\":2,\"name\":\"L\u00e1mparas de dise\u00f1o famosas y su versi\u00f3n lowcost\"}]},{\"@type\":\"WebSite\",\"@id\":\"https:\/\/www.luzeco.com\/blog\/#website\",\"url\":\"https:\/\/www.luzeco.com\/blog\/\",\"name\":\"Blog LUZECO\",\"description\":\"L\u00edder en iluminaci\u00f3n y decoraci\u00f3n\",\"publisher\":{\"@id\":\"https:\/\/www.luzeco.com\/blog\/#organization\"},\"potentialAction\":[{\"@type\":\"SearchAction\",\"target\":{\"@type\":\"EntryPoint\",\"urlTemplate\":\"https:\/\/www.luzeco.com\/blog\/?s={search_term_string}\"},\"query-input\":\"required name=search_term_string\"}],\"inLanguage\":\"es\"},{\"@type\":\"Organization\",\"@id\":\"https:\/\/www.luzeco.com\/blog\/#organization\",\"name\":\"LUZECO LIGHTING\",\"url\":\"https:\/\/www.luzeco.com\/blog\/\",\"logo\":{\"@type\":\"ImageObject\",\"inLanguage\":\"es\",\"@id\":\"https:\/\/www.luzeco.com\/blog\/#\/schema\/logo\/image\/\",\"url\":\"https:\/\/www.luzeco.com\/blog\/wp-content\/uploads\/2020\/09\/cropped-luzeco-icono.png\",\"contentUrl\":\"https:\/\/www.luzeco.com\/blog\/wp-content\/uploads\/2020\/09\/cropped-luzeco-icono.png\",\"width\":512,\"height\":512,\"caption\":\"LUZECO LIGHTING\"},\"image\":{\"@id\":\"https:\/\/www.luzeco.com\/blog\/#\/schema\/logo\/image\/\"}},{\"@type\":\"Person\",\"@id\":\"https:\/\/www.luzeco.com\/blog\/#\/schema\/person\/1fcf316166a5c59805f56fcacd66f42a\",\"name\":\"luzeco\",\"image\":{\"@type\":\"ImageObject\",\"inLanguage\":\"es\",\"@id\":\"https:\/\/www.luzeco.com\/blog\/#\/schema\/person\/image\/\",\"url\":\"https:\/\/secure.gravatar.com\/avatar\/50258ce9bf6774e06410b8db81d34f8a?s=96&d=mm&r=g\",\"contentUrl\":\"https:\/\/secure.gravatar.com\/avatar\/50258ce9bf6774e06410b8db81d34f8a?s=96&d=mm&r=g\",\"caption\":\"luzeco\"},\"sameAs\":[\"https:\/\/www.luzeco.com\/blog\"],\"url\":\"https:\/\/www.luzeco.com\/blog\/author\/luzeco\/\"}]}<\/script>\n<!-- \/ Yoast SEO plugin. -->","yoast_head_json":{"title":"L\u00e1mparas de dise\u00f1o famosas y su versi\u00f3n lowcost - Blog LUZECO","description":"Te presentamos las l\u00e1mparas de dise\u00f1o m\u00e1s famosas y su versi\u00f3n lowcost para todos los hogares.","robots":{"index":"index","follow":"follow","max-snippet":"max-snippet:-1","max-image-preview":"max-image-preview:large","max-video-preview":"max-video-preview:-1"},"canonical":"https:\/\/www.luzeco.com\/blog\/lamparas-de-diseno-famosas-y-su-version-lowcost\/","og_locale":"es_ES","og_type":"article","og_title":"L\u00e1mparas de dise\u00f1o famosas y su versi\u00f3n lowcost - Blog LUZECO","og_description":"Te presentamos las l\u00e1mparas de dise\u00f1o m\u00e1s famosas y su versi\u00f3n lowcost para todos los hogares.","og_url":"https:\/\/www.luzeco.com\/blog\/lamparas-de-diseno-famosas-y-su-version-lowcost\/","og_site_name":"Blog LUZECO","article_published_time":"2023-05-10T10:49:41+00:00","article_modified_time":"2023-05-10T11:03:46+00:00","og_image":[{"width":2560,"height":1708,"url":"https:\/\/www.luzeco.com\/blog\/wp-content\/uploads\/2023\/05\/lamparas-diseno-famosas-version-lowcost-scaled.jpeg","type":"image\/jpeg"}],"author":"luzeco","twitter_card":"summary_large_image","twitter_misc":{"Escrito por":"luzeco","Tiempo de lectura":"5 minutos"},"schema":{"@context":"https:\/\/schema.org","@graph":[{"@type":"Article","@id":"https:\/\/www.luzeco.com\/blog\/lamparas-de-diseno-famosas-y-su-version-lowcost\/#article","isPartOf":{"@id":"https:\/\/www.luzeco.com\/blog\/lamparas-de-diseno-famosas-y-su-version-lowcost\/"},"author":{"name":"luzeco","@id":"https:\/\/www.luzeco.com\/blog\/#\/schema\/person\/1fcf316166a5c59805f56fcacd66f42a"},"headline":"L\u00e1mparas de dise\u00f1o famosas y su versi\u00f3n lowcost","datePublished":"2023-05-10T10:49:41+00:00","dateModified":"2023-05-10T11:03:46+00:00","mainEntityOfPage":{"@id":"https:\/\/www.luzeco.com\/blog\/lamparas-de-diseno-famosas-y-su-version-lowcost\/"},"wordCount":929,"publisher":{"@id":"https:\/\/www.luzeco.com\/blog\/#organization"},"keywords":["curiosidades","l\u00e1mparas de dise\u00f1o","l\u00e1mparas de dise\u00f1o famosas","l\u00e1mparas lowcost","l\u00e1mparas versi\u00f3n lowcost"],"articleSection":["Curiosidades","Decoraci\u00f3n"],"inLanguage":"es"},{"@type":"WebPage","@id":"https:\/\/www.luzeco.com\/blog\/lamparas-de-diseno-famosas-y-su-version-lowcost\/","url":"https:\/\/www.luzeco.com\/blog\/lamparas-de-diseno-famosas-y-su-version-lowcost\/","name":"L\u00e1mparas de dise\u00f1o famosas y su versi\u00f3n lowcost - Blog LUZECO","isPartOf":{"@id":"https:\/\/www.luzeco.com\/blog\/#website"},"datePublished":"2023-05-10T10:49:41+00:00","dateModified":"2023-05-10T11:03:46+00:00","description":"Te presentamos las l\u00e1mparas de dise\u00f1o m\u00e1s famosas y su versi\u00f3n lowcost para todos los hogares.","breadcrumb":{"@id":"https:\/\/www.luzeco.com\/blog\/lamparas-de-diseno-famosas-y-su-version-lowcost\/#breadcrumb"},"inLanguage":"es","potentialAction":[{"@type":"ReadAction","target":["https:\/\/www.luzeco.com\/blog\/lamparas-de-diseno-famosas-y-su-version-lowcost\/"]}]},{"@type":"BreadcrumbList","@id":"https:\/\/www.luzeco.com\/blog\/lamparas-de-diseno-famosas-y-su-version-lowcost\/#breadcrumb","itemListElement":[{"@type":"ListItem","position":1,"name":"Home","item":"https:\/\/www.luzeco.com\/blog\/"},{"@type":"ListItem","position":2,"name":"L\u00e1mparas de dise\u00f1o famosas y su versi\u00f3n lowcost"}]},{"@type":"WebSite","@id":"https:\/\/www.luzeco.com\/blog\/#website","url":"https:\/\/www.luzeco.com\/blog\/","name":"Blog LUZECO","description":"L\u00edder en iluminaci\u00f3n y decoraci\u00f3n","publisher":{"@id":"https:\/\/www.luzeco.com\/blog\/#organization"},"potentialAction":[{"@type":"SearchAction","target":{"@type":"EntryPoint","urlTemplate":"https:\/\/www.luzeco.com\/blog\/?s={search_term_string}"},"query-input":"required name=search_term_string"}],"inLanguage":"es"},{"@type":"Organization","@id":"https:\/\/www.luzeco.com\/blog\/#organization","name":"LUZECO LIGHTING","url":"https:\/\/www.luzeco.com\/blog\/","logo":{"@type":"ImageObject","inLanguage":"es","@id":"https:\/\/www.luzeco.com\/blog\/#\/schema\/logo\/image\/","url":"https:\/\/www.luzeco.com\/blog\/wp-content\/uploads\/2020\/09\/cropped-luzeco-icono.png","contentUrl":"https:\/\/www.luzeco.com\/blog\/wp-content\/uploads\/2020\/09\/cropped-luzeco-icono.png","width":512,"height":512,"caption":"LUZECO LIGHTING"},"image":{"@id":"https:\/\/www.luzeco.com\/blog\/#\/schema\/logo\/image\/"}},{"@type":"Person","@id":"https:\/\/www.luzeco.com\/blog\/#\/schema\/person\/1fcf316166a5c59805f56fcacd66f42a","name":"luzeco","image":{"@type":"ImageObject","inLanguage":"es","@id":"https:\/\/www.luzeco.com\/blog\/#\/schema\/person\/image\/","url":"https:\/\/secure.gravatar.com\/avatar\/50258ce9bf6774e06410b8db81d34f8a?s=96&d=mm&r=g","contentUrl":"https:\/\/secure.gravatar.com\/avatar\/50258ce9bf6774e06410b8db81d34f8a?s=96&d=mm&r=g","caption":"luzeco"},"sameAs":["https:\/\/www.luzeco.com\/blog"],"url":"https:\/\/www.luzeco.com\/blog\/author\/luzeco\/"}]}},"_links":{"self":[{"href":"https:\/\/www.luzeco.com\/blog\/wp-json\/wp\/v2\/posts\/982"}],"collection":[{"href":"https:\/\/www.luzeco.com\/blog\/wp-json\/wp\/v2\/posts"}],"about":[{"href":"https:\/\/www.luzeco.com\/blog\/wp-json\/wp\/v2\/types\/post"}],"author":[{"embeddable":true,"href":"https:\/\/www.luzeco.com\/blog\/wp-json\/wp\/v2\/users\/1"}],"replies":[{"embeddable":true,"href":"https:\/\/www.luzeco.com\/blog\/wp-json\/wp\/v2\/comments?post=982"}],"version-history":[{"count":12,"href":"https:\/\/www.luzeco.com\/blog\/wp-json\/wp\/v2\/posts\/982\/revisions"}],"predecessor-version":[{"id":1002,"href":"https:\/\/www.luzeco.com\/blog\/wp-json\/wp\/v2\/posts\/982\/revisions\/1002"}],"wp:featuredmedia":[{"embeddable":true,"href":"https:\/\/www.luzeco.com\/blog\/wp-json\/wp\/v2\/media\/1003"}],"wp:attachment":[{"href":"https:\/\/www.luzeco.com\/blog\/wp-json\/wp\/v2\/media?parent=982"}],"wp:term":[{"taxonomy":"category","embeddable":true,"href":"https:\/\/www.luzeco.com\/blog\/wp-json\/wp\/v2\/categories?post=982"},{"taxonomy":"post_tag","embeddable":true,"href":"https:\/\/www.luzeco.com\/blog\/wp-json\/wp\/v2\/tags?post=982"}],"curies":[{"name":"wp","href":"https:\/\/api.w.org\/{rel}","templated":true}]}}