{"id":966,"date":"2023-04-24T11:51:48","date_gmt":"2023-04-24T11:51:48","guid":{"rendered":"https:\/\/www.luzeco.com\/blog\/?p=966"},"modified":"2023-04-24T11:51:49","modified_gmt":"2023-04-24T11:51:49","slug":"tendencias-en-decoracion-2023","status":"publish","type":"post","link":"https:\/\/www.luzeco.com\/blog\/tendencias-en-decoracion-2023\/","title":{"rendered":"Tendencias en decoraci\u00f3n 2023"},"content":{"rendered":"\n<p>Las tendencias son siempre el acierto seguro para coger ideas a la hora de decorar tu hogar y, este a\u00f1o, las tendencias en decoraci\u00f3n son muy acertadas y f\u00e1ciles de aplicar.<\/p>\n\n\n\n<p>Te desvelamos las l\u00edneas m\u00e1s importantes que est\u00e1n pegando fuerte en el sector de la decoraci\u00f3n para que tu hogar est\u00e9 vestido con lo m\u00e1s <em>in<\/em> del momento. \u00a1Toma nota!<\/p>\n\n\n\n<h2>La naturaleza: la gran protagonista de las tendencias en decoraci\u00f3n 2023<\/h2>\n\n\n\n<p>Desde hace algunos a\u00f1os hemos estado viendo c\u00f3mo la madera natural y las l\u00edneas naturales, m\u00e1s arm\u00f3nicas, vienen pisando fuerte en t\u00e9rminos de decoraci\u00f3n y accesorios para el hogar. Este a\u00f1o se impone con gran fuerza este estilo decorativo: formas org\u00e1nicas, materiales vegetales o estampados del mismo tipo.<\/p>\n\n\n\n<p>El hecho de que la naturaleza sea cada vez m\u00e1s la gran protagonista en el \u00e1mbito de la vivienda, viene dado por el cambio de nuestra visi\u00f3n del mundo hacia uno m\u00e1s sostenible, con m\u00e1s \u00e9nfasis en lo natural, en la belleza imperfecta.<\/p>\n\n\n\n<figure class=\"is-layout-flex wp-block-gallery-1 wp-block-gallery aligncenter has-nested-images columns-default is-cropped\">\n<figure class=\"wp-block-image size-large\"><a href=\"https:\/\/www.luzeco.com\/es\/lamparas-colgantes-de-madera\/7972-lampara-colgante-madera-natural-eglo-glyneath-9002759438739.html\" target=\"_blank\" rel=\"noreferrer noopener\"><img decoding=\"async\" loading=\"lazy\" width=\"819\" height=\"1024\" data-id=\"967\"  src=\"https:\/\/www.luzeco.com\/blog\/wp-content\/uploads\/2023\/04\/43873_120_0001-819x1024.jpg\" alt=\"Tendencias en decoraci\u00f3n 2023 madera natural\" class=\"wp-image-967\" srcset=\"https:\/\/www.luzeco.com\/blog\/wp-content\/uploads\/2023\/04\/43873_120_0001-819x1024.jpg 819w, https:\/\/www.luzeco.com\/blog\/wp-content\/uploads\/2023\/04\/43873_120_0001-240x300.jpg 240w, https:\/\/www.luzeco.com\/blog\/wp-content\/uploads\/2023\/04\/43873_120_0001-768x960.jpg 768w, https:\/\/www.luzeco.com\/blog\/wp-content\/uploads\/2023\/04\/43873_120_0001-1229x1536.jpg 1229w, https:\/\/www.luzeco.com\/blog\/wp-content\/uploads\/2023\/04\/43873_120_0001-1638x2048.jpg 1638w, https:\/\/www.luzeco.com\/blog\/wp-content\/uploads\/2023\/04\/43873_120_0001-1140x1425.jpg 1140w, https:\/\/www.luzeco.com\/blog\/wp-content\/uploads\/2023\/04\/43873_120_0001-1920x2400.jpg 1920w, https:\/\/www.luzeco.com\/blog\/wp-content\/uploads\/2023\/04\/43873_120_0001.jpg 2000w\" sizes=\"(max-width: 819px) 100vw, 819px\" \/><\/a><\/figure>\n\n\n\n<figure class=\"wp-block-image size-large\"><a href=\"https:\/\/www.luzeco.com\/es\/lampara-interior\/6933-eglo-390065-orbetello-lampara-colgante-en-acero-9008606221264.html\" target=\"_blank\" rel=\"noreferrer noopener\"><img decoding=\"async\" loading=\"lazy\" width=\"682\" height=\"1024\" data-id=\"968\"  src=\"https:\/\/www.luzeco.com\/blog\/wp-content\/uploads\/2023\/04\/390065_120_0001-682x1024.jpg\" alt=\"Tendencias en decoraci\u00f3n 2023 color negro y belleza imperfecta\" class=\"wp-image-968\" srcset=\"https:\/\/www.luzeco.com\/blog\/wp-content\/uploads\/2023\/04\/390065_120_0001-682x1024.jpg 682w, https:\/\/www.luzeco.com\/blog\/wp-content\/uploads\/2023\/04\/390065_120_0001-200x300.jpg 200w, https:\/\/www.luzeco.com\/blog\/wp-content\/uploads\/2023\/04\/390065_120_0001-768x1152.jpg 768w, https:\/\/www.luzeco.com\/blog\/wp-content\/uploads\/2023\/04\/390065_120_0001-1024x1536.jpg 1024w, https:\/\/www.luzeco.com\/blog\/wp-content\/uploads\/2023\/04\/390065_120_0001-1365x2048.jpg 1365w, https:\/\/www.luzeco.com\/blog\/wp-content\/uploads\/2023\/04\/390065_120_0001-1140x1711.jpg 1140w, https:\/\/www.luzeco.com\/blog\/wp-content\/uploads\/2023\/04\/390065_120_0001.jpg 1666w\" sizes=\"(max-width: 682px) 100vw, 682px\" \/><\/a><\/figure>\n<\/figure>\n\n\n\n<h2>Larga vida a los colores neutros<\/h2>\n\n\n\n<p>Por ende, los colores protagonistas de este a\u00f1o seguir\u00e1n siendo los colores naturales, pero las tendencias en decoraci\u00f3n de este 2023 nos indican que el blanco se ir\u00e1 alejando del foco principal para dar cabida a nuevos colores.<\/p>\n\n\n\n<p>Los colores tendencia este a\u00f1o, sin restar importancia a tonos piedra y tierra, son sin duda los colores m\u00e1s oscuros como el negro, el marr\u00f3n&#8230; el blanco nuclear se destierra pero sus subtonos c\u00e1lidos se asientan con firmeza.<\/p>\n\n\n\n<figure class=\"is-layout-flex wp-block-gallery-3 wp-block-gallery aligncenter has-nested-images columns-default is-cropped\">\n<figure class=\"wp-block-image size-large\"><a href=\"https:\/\/www.luzeco.com\/es\/sobremesas-led\/7791-lampara-de-mesa-led-negra-minimalista-eglo-codriales-9008606241064.html\" target=\"_blank\" rel=\"noreferrer noopener\"><img decoding=\"async\" loading=\"lazy\" width=\"819\" height=\"1024\" data-id=\"969\"  src=\"https:\/\/www.luzeco.com\/blog\/wp-content\/uploads\/2023\/04\/900633_AMBIENT_0001-819x1024.jpg\" alt=\"Tendencias en decoraci\u00f3n 2023 funcionalidad y color negro\" class=\"wp-image-969\" srcset=\"https:\/\/www.luzeco.com\/blog\/wp-content\/uploads\/2023\/04\/900633_AMBIENT_0001-819x1024.jpg 819w, https:\/\/www.luzeco.com\/blog\/wp-content\/uploads\/2023\/04\/900633_AMBIENT_0001-240x300.jpg 240w, https:\/\/www.luzeco.com\/blog\/wp-content\/uploads\/2023\/04\/900633_AMBIENT_0001-768x960.jpg 768w, https:\/\/www.luzeco.com\/blog\/wp-content\/uploads\/2023\/04\/900633_AMBIENT_0001-1229x1536.jpg 1229w, https:\/\/www.luzeco.com\/blog\/wp-content\/uploads\/2023\/04\/900633_AMBIENT_0001-1638x2048.jpg 1638w, https:\/\/www.luzeco.com\/blog\/wp-content\/uploads\/2023\/04\/900633_AMBIENT_0001-1140x1425.jpg 1140w, https:\/\/www.luzeco.com\/blog\/wp-content\/uploads\/2023\/04\/900633_AMBIENT_0001-1920x2400.jpg 1920w, https:\/\/www.luzeco.com\/blog\/wp-content\/uploads\/2023\/04\/900633_AMBIENT_0001.jpg 2000w\" sizes=\"(max-width: 819px) 100vw, 819px\" \/><\/a><\/figure>\n\n\n\n<figure class=\"wp-block-image size-large\"><a href=\"https:\/\/www.luzeco.com\/es\/lamparas-colgantes\/7750-lampara-colgante-acero-negro-y-madera-%C3%B840-cm-eglo-sabinar-9008606235797.html\" target=\"_blank\" rel=\"noreferrer noopener\"><img decoding=\"async\" loading=\"lazy\" width=\"819\" height=\"1024\" data-id=\"970\"  src=\"https:\/\/www.luzeco.com\/blog\/wp-content\/uploads\/2023\/04\/900163_AMBIENT_0001-819x1024.jpg\" alt=\"color negro y forma org\u00e1nica\" class=\"wp-image-970\" srcset=\"https:\/\/www.luzeco.com\/blog\/wp-content\/uploads\/2023\/04\/900163_AMBIENT_0001-819x1024.jpg 819w, https:\/\/www.luzeco.com\/blog\/wp-content\/uploads\/2023\/04\/900163_AMBIENT_0001-240x300.jpg 240w, https:\/\/www.luzeco.com\/blog\/wp-content\/uploads\/2023\/04\/900163_AMBIENT_0001-768x960.jpg 768w, https:\/\/www.luzeco.com\/blog\/wp-content\/uploads\/2023\/04\/900163_AMBIENT_0001-1229x1536.jpg 1229w, https:\/\/www.luzeco.com\/blog\/wp-content\/uploads\/2023\/04\/900163_AMBIENT_0001-1638x2048.jpg 1638w, https:\/\/www.luzeco.com\/blog\/wp-content\/uploads\/2023\/04\/900163_AMBIENT_0001-1140x1425.jpg 1140w, https:\/\/www.luzeco.com\/blog\/wp-content\/uploads\/2023\/04\/900163_AMBIENT_0001-1920x2400.jpg 1920w, https:\/\/www.luzeco.com\/blog\/wp-content\/uploads\/2023\/04\/900163_AMBIENT_0001.jpg 2000w\" sizes=\"(max-width: 819px) 100vw, 819px\" \/><\/a><\/figure>\n<\/figure>\n\n\n\n<h2>Materiales naturales: madera, piedra, rafia&#8230;<\/h2>\n\n\n\n<p>Al hilo de lo comentado anteriormente, los materiales tendencia para este a\u00f1o 2023 siguen siendo materiales con poco tratamiento, naturales, de aspecto sencillo, y se introducen novedades: este a\u00f1o triunfan las maderas m\u00e1s oscuras como el nogal o la teca.<\/p>\n\n\n\n<p>La piedra como el m\u00e1rmol travertino, las rafias que dan un aspecto muy mediterr\u00e1neo o las plantas como elemento decorativo ser\u00e1n los verdaderos protagonistas este a\u00f1o.<\/p>\n\n\n\n<figure class=\"is-layout-flex wp-block-gallery-5 wp-block-gallery aligncenter has-nested-images columns-default is-cropped\">\n<figure class=\"wp-block-image size-large\"><a href=\"https:\/\/www.luzeco.com\/es\/lamparas-colgantes\/7817-lampara-colgante-3-luces-acero-beige-eglo-cambaito-9008606238927.html\" target=\"_blank\" rel=\"noreferrer noopener\"><img decoding=\"async\" loading=\"lazy\" width=\"724\" height=\"1024\" data-id=\"975\"  src=\"https:\/\/www.luzeco.com\/blog\/wp-content\/uploads\/2023\/04\/900143_AMBIENT_0001-724x1024.jpg\" alt=\"l\u00e1mpara colgante\" class=\"wp-image-975\" srcset=\"https:\/\/www.luzeco.com\/blog\/wp-content\/uploads\/2023\/04\/900143_AMBIENT_0001-724x1024.jpg 724w, https:\/\/www.luzeco.com\/blog\/wp-content\/uploads\/2023\/04\/900143_AMBIENT_0001-212x300.jpg 212w, https:\/\/www.luzeco.com\/blog\/wp-content\/uploads\/2023\/04\/900143_AMBIENT_0001-768x1086.jpg 768w, https:\/\/www.luzeco.com\/blog\/wp-content\/uploads\/2023\/04\/900143_AMBIENT_0001-1086x1536.jpg 1086w, https:\/\/www.luzeco.com\/blog\/wp-content\/uploads\/2023\/04\/900143_AMBIENT_0001-1448x2048.jpg 1448w, https:\/\/www.luzeco.com\/blog\/wp-content\/uploads\/2023\/04\/900143_AMBIENT_0001-1140x1612.jpg 1140w, https:\/\/www.luzeco.com\/blog\/wp-content\/uploads\/2023\/04\/900143_AMBIENT_0001.jpg 1768w\" sizes=\"(max-width: 724px) 100vw, 724px\" \/><\/a><\/figure>\n\n\n\n<figure class=\"wp-block-image size-large\"><a href=\"https:\/\/www.luzeco.com\/es\/lamparas-de-sobremesa\/8454-lampara-de-mesa-rattan-marron-eglo-paisano-9008606243440.html\" target=\"_blank\" rel=\"noreferrer noopener\"><img decoding=\"async\" loading=\"lazy\" width=\"500\" height=\"500\" data-id=\"973\"  src=\"https:\/\/www.luzeco.com\/blog\/wp-content\/uploads\/2023\/04\/390239_101_0001.png\" alt=\"Tendencias en decoraci\u00f3n 2023 materiales naturales\" class=\"wp-image-973\" srcset=\"https:\/\/www.luzeco.com\/blog\/wp-content\/uploads\/2023\/04\/390239_101_0001.png 500w, https:\/\/www.luzeco.com\/blog\/wp-content\/uploads\/2023\/04\/390239_101_0001-300x300.png 300w, https:\/\/www.luzeco.com\/blog\/wp-content\/uploads\/2023\/04\/390239_101_0001-150x150.png 150w, https:\/\/www.luzeco.com\/blog\/wp-content\/uploads\/2023\/04\/390239_101_0001-80x80.png 80w\" sizes=\"(max-width: 500px) 100vw, 500px\" \/><\/a><\/figure>\n<\/figure>\n\n\n\n<h2>Minimalismo, funcionalidad y sencillez<\/h2>\n\n\n\n<p>La oda a la naturaleza y a lo sencillo viene de la mano de la tecnolog\u00eda, puesto que a pesar de que las tendencias en decoraci\u00f3n este 2023 hablan de lo sencillo, org\u00e1nico y arm\u00f3nico, no dejamos de lado la funcionalidad y el avance que hemos conseguido hoy en d\u00eda en nuestros espacios.<\/p>\n\n\n\n<p>Gracias a ese af\u00e1n por conseguir ser m\u00e1s sostenibles, la tecnolog\u00eda juega un papel fundamental en nuestros hogares, dando un gran impulso a los objetos decorativos inteligentes como las l\u00e1mparas led y\/o l\u00e1mparas programables con sistemas que permitan ahorrar y gastar menos luz, como nuestras l\u00e1mparas <a href=\"https:\/\/www.luzeco.com\/es\/507-smart-home\" target=\"_blank\" rel=\"noreferrer noopener\">Smart Home<\/a>.<\/p>\n\n\n\n<figure class=\"is-layout-flex wp-block-gallery-7 wp-block-gallery aligncenter has-nested-images columns-default is-cropped\">\n<figure class=\"wp-block-image size-large\"><a href=\"https:\/\/www.luzeco.com\/es\/colgantes-led\/8345-lampara-colgante-2-luces-led-negro-eglo-panagria-9008606244249.html\" target=\"_blank\" rel=\"noreferrer noopener\"><img decoding=\"async\" loading=\"lazy\" width=\"724\" height=\"1024\" data-id=\"971\"  src=\"https:\/\/www.luzeco.com\/blog\/wp-content\/uploads\/2023\/04\/900489_120_01_V01-724x1024.jpg\" alt=\"Tendencias en decoraci\u00f3n 2023 funcionalidad\" class=\"wp-image-971\" srcset=\"https:\/\/www.luzeco.com\/blog\/wp-content\/uploads\/2023\/04\/900489_120_01_V01-724x1024.jpg 724w, https:\/\/www.luzeco.com\/blog\/wp-content\/uploads\/2023\/04\/900489_120_01_V01-212x300.jpg 212w, https:\/\/www.luzeco.com\/blog\/wp-content\/uploads\/2023\/04\/900489_120_01_V01-768x1087.jpg 768w, https:\/\/www.luzeco.com\/blog\/wp-content\/uploads\/2023\/04\/900489_120_01_V01-1086x1536.jpg 1086w, https:\/\/www.luzeco.com\/blog\/wp-content\/uploads\/2023\/04\/900489_120_01_V01-1448x2048.jpg 1448w, https:\/\/www.luzeco.com\/blog\/wp-content\/uploads\/2023\/04\/900489_120_01_V01-1140x1613.jpg 1140w, https:\/\/www.luzeco.com\/blog\/wp-content\/uploads\/2023\/04\/900489_120_01_V01.jpg 1767w\" sizes=\"(max-width: 724px) 100vw, 724px\" \/><\/a><\/figure>\n\n\n\n<figure class=\"wp-block-image size-large\"><a href=\"https:\/\/www.luzeco.com\/es\/plafones-led\/8367-plafon-led-alargado-madera-78-cm-eglo-tirrenara-9008606245024.html\" target=\"_blank\" rel=\"noreferrer noopener\"><img decoding=\"async\" loading=\"lazy\" width=\"724\" height=\"1024\" data-id=\"972\"  src=\"https:\/\/www.luzeco.com\/blog\/wp-content\/uploads\/2023\/04\/900604_120_01_V01-724x1024.jpg\" alt=\"l\u00e1mpara inteligente\" class=\"wp-image-972\" srcset=\"https:\/\/www.luzeco.com\/blog\/wp-content\/uploads\/2023\/04\/900604_120_01_V01-724x1024.jpg 724w, https:\/\/www.luzeco.com\/blog\/wp-content\/uploads\/2023\/04\/900604_120_01_V01-212x300.jpg 212w, https:\/\/www.luzeco.com\/blog\/wp-content\/uploads\/2023\/04\/900604_120_01_V01-768x1087.jpg 768w, https:\/\/www.luzeco.com\/blog\/wp-content\/uploads\/2023\/04\/900604_120_01_V01-1086x1536.jpg 1086w, https:\/\/www.luzeco.com\/blog\/wp-content\/uploads\/2023\/04\/900604_120_01_V01-1448x2048.jpg 1448w, https:\/\/www.luzeco.com\/blog\/wp-content\/uploads\/2023\/04\/900604_120_01_V01-1140x1613.jpg 1140w, https:\/\/www.luzeco.com\/blog\/wp-content\/uploads\/2023\/04\/900604_120_01_V01.jpg 1767w\" sizes=\"(max-width: 724px) 100vw, 724px\" \/><\/a><\/figure>\n<\/figure>\n\n\n\n<p>Este a\u00f1o por fin hemos visto un giro m\u00e1s \u00abradical\u00bb a las tendencias en decoraci\u00f3n que ve\u00edamos estos \u00faltimos tiempos.<\/p>\n\n\n\n<p>Nos encanta esta nueva forma de decorar, redecorar y vestir tu hogar para este 2023 y sin duda hemos escogido novedades en esta l\u00ednea para que tu hogar se vista con lo mejor.<\/p>\n\n\n\n<p>\u00bfTe gustan estas tendencias! \u00a1Queremos leerte!<\/p>\n\n\n\n<p><\/p>\n\n\n\n<p>Luzeco Lighting<\/p>\n","protected":false},"excerpt":{"rendered":"<p>Las tendencias son siempre el acierto seguro para coger ideas a la hora de decorar tu hogar y, este a\u00f1o, las tendencias en decoraci\u00f3n son muy acertadas y f\u00e1ciles de aplicar. Te desvelamos las l\u00edneas m\u00e1s importantes que est\u00e1n pegando fuerte en el sector de la decoraci\u00f3n para que tu hogar est\u00e9 vestido con lo m\u00e1s in del momento. \u00a1Toma nota! La naturaleza: la gran protagonista de las tendencias en decoraci\u00f3n 2023 Desde hace algunos a\u00f1os hemos estado viendo c\u00f3mo la madera natural y las l\u00edneas naturales, m\u00e1s arm\u00f3nicas, vienen pisando fuerte en t\u00e9rminos de decoraci\u00f3n y accesorios para el hogar. Este a\u00f1o se impone con gran fuerza este estilo decorativo: formas org\u00e1nicas, materiales vegetales o estampados del mismo tipo. El hecho de que la naturaleza sea cada vez m\u00e1s la gran protagonista en el [&hellip;]<\/p>\n","protected":false},"author":1,"featured_media":976,"comment_status":"closed","ping_status":"open","sticky":false,"template":"","format":"standard","meta":[],"categories":[8],"tags":[43,40,42,41],"yoast_head":"<!-- This site is optimized with the Yoast SEO plugin v19.14 - https:\/\/yoast.com\/wordpress\/plugins\/seo\/ -->\n<title>Tendencias en decoraci\u00f3n 2023 - Blog LUZECO<\/title>\n<meta name=\"description\" content=\"Te desvelamos las tendencias en decoraci\u00f3n 2023 m\u00e1s importantes que est\u00e1n pegando fuerte en el sector para tu hogar...\" \/>\n<meta name=\"robots\" content=\"index, follow, max-snippet:-1, max-image-preview:large, max-video-preview:-1\" \/>\n<link rel=\"canonical\" href=\"https:\/\/www.luzeco.com\/blog\/tendencias-en-decoracion-2023\/\" \/>\n<meta property=\"og:locale\" content=\"es_ES\" \/>\n<meta property=\"og:type\" content=\"article\" \/>\n<meta property=\"og:title\" content=\"Tendencias en decoraci\u00f3n 2023 - Blog LUZECO\" \/>\n<meta property=\"og:description\" content=\"Te desvelamos las tendencias en decoraci\u00f3n 2023 m\u00e1s importantes que est\u00e1n pegando fuerte en el sector para tu hogar...\" \/>\n<meta property=\"og:url\" content=\"https:\/\/www.luzeco.com\/blog\/tendencias-en-decoracion-2023\/\" \/>\n<meta property=\"og:site_name\" content=\"Blog LUZECO\" \/>\n<meta property=\"article:published_time\" content=\"2023-04-24T11:51:48+00:00\" \/>\n<meta property=\"article:modified_time\" content=\"2023-04-24T11:51:49+00:00\" \/>\n<meta property=\"og:image\" content=\"https:\/\/www.luzeco.com\/blog\/wp-content\/uploads\/2023\/04\/900635_120_01_V01.jpg\" \/>\n\t<meta property=\"og:image:width\" content=\"2500\" \/>\n\t<meta property=\"og:image:height\" content=\"2249\" \/>\n\t<meta property=\"og:image:type\" content=\"image\/jpeg\" \/>\n<meta name=\"author\" content=\"luzeco\" \/>\n<meta name=\"twitter:card\" content=\"summary_large_image\" \/>\n<meta name=\"twitter:label1\" content=\"Escrito por\" \/>\n\t<meta name=\"twitter:data1\" content=\"luzeco\" \/>\n\t<meta name=\"twitter:label2\" content=\"Tiempo de lectura\" \/>\n\t<meta name=\"twitter:data2\" content=\"4 minutos\" \/>\n<script type=\"application\/ld+json\" class=\"yoast-schema-graph\">{\"@context\":\"https:\/\/schema.org\",\"@graph\":[{\"@type\":\"Article\",\"@id\":\"https:\/\/www.luzeco.com\/blog\/tendencias-en-decoracion-2023\/#article\",\"isPartOf\":{\"@id\":\"https:\/\/www.luzeco.com\/blog\/tendencias-en-decoracion-2023\/\"},\"author\":{\"name\":\"luzeco\",\"@id\":\"https:\/\/www.luzeco.com\/blog\/#\/schema\/person\/1fcf316166a5c59805f56fcacd66f42a\"},\"headline\":\"Tendencias en decoraci\u00f3n 2023\",\"datePublished\":\"2023-04-24T11:51:48+00:00\",\"dateModified\":\"2023-04-24T11:51:49+00:00\",\"mainEntityOfPage\":{\"@id\":\"https:\/\/www.luzeco.com\/blog\/tendencias-en-decoracion-2023\/\"},\"wordCount\":534,\"publisher\":{\"@id\":\"https:\/\/www.luzeco.com\/blog\/#organization\"},\"keywords\":[\"consejos de decoraci\u00f3n\",\"decoraci\u00f3n\",\"decoraci\u00f3n 2023\",\"tendencias en decoraci\u00f3n\"],\"articleSection\":[\"Decoraci\u00f3n\"],\"inLanguage\":\"es\"},{\"@type\":\"WebPage\",\"@id\":\"https:\/\/www.luzeco.com\/blog\/tendencias-en-decoracion-2023\/\",\"url\":\"https:\/\/www.luzeco.com\/blog\/tendencias-en-decoracion-2023\/\",\"name\":\"Tendencias en decoraci\u00f3n 2023 - Blog LUZECO\",\"isPartOf\":{\"@id\":\"https:\/\/www.luzeco.com\/blog\/#website\"},\"datePublished\":\"2023-04-24T11:51:48+00:00\",\"dateModified\":\"2023-04-24T11:51:49+00:00\",\"description\":\"Te desvelamos las tendencias en decoraci\u00f3n 2023 m\u00e1s importantes que est\u00e1n pegando fuerte en el sector para tu hogar...\",\"breadcrumb\":{\"@id\":\"https:\/\/www.luzeco.com\/blog\/tendencias-en-decoracion-2023\/#breadcrumb\"},\"inLanguage\":\"es\",\"potentialAction\":[{\"@type\":\"ReadAction\",\"target\":[\"https:\/\/www.luzeco.com\/blog\/tendencias-en-decoracion-2023\/\"]}]},{\"@type\":\"BreadcrumbList\",\"@id\":\"https:\/\/www.luzeco.com\/blog\/tendencias-en-decoracion-2023\/#breadcrumb\",\"itemListElement\":[{\"@type\":\"ListItem\",\"position\":1,\"name\":\"Home\",\"item\":\"https:\/\/www.luzeco.com\/blog\/\"},{\"@type\":\"ListItem\",\"position\":2,\"name\":\"Tendencias en decoraci\u00f3n 2023\"}]},{\"@type\":\"WebSite\",\"@id\":\"https:\/\/www.luzeco.com\/blog\/#website\",\"url\":\"https:\/\/www.luzeco.com\/blog\/\",\"name\":\"Blog LUZECO\",\"description\":\"L\u00edder en iluminaci\u00f3n y decoraci\u00f3n\",\"publisher\":{\"@id\":\"https:\/\/www.luzeco.com\/blog\/#organization\"},\"potentialAction\":[{\"@type\":\"SearchAction\",\"target\":{\"@type\":\"EntryPoint\",\"urlTemplate\":\"https:\/\/www.luzeco.com\/blog\/?s={search_term_string}\"},\"query-input\":\"required name=search_term_string\"}],\"inLanguage\":\"es\"},{\"@type\":\"Organization\",\"@id\":\"https:\/\/www.luzeco.com\/blog\/#organization\",\"name\":\"LUZECO LIGHTING\",\"url\":\"https:\/\/www.luzeco.com\/blog\/\",\"logo\":{\"@type\":\"ImageObject\",\"inLanguage\":\"es\",\"@id\":\"https:\/\/www.luzeco.com\/blog\/#\/schema\/logo\/image\/\",\"url\":\"https:\/\/www.luzeco.com\/blog\/wp-content\/uploads\/2020\/09\/cropped-luzeco-icono.png\",\"contentUrl\":\"https:\/\/www.luzeco.com\/blog\/wp-content\/uploads\/2020\/09\/cropped-luzeco-icono.png\",\"width\":512,\"height\":512,\"caption\":\"LUZECO LIGHTING\"},\"image\":{\"@id\":\"https:\/\/www.luzeco.com\/blog\/#\/schema\/logo\/image\/\"}},{\"@type\":\"Person\",\"@id\":\"https:\/\/www.luzeco.com\/blog\/#\/schema\/person\/1fcf316166a5c59805f56fcacd66f42a\",\"name\":\"luzeco\",\"image\":{\"@type\":\"ImageObject\",\"inLanguage\":\"es\",\"@id\":\"https:\/\/www.luzeco.com\/blog\/#\/schema\/person\/image\/\",\"url\":\"https:\/\/secure.gravatar.com\/avatar\/50258ce9bf6774e06410b8db81d34f8a?s=96&d=mm&r=g\",\"contentUrl\":\"https:\/\/secure.gravatar.com\/avatar\/50258ce9bf6774e06410b8db81d34f8a?s=96&d=mm&r=g\",\"caption\":\"luzeco\"},\"sameAs\":[\"https:\/\/www.luzeco.com\/blog\"],\"url\":\"https:\/\/www.luzeco.com\/blog\/author\/luzeco\/\"}]}<\/script>\n<!-- \/ Yoast SEO plugin. -->","yoast_head_json":{"title":"Tendencias en decoraci\u00f3n 2023 - Blog LUZECO","description":"Te desvelamos las tendencias en decoraci\u00f3n 2023 m\u00e1s importantes que est\u00e1n pegando fuerte en el sector para tu hogar...","robots":{"index":"index","follow":"follow","max-snippet":"max-snippet:-1","max-image-preview":"max-image-preview:large","max-video-preview":"max-video-preview:-1"},"canonical":"https:\/\/www.luzeco.com\/blog\/tendencias-en-decoracion-2023\/","og_locale":"es_ES","og_type":"article","og_title":"Tendencias en decoraci\u00f3n 2023 - Blog LUZECO","og_description":"Te desvelamos las tendencias en decoraci\u00f3n 2023 m\u00e1s importantes que est\u00e1n pegando fuerte en el sector para tu hogar...","og_url":"https:\/\/www.luzeco.com\/blog\/tendencias-en-decoracion-2023\/","og_site_name":"Blog LUZECO","article_published_time":"2023-04-24T11:51:48+00:00","article_modified_time":"2023-04-24T11:51:49+00:00","og_image":[{"width":2500,"height":2249,"url":"https:\/\/www.luzeco.com\/blog\/wp-content\/uploads\/2023\/04\/900635_120_01_V01.jpg","type":"image\/jpeg"}],"author":"luzeco","twitter_card":"summary_large_image","twitter_misc":{"Escrito por":"luzeco","Tiempo de lectura":"4 minutos"},"schema":{"@context":"https:\/\/schema.org","@graph":[{"@type":"Article","@id":"https:\/\/www.luzeco.com\/blog\/tendencias-en-decoracion-2023\/#article","isPartOf":{"@id":"https:\/\/www.luzeco.com\/blog\/tendencias-en-decoracion-2023\/"},"author":{"name":"luzeco","@id":"https:\/\/www.luzeco.com\/blog\/#\/schema\/person\/1fcf316166a5c59805f56fcacd66f42a"},"headline":"Tendencias en decoraci\u00f3n 2023","datePublished":"2023-04-24T11:51:48+00:00","dateModified":"2023-04-24T11:51:49+00:00","mainEntityOfPage":{"@id":"https:\/\/www.luzeco.com\/blog\/tendencias-en-decoracion-2023\/"},"wordCount":534,"publisher":{"@id":"https:\/\/www.luzeco.com\/blog\/#organization"},"keywords":["consejos de decoraci\u00f3n","decoraci\u00f3n","decoraci\u00f3n 2023","tendencias en decoraci\u00f3n"],"articleSection":["Decoraci\u00f3n"],"inLanguage":"es"},{"@type":"WebPage","@id":"https:\/\/www.luzeco.com\/blog\/tendencias-en-decoracion-2023\/","url":"https:\/\/www.luzeco.com\/blog\/tendencias-en-decoracion-2023\/","name":"Tendencias en decoraci\u00f3n 2023 - Blog LUZECO","isPartOf":{"@id":"https:\/\/www.luzeco.com\/blog\/#website"},"datePublished":"2023-04-24T11:51:48+00:00","dateModified":"2023-04-24T11:51:49+00:00","description":"Te desvelamos las tendencias en decoraci\u00f3n 2023 m\u00e1s importantes que est\u00e1n pegando fuerte en el sector para tu hogar...","breadcrumb":{"@id":"https:\/\/www.luzeco.com\/blog\/tendencias-en-decoracion-2023\/#breadcrumb"},"inLanguage":"es","potentialAction":[{"@type":"ReadAction","target":["https:\/\/www.luzeco.com\/blog\/tendencias-en-decoracion-2023\/"]}]},{"@type":"BreadcrumbList","@id":"https:\/\/www.luzeco.com\/blog\/tendencias-en-decoracion-2023\/#breadcrumb","itemListElement":[{"@type":"ListItem","position":1,"name":"Home","item":"https:\/\/www.luzeco.com\/blog\/"},{"@type":"ListItem","position":2,"name":"Tendencias en decoraci\u00f3n 2023"}]},{"@type":"WebSite","@id":"https:\/\/www.luzeco.com\/blog\/#website","url":"https:\/\/www.luzeco.com\/blog\/","name":"Blog LUZECO","description":"L\u00edder en iluminaci\u00f3n y decoraci\u00f3n","publisher":{"@id":"https:\/\/www.luzeco.com\/blog\/#organization"},"potentialAction":[{"@type":"SearchAction","target":{"@type":"EntryPoint","urlTemplate":"https:\/\/www.luzeco.com\/blog\/?s={search_term_string}"},"query-input":"required name=search_term_string"}],"inLanguage":"es"},{"@type":"Organization","@id":"https:\/\/www.luzeco.com\/blog\/#organization","name":"LUZECO LIGHTING","url":"https:\/\/www.luzeco.com\/blog\/","logo":{"@type":"ImageObject","inLanguage":"es","@id":"https:\/\/www.luzeco.com\/blog\/#\/schema\/logo\/image\/","url":"https:\/\/www.luzeco.com\/blog\/wp-content\/uploads\/2020\/09\/cropped-luzeco-icono.png","contentUrl":"https:\/\/www.luzeco.com\/blog\/wp-content\/uploads\/2020\/09\/cropped-luzeco-icono.png","width":512,"height":512,"caption":"LUZECO LIGHTING"},"image":{"@id":"https:\/\/www.luzeco.com\/blog\/#\/schema\/logo\/image\/"}},{"@type":"Person","@id":"https:\/\/www.luzeco.com\/blog\/#\/schema\/person\/1fcf316166a5c59805f56fcacd66f42a","name":"luzeco","image":{"@type":"ImageObject","inLanguage":"es","@id":"https:\/\/www.luzeco.com\/blog\/#\/schema\/person\/image\/","url":"https:\/\/secure.gravatar.com\/avatar\/50258ce9bf6774e06410b8db81d34f8a?s=96&d=mm&r=g","contentUrl":"https:\/\/secure.gravatar.com\/avatar\/50258ce9bf6774e06410b8db81d34f8a?s=96&d=mm&r=g","caption":"luzeco"},"sameAs":["https:\/\/www.luzeco.com\/blog"],"url":"https:\/\/www.luzeco.com\/blog\/author\/luzeco\/"}]}},"_links":{"self":[{"href":"https:\/\/www.luzeco.com\/blog\/wp-json\/wp\/v2\/posts\/966"}],"collection":[{"href":"https:\/\/www.luzeco.com\/blog\/wp-json\/wp\/v2\/posts"}],"about":[{"href":"https:\/\/www.luzeco.com\/blog\/wp-json\/wp\/v2\/types\/post"}],"author":[{"embeddable":true,"href":"https:\/\/www.luzeco.com\/blog\/wp-json\/wp\/v2\/users\/1"}],"replies":[{"embeddable":true,"href":"https:\/\/www.luzeco.com\/blog\/wp-json\/wp\/v2\/comments?post=966"}],"version-history":[{"count":4,"href":"https:\/\/www.luzeco.com\/blog\/wp-json\/wp\/v2\/posts\/966\/revisions"}],"predecessor-version":[{"id":980,"href":"https:\/\/www.luzeco.com\/blog\/wp-json\/wp\/v2\/posts\/966\/revisions\/980"}],"wp:featuredmedia":[{"embeddable":true,"href":"https:\/\/www.luzeco.com\/blog\/wp-json\/wp\/v2\/media\/976"}],"wp:attachment":[{"href":"https:\/\/www.luzeco.com\/blog\/wp-json\/wp\/v2\/media?parent=966"}],"wp:term":[{"taxonomy":"category","embeddable":true,"href":"https:\/\/www.luzeco.com\/blog\/wp-json\/wp\/v2\/categories?post=966"},{"taxonomy":"post_tag","embeddable":true,"href":"https:\/\/www.luzeco.com\/blog\/wp-json\/wp\/v2\/tags?post=966"}],"curies":[{"name":"wp","href":"https:\/\/api.w.org\/{rel}","templated":true}]}}