{"id":96,"date":"2020-09-07T17:00:00","date_gmt":"2020-09-07T17:00:00","guid":{"rendered":"https:\/\/www.luzeco.com\/blog\/?p=96"},"modified":"2022-02-09T15:35:03","modified_gmt":"2022-02-09T15:35:03","slug":"iluminacion-padre-no-hay-mas-que-uno","status":"publish","type":"post","link":"https:\/\/www.luzeco.com\/blog\/iluminacion-padre-no-hay-mas-que-uno\/","title":{"rendered":"Nuestras l\u00e1mparas aparecen en \u00abPadre no hay m\u00e1s que uno 2\u00bb"},"content":{"rendered":"\n<p>Santiago Segura est\u00e1 de estreno y nosotros tenemos la suerte de decir que nuestras luminarias aparecen en el escenario principal de la pel\u00edcula \u201cPadre no hay m\u00e1s que uno 2\u201d.<\/p>\n\n\n\n<p>\u00a1No te asustes! Nuestras l\u00e1mparas son muy econ\u00f3micas y t\u00fa tambi\u00e9n podr\u00e1s decorar tu hogar con ellas.<\/p>\n\n\n\n<p>Tres son los modelos que el director de Torrente ha elegido para dise\u00f1ar el hogar donde viven Javier, Marisa y sus cinco hijos. Un hogar de lo m\u00e1s acogedor donde cualquiera de nosotros podr\u00edamos vivir. \u00bfTe animas a decorar tu casa como ello? \u00a1Sigue leyendo!<\/p>\n\n\n\n<div class=\"wp-block-image\"><figure class=\"aligncenter size-large\"><img decoding=\"async\" loading=\"lazy\" width=\"1024\" height=\"559\" src=\"https:\/\/www.luzeco.com\/blog\/wp-content\/uploads\/2020\/08\/ilumiancion-pelicula-padre-no-hay-mas-que-uno-1024x559.jpg\" alt=\"\" class=\"wp-image-101\" srcset=\"https:\/\/www.luzeco.com\/blog\/wp-content\/uploads\/2020\/08\/ilumiancion-pelicula-padre-no-hay-mas-que-uno-1024x559.jpg 1024w, https:\/\/www.luzeco.com\/blog\/wp-content\/uploads\/2020\/08\/ilumiancion-pelicula-padre-no-hay-mas-que-uno-300x164.jpg 300w, https:\/\/www.luzeco.com\/blog\/wp-content\/uploads\/2020\/08\/ilumiancion-pelicula-padre-no-hay-mas-que-uno-768x419.jpg 768w, https:\/\/www.luzeco.com\/blog\/wp-content\/uploads\/2020\/08\/ilumiancion-pelicula-padre-no-hay-mas-que-uno.jpg 1100w\" sizes=\"(max-width: 1024px) 100vw, 1024px\" \/><\/figure><\/div>\n\n\n\n<p>La primera luminaria de la que vamos a hablar es de la <a href=\"https:\/\/www.luzeco.com\/es\/ofertas\/1291-eglo-94324-lantada-lampara-de-pie-en-madera-acero-y-textil-9002759943240.html\" target=\"_blank\" rel=\"noreferrer noopener\">l\u00e1mpara de pie LANTADA<\/a>. En la pel\u00edcula aparece en el sal\u00f3n en color madera natural y pantalla de color beige, pero tambi\u00e9n est\u00e1 disponible en color avellana y gris pardo.<\/p>\n\n\n\n<p>Este tipo de l\u00e1mparas de pie es ideal para iluminar nuestro sal\u00f3n. A nosotros nos encanta ponerla en las esquinas de nuestras estancias para poder darle un punto de luz y que lo haga m\u00e1s acogedor. Adem\u00e1s, es perfecta para ponerla cerca de nuestro sof\u00e1 para iluminar la zona de descanso. \u00bfQu\u00e9 te parece?<\/p>\n\n\n\n<div class=\"is-layout-flex wp-container-3 wp-block-columns\">\n<div class=\"is-layout-flow wp-block-column\">\n<div class=\"wp-block-image\"><figure class=\"aligncenter size-large\"><img decoding=\"async\" loading=\"lazy\" width=\"550\" height=\"755\" src=\"https:\/\/www.luzeco.com\/blog\/wp-content\/uploads\/2020\/03\/iluminacion-hogar-rinconera.jpg\" alt=\"lampara de pie \" class=\"wp-image-49\" srcset=\"https:\/\/www.luzeco.com\/blog\/wp-content\/uploads\/2020\/03\/iluminacion-hogar-rinconera.jpg 550w, https:\/\/www.luzeco.com\/blog\/wp-content\/uploads\/2020\/03\/iluminacion-hogar-rinconera-219x300.jpg 219w\" sizes=\"(max-width: 550px) 100vw, 550px\" \/><\/figure><\/div>\n\n\n\n<p><\/p>\n<\/div>\n\n\n\n<div class=\"is-layout-flow wp-block-column\">\n<figure class=\"wp-block-image size-large\"><img decoding=\"async\" loading=\"lazy\" width=\"550\" height=\"755\" src=\"https:\/\/www.luzeco.com\/blog\/wp-content\/uploads\/2020\/08\/lamapara-de-pie-lantada.jpg\" alt=\"\" class=\"wp-image-114\" srcset=\"https:\/\/www.luzeco.com\/blog\/wp-content\/uploads\/2020\/08\/lamapara-de-pie-lantada.jpg 550w, https:\/\/www.luzeco.com\/blog\/wp-content\/uploads\/2020\/08\/lamapara-de-pie-lantada-219x300.jpg 219w\" sizes=\"(max-width: 550px) 100vw, 550px\" \/><\/figure>\n<\/div>\n<\/div>\n\n\n\n<p>Otro de los rincones donde Segura ha utilizado nuestras l\u00e1mparas ha sido en la zona del comedor. Carlos Gonz\u00e1lez, el actor que interpreta a Dani, hace su aparici\u00f3n disfrazado de superh\u00e9roe y ah\u00ed podemos ver a la incre\u00edble VALLASPRA. Una elegante <a href=\"https:\/\/www.luzeco.com\/es\/ofertas\/2234-eglo-97793-vallaspra-lampara-colgante-en-acero-y-vidrio-opalino-mate-9002759977931.html\">l\u00e1mpara colgante de acero en color champ\u00e1n<\/a> con cuatro globos en vidrio blanco.<\/p>\n\n\n\n<figure class=\"wp-block-image size-large\"><a href=\"https:\/\/www.luzeco.com\/es\/content\/33-descuentos-lamparas-iluminacion-eglo\"><img decoding=\"async\" loading=\"lazy\" width=\"1024\" height=\"244\" src=\"https:\/\/www.luzeco.com\/blog\/wp-content\/uploads\/2020\/05\/promociones-iluminacion-1024x244.jpg\" alt=\"promociones iluminaci\u00f3n\" class=\"wp-image-424\" srcset=\"https:\/\/www.luzeco.com\/blog\/wp-content\/uploads\/2020\/05\/promociones-iluminacion-1024x244.jpg 1024w, https:\/\/www.luzeco.com\/blog\/wp-content\/uploads\/2020\/05\/promociones-iluminacion-300x72.jpg 300w, https:\/\/www.luzeco.com\/blog\/wp-content\/uploads\/2020\/05\/promociones-iluminacion-768x183.jpg 768w, https:\/\/www.luzeco.com\/blog\/wp-content\/uploads\/2020\/05\/promociones-iluminacion-1140x272.jpg 1140w, https:\/\/www.luzeco.com\/blog\/wp-content\/uploads\/2020\/05\/promociones-iluminacion.jpg 1200w\" sizes=\"(max-width: 1024px) 100vw, 1024px\" \/><\/a><\/figure>\n\n\n\n<p>La <a href=\"https:\/\/www.luzeco.com\/es\/busqueda?controller=search&amp;s=vallaspra\">colecci\u00f3n VALLASPRA<\/a> cuenta con una l\u00e1mpara de mesa y tres l\u00e1mparas de techo, con uno, dos o cuatro puntos de luz. As\u00ed que, si este dise\u00f1o te ha gustado podr\u00e1s elegirlo en diferentes formatos, como mejor se adapte a tu sal\u00f3n.<\/p>\n\n\n\n<p>Segura no pod\u00eda haber elegido mejor y ha dejado un sal\u00f3n-comedor de lo m\u00e1s acogedor. \u00bfA ti que te parece?<\/p>\n\n\n\n<div class=\"wp-block-image\"><figure class=\"aligncenter size-large\"><img decoding=\"async\" loading=\"lazy\" width=\"1024\" height=\"559\" src=\"https:\/\/www.luzeco.com\/blog\/wp-content\/uploads\/2020\/08\/ilumiancion-eglo-pelicula-padre-no-hay-mas-que-uno-1024x559.jpg\" alt=\"\" class=\"wp-image-100\" srcset=\"https:\/\/www.luzeco.com\/blog\/wp-content\/uploads\/2020\/08\/ilumiancion-eglo-pelicula-padre-no-hay-mas-que-uno-1024x559.jpg 1024w, https:\/\/www.luzeco.com\/blog\/wp-content\/uploads\/2020\/08\/ilumiancion-eglo-pelicula-padre-no-hay-mas-que-uno-300x164.jpg 300w, https:\/\/www.luzeco.com\/blog\/wp-content\/uploads\/2020\/08\/ilumiancion-eglo-pelicula-padre-no-hay-mas-que-uno-768x419.jpg 768w, https:\/\/www.luzeco.com\/blog\/wp-content\/uploads\/2020\/08\/ilumiancion-eglo-pelicula-padre-no-hay-mas-que-uno.jpg 1100w\" sizes=\"(max-width: 1024px) 100vw, 1024px\" \/><\/figure><\/div>\n\n\n\n<p>Otro de los rincones donde el director ha utilizado nuestras luminarias es en la cocina. Para ello, ha elegido un modelo mucho m\u00e1s moderno, la <a href=\"https:\/\/www.luzeco.com\/es\/todo-salon\/621-eglo-49026-carlton-p-lampara-colgante-en-acero-9002759490263.html\">l\u00e1mpara colgante CARLTON<\/a> destaca por sus formas geom\u00e9tricas y sus tonos color verde pastel.<\/p>\n\n\n\n<p>Este modelo est\u00e1 disponible en diferentes colores y formatos. Lo mejor de la <a rel=\"noreferrer noopener\" href=\"https:\/\/www.luzeco.com\/es\/busqueda?controller=search&amp;s=carlton\" target=\"_blank\">col<\/a><a href=\"https:\/\/www.luzeco.com\/es\/content\/24-coleccion-carlton-de-eglo\">ecci\u00f3n CARLTON<\/a> es que puedes decorar tu sal\u00f3n-cocina al completo, ya que el mismo dise\u00f1o est\u00e1 disponible en diferentes formatos como l\u00e1mpara de mesa, de pie.<\/p>\n\n\n\n<div class=\"wp-block-image\"><figure class=\"aligncenter size-large\"><img decoding=\"async\" loading=\"lazy\" width=\"1024\" height=\"559\" src=\"https:\/\/www.luzeco.com\/blog\/wp-content\/uploads\/2020\/08\/ilumiancion-pelicula-padre-no-hay-mas-que-uno-eglo-1024x559.jpg\" alt=\"iluminci\u00f3n cine\" class=\"wp-image-102\" srcset=\"https:\/\/www.luzeco.com\/blog\/wp-content\/uploads\/2020\/08\/ilumiancion-pelicula-padre-no-hay-mas-que-uno-eglo-1024x559.jpg 1024w, https:\/\/www.luzeco.com\/blog\/wp-content\/uploads\/2020\/08\/ilumiancion-pelicula-padre-no-hay-mas-que-uno-eglo-300x164.jpg 300w, https:\/\/www.luzeco.com\/blog\/wp-content\/uploads\/2020\/08\/ilumiancion-pelicula-padre-no-hay-mas-que-uno-eglo-768x419.jpg 768w, https:\/\/www.luzeco.com\/blog\/wp-content\/uploads\/2020\/08\/ilumiancion-pelicula-padre-no-hay-mas-que-uno-eglo.jpg 1100w\" sizes=\"(max-width: 1024px) 100vw, 1024px\" \/><\/figure><\/div>\n\n\n\n<p>Si a\u00fan no has visto la pel\u00edcula, te dejamos el tr\u00e1iler para que te animes a verla y para que veas en vivo nuestras l\u00e1mparas.<\/p>\n\n\n\n<figure class=\"wp-block-embed is-type-video is-provider-youtube wp-block-embed-youtube wp-embed-aspect-16-9 wp-has-aspect-ratio\"><div class=\"wp-block-embed__wrapper\">\n<iframe loading=\"lazy\" title=\"PADRE NO HAY M\u00c1S QUE UNO 2. Avance de 2 minutos. Ya en cines.\" width=\"1140\" height=\"641\" src=\"https:\/\/www.youtube.com\/embed\/CEWYmXv9RKE?feature=oembed\" frameborder=\"0\" allow=\"accelerometer; autoplay; clipboard-write; encrypted-media; gyroscope; picture-in-picture\" allowfullscreen><\/iframe>\n<\/div><\/figure>\n","protected":false},"excerpt":{"rendered":"<p>Santiago Segura est\u00e1 de estreno y nosotros tenemos la suerte de decir que nuestras luminarias aparecen en el escenario principal de la pel\u00edcula \u201cPadre no hay m\u00e1s que uno 2\u201d. \u00a1No te asustes! Nuestras l\u00e1mparas son muy econ\u00f3micas y t\u00fa tambi\u00e9n podr\u00e1s decorar tu hogar con ellas. Tres son los modelos que el director de Torrente ha elegido para dise\u00f1ar el hogar donde viven Javier, Marisa y sus cinco hijos. Un hogar de lo m\u00e1s acogedor donde cualquiera de nosotros podr\u00edamos vivir. \u00bfTe animas a decorar tu casa como ello? \u00a1Sigue leyendo! La primera luminaria de la que vamos a hablar es de la l\u00e1mpara de pie LANTADA. En la pel\u00edcula aparece en el sal\u00f3n en color madera natural y pantalla de color beige, pero tambi\u00e9n est\u00e1 disponible en color avellana y gris pardo. Este [&hellip;]<\/p>\n","protected":false},"author":1,"featured_media":97,"comment_status":"closed","ping_status":"open","sticky":false,"template":"","format":"standard","meta":[],"categories":[9],"tags":[],"yoast_head":"<!-- This site is optimized with the Yoast SEO plugin v19.14 - https:\/\/yoast.com\/wordpress\/plugins\/seo\/ -->\n<title>Nuestras l\u00e1mparas aparecen en &quot;Padre no hay m\u00e1s que uno 2&quot; - Blog LUZECO<\/title>\n<meta name=\"robots\" content=\"index, follow, max-snippet:-1, max-image-preview:large, max-video-preview:-1\" \/>\n<link rel=\"canonical\" href=\"https:\/\/www.luzeco.com\/blog\/iluminacion-padre-no-hay-mas-que-uno\/\" \/>\n<meta property=\"og:locale\" content=\"es_ES\" \/>\n<meta property=\"og:type\" content=\"article\" \/>\n<meta property=\"og:title\" content=\"Nuestras l\u00e1mparas aparecen en &quot;Padre no hay m\u00e1s que uno 2&quot; - Blog LUZECO\" \/>\n<meta property=\"og:description\" content=\"Santiago Segura est\u00e1 de estreno y nosotros tenemos la suerte de decir que nuestras luminarias aparecen en el escenario principal de la pel\u00edcula \u201cPadre no hay m\u00e1s que uno 2\u201d. \u00a1No te asustes! Nuestras l\u00e1mparas son muy econ\u00f3micas y t\u00fa tambi\u00e9n podr\u00e1s decorar tu hogar con ellas. Tres son los modelos que el director de Torrente ha elegido para dise\u00f1ar el hogar donde viven Javier, Marisa y sus cinco hijos. Un hogar de lo m\u00e1s acogedor donde cualquiera de nosotros podr\u00edamos vivir. \u00bfTe animas a decorar tu casa como ello? \u00a1Sigue leyendo! La primera luminaria de la que vamos a hablar es de la l\u00e1mpara de pie LANTADA. En la pel\u00edcula aparece en el sal\u00f3n en color madera natural y pantalla de color beige, pero tambi\u00e9n est\u00e1 disponible en color avellana y gris pardo. Este [&hellip;]\" \/>\n<meta property=\"og:url\" content=\"https:\/\/www.luzeco.com\/blog\/iluminacion-padre-no-hay-mas-que-uno\/\" \/>\n<meta property=\"og:site_name\" content=\"Blog LUZECO\" \/>\n<meta property=\"article:published_time\" content=\"2020-09-07T17:00:00+00:00\" \/>\n<meta property=\"article:modified_time\" content=\"2022-02-09T15:35:03+00:00\" \/>\n<meta property=\"og:image\" content=\"https:\/\/www.luzeco.com\/blog\/wp-content\/uploads\/2020\/09\/iluminacion-padre-no-hay-mas-que-uno.jpg\" \/>\n\t<meta property=\"og:image:width\" content=\"1100\" \/>\n\t<meta property=\"og:image:height\" content=\"600\" \/>\n\t<meta property=\"og:image:type\" content=\"image\/jpeg\" \/>\n<meta name=\"author\" content=\"luzeco\" \/>\n<meta name=\"twitter:card\" content=\"summary_large_image\" \/>\n<meta name=\"twitter:label1\" content=\"Escrito por\" \/>\n\t<meta name=\"twitter:data1\" content=\"luzeco\" \/>\n\t<meta name=\"twitter:label2\" content=\"Tiempo de lectura\" \/>\n\t<meta name=\"twitter:data2\" content=\"3 minutos\" \/>\n<script type=\"application\/ld+json\" class=\"yoast-schema-graph\">{\"@context\":\"https:\/\/schema.org\",\"@graph\":[{\"@type\":\"Article\",\"@id\":\"https:\/\/www.luzeco.com\/blog\/iluminacion-padre-no-hay-mas-que-uno\/#article\",\"isPartOf\":{\"@id\":\"https:\/\/www.luzeco.com\/blog\/iluminacion-padre-no-hay-mas-que-uno\/\"},\"author\":{\"name\":\"luzeco\",\"@id\":\"https:\/\/www.luzeco.com\/blog\/#\/schema\/person\/1fcf316166a5c59805f56fcacd66f42a\"},\"headline\":\"Nuestras l\u00e1mparas aparecen en \u00abPadre no hay m\u00e1s que uno 2\u00bb\",\"datePublished\":\"2020-09-07T17:00:00+00:00\",\"dateModified\":\"2022-02-09T15:35:03+00:00\",\"mainEntityOfPage\":{\"@id\":\"https:\/\/www.luzeco.com\/blog\/iluminacion-padre-no-hay-mas-que-uno\/\"},\"wordCount\":471,\"publisher\":{\"@id\":\"https:\/\/www.luzeco.com\/blog\/#organization\"},\"articleSection\":[\"Visto en\"],\"inLanguage\":\"es\"},{\"@type\":\"WebPage\",\"@id\":\"https:\/\/www.luzeco.com\/blog\/iluminacion-padre-no-hay-mas-que-uno\/\",\"url\":\"https:\/\/www.luzeco.com\/blog\/iluminacion-padre-no-hay-mas-que-uno\/\",\"name\":\"Nuestras l\u00e1mparas aparecen en \\\"Padre no hay m\u00e1s que uno 2\\\" - Blog LUZECO\",\"isPartOf\":{\"@id\":\"https:\/\/www.luzeco.com\/blog\/#website\"},\"datePublished\":\"2020-09-07T17:00:00+00:00\",\"dateModified\":\"2022-02-09T15:35:03+00:00\",\"breadcrumb\":{\"@id\":\"https:\/\/www.luzeco.com\/blog\/iluminacion-padre-no-hay-mas-que-uno\/#breadcrumb\"},\"inLanguage\":\"es\",\"potentialAction\":[{\"@type\":\"ReadAction\",\"target\":[\"https:\/\/www.luzeco.com\/blog\/iluminacion-padre-no-hay-mas-que-uno\/\"]}]},{\"@type\":\"BreadcrumbList\",\"@id\":\"https:\/\/www.luzeco.com\/blog\/iluminacion-padre-no-hay-mas-que-uno\/#breadcrumb\",\"itemListElement\":[{\"@type\":\"ListItem\",\"position\":1,\"name\":\"Home\",\"item\":\"https:\/\/www.luzeco.com\/blog\/\"},{\"@type\":\"ListItem\",\"position\":2,\"name\":\"Nuestras l\u00e1mparas aparecen en \u00abPadre no hay m\u00e1s que uno 2\u00bb\"}]},{\"@type\":\"WebSite\",\"@id\":\"https:\/\/www.luzeco.com\/blog\/#website\",\"url\":\"https:\/\/www.luzeco.com\/blog\/\",\"name\":\"Blog LUZECO\",\"description\":\"L\u00edder en iluminaci\u00f3n y decoraci\u00f3n\",\"publisher\":{\"@id\":\"https:\/\/www.luzeco.com\/blog\/#organization\"},\"potentialAction\":[{\"@type\":\"SearchAction\",\"target\":{\"@type\":\"EntryPoint\",\"urlTemplate\":\"https:\/\/www.luzeco.com\/blog\/?s={search_term_string}\"},\"query-input\":\"required name=search_term_string\"}],\"inLanguage\":\"es\"},{\"@type\":\"Organization\",\"@id\":\"https:\/\/www.luzeco.com\/blog\/#organization\",\"name\":\"LUZECO LIGHTING\",\"url\":\"https:\/\/www.luzeco.com\/blog\/\",\"logo\":{\"@type\":\"ImageObject\",\"inLanguage\":\"es\",\"@id\":\"https:\/\/www.luzeco.com\/blog\/#\/schema\/logo\/image\/\",\"url\":\"https:\/\/www.luzeco.com\/blog\/wp-content\/uploads\/2020\/09\/cropped-luzeco-icono.png\",\"contentUrl\":\"https:\/\/www.luzeco.com\/blog\/wp-content\/uploads\/2020\/09\/cropped-luzeco-icono.png\",\"width\":512,\"height\":512,\"caption\":\"LUZECO LIGHTING\"},\"image\":{\"@id\":\"https:\/\/www.luzeco.com\/blog\/#\/schema\/logo\/image\/\"}},{\"@type\":\"Person\",\"@id\":\"https:\/\/www.luzeco.com\/blog\/#\/schema\/person\/1fcf316166a5c59805f56fcacd66f42a\",\"name\":\"luzeco\",\"image\":{\"@type\":\"ImageObject\",\"inLanguage\":\"es\",\"@id\":\"https:\/\/www.luzeco.com\/blog\/#\/schema\/person\/image\/\",\"url\":\"https:\/\/secure.gravatar.com\/avatar\/50258ce9bf6774e06410b8db81d34f8a?s=96&d=mm&r=g\",\"contentUrl\":\"https:\/\/secure.gravatar.com\/avatar\/50258ce9bf6774e06410b8db81d34f8a?s=96&d=mm&r=g\",\"caption\":\"luzeco\"},\"sameAs\":[\"https:\/\/www.luzeco.com\/blog\"],\"url\":\"https:\/\/www.luzeco.com\/blog\/author\/luzeco\/\"}]}<\/script>\n<!-- \/ Yoast SEO plugin. -->","yoast_head_json":{"title":"Nuestras l\u00e1mparas aparecen en \"Padre no hay m\u00e1s que uno 2\" - Blog LUZECO","robots":{"index":"index","follow":"follow","max-snippet":"max-snippet:-1","max-image-preview":"max-image-preview:large","max-video-preview":"max-video-preview:-1"},"canonical":"https:\/\/www.luzeco.com\/blog\/iluminacion-padre-no-hay-mas-que-uno\/","og_locale":"es_ES","og_type":"article","og_title":"Nuestras l\u00e1mparas aparecen en \"Padre no hay m\u00e1s que uno 2\" - Blog LUZECO","og_description":"Santiago Segura est\u00e1 de estreno y nosotros tenemos la suerte de decir que nuestras luminarias aparecen en el escenario principal de la pel\u00edcula \u201cPadre no hay m\u00e1s que uno 2\u201d. \u00a1No te asustes! Nuestras l\u00e1mparas son muy econ\u00f3micas y t\u00fa tambi\u00e9n podr\u00e1s decorar tu hogar con ellas. Tres son los modelos que el director de Torrente ha elegido para dise\u00f1ar el hogar donde viven Javier, Marisa y sus cinco hijos. Un hogar de lo m\u00e1s acogedor donde cualquiera de nosotros podr\u00edamos vivir. \u00bfTe animas a decorar tu casa como ello? \u00a1Sigue leyendo! La primera luminaria de la que vamos a hablar es de la l\u00e1mpara de pie LANTADA. En la pel\u00edcula aparece en el sal\u00f3n en color madera natural y pantalla de color beige, pero tambi\u00e9n est\u00e1 disponible en color avellana y gris pardo. Este [&hellip;]","og_url":"https:\/\/www.luzeco.com\/blog\/iluminacion-padre-no-hay-mas-que-uno\/","og_site_name":"Blog LUZECO","article_published_time":"2020-09-07T17:00:00+00:00","article_modified_time":"2022-02-09T15:35:03+00:00","og_image":[{"width":1100,"height":600,"url":"https:\/\/www.luzeco.com\/blog\/wp-content\/uploads\/2020\/09\/iluminacion-padre-no-hay-mas-que-uno.jpg","type":"image\/jpeg"}],"author":"luzeco","twitter_card":"summary_large_image","twitter_misc":{"Escrito por":"luzeco","Tiempo de lectura":"3 minutos"},"schema":{"@context":"https:\/\/schema.org","@graph":[{"@type":"Article","@id":"https:\/\/www.luzeco.com\/blog\/iluminacion-padre-no-hay-mas-que-uno\/#article","isPartOf":{"@id":"https:\/\/www.luzeco.com\/blog\/iluminacion-padre-no-hay-mas-que-uno\/"},"author":{"name":"luzeco","@id":"https:\/\/www.luzeco.com\/blog\/#\/schema\/person\/1fcf316166a5c59805f56fcacd66f42a"},"headline":"Nuestras l\u00e1mparas aparecen en \u00abPadre no hay m\u00e1s que uno 2\u00bb","datePublished":"2020-09-07T17:00:00+00:00","dateModified":"2022-02-09T15:35:03+00:00","mainEntityOfPage":{"@id":"https:\/\/www.luzeco.com\/blog\/iluminacion-padre-no-hay-mas-que-uno\/"},"wordCount":471,"publisher":{"@id":"https:\/\/www.luzeco.com\/blog\/#organization"},"articleSection":["Visto en"],"inLanguage":"es"},{"@type":"WebPage","@id":"https:\/\/www.luzeco.com\/blog\/iluminacion-padre-no-hay-mas-que-uno\/","url":"https:\/\/www.luzeco.com\/blog\/iluminacion-padre-no-hay-mas-que-uno\/","name":"Nuestras l\u00e1mparas aparecen en \"Padre no hay m\u00e1s que uno 2\" - Blog LUZECO","isPartOf":{"@id":"https:\/\/www.luzeco.com\/blog\/#website"},"datePublished":"2020-09-07T17:00:00+00:00","dateModified":"2022-02-09T15:35:03+00:00","breadcrumb":{"@id":"https:\/\/www.luzeco.com\/blog\/iluminacion-padre-no-hay-mas-que-uno\/#breadcrumb"},"inLanguage":"es","potentialAction":[{"@type":"ReadAction","target":["https:\/\/www.luzeco.com\/blog\/iluminacion-padre-no-hay-mas-que-uno\/"]}]},{"@type":"BreadcrumbList","@id":"https:\/\/www.luzeco.com\/blog\/iluminacion-padre-no-hay-mas-que-uno\/#breadcrumb","itemListElement":[{"@type":"ListItem","position":1,"name":"Home","item":"https:\/\/www.luzeco.com\/blog\/"},{"@type":"ListItem","position":2,"name":"Nuestras l\u00e1mparas aparecen en \u00abPadre no hay m\u00e1s que uno 2\u00bb"}]},{"@type":"WebSite","@id":"https:\/\/www.luzeco.com\/blog\/#website","url":"https:\/\/www.luzeco.com\/blog\/","name":"Blog LUZECO","description":"L\u00edder en iluminaci\u00f3n y decoraci\u00f3n","publisher":{"@id":"https:\/\/www.luzeco.com\/blog\/#organization"},"potentialAction":[{"@type":"SearchAction","target":{"@type":"EntryPoint","urlTemplate":"https:\/\/www.luzeco.com\/blog\/?s={search_term_string}"},"query-input":"required name=search_term_string"}],"inLanguage":"es"},{"@type":"Organization","@id":"https:\/\/www.luzeco.com\/blog\/#organization","name":"LUZECO LIGHTING","url":"https:\/\/www.luzeco.com\/blog\/","logo":{"@type":"ImageObject","inLanguage":"es","@id":"https:\/\/www.luzeco.com\/blog\/#\/schema\/logo\/image\/","url":"https:\/\/www.luzeco.com\/blog\/wp-content\/uploads\/2020\/09\/cropped-luzeco-icono.png","contentUrl":"https:\/\/www.luzeco.com\/blog\/wp-content\/uploads\/2020\/09\/cropped-luzeco-icono.png","width":512,"height":512,"caption":"LUZECO LIGHTING"},"image":{"@id":"https:\/\/www.luzeco.com\/blog\/#\/schema\/logo\/image\/"}},{"@type":"Person","@id":"https:\/\/www.luzeco.com\/blog\/#\/schema\/person\/1fcf316166a5c59805f56fcacd66f42a","name":"luzeco","image":{"@type":"ImageObject","inLanguage":"es","@id":"https:\/\/www.luzeco.com\/blog\/#\/schema\/person\/image\/","url":"https:\/\/secure.gravatar.com\/avatar\/50258ce9bf6774e06410b8db81d34f8a?s=96&d=mm&r=g","contentUrl":"https:\/\/secure.gravatar.com\/avatar\/50258ce9bf6774e06410b8db81d34f8a?s=96&d=mm&r=g","caption":"luzeco"},"sameAs":["https:\/\/www.luzeco.com\/blog"],"url":"https:\/\/www.luzeco.com\/blog\/author\/luzeco\/"}]}},"_links":{"self":[{"href":"https:\/\/www.luzeco.com\/blog\/wp-json\/wp\/v2\/posts\/96"}],"collection":[{"href":"https:\/\/www.luzeco.com\/blog\/wp-json\/wp\/v2\/posts"}],"about":[{"href":"https:\/\/www.luzeco.com\/blog\/wp-json\/wp\/v2\/types\/post"}],"author":[{"embeddable":true,"href":"https:\/\/www.luzeco.com\/blog\/wp-json\/wp\/v2\/users\/1"}],"replies":[{"embeddable":true,"href":"https:\/\/www.luzeco.com\/blog\/wp-json\/wp\/v2\/comments?post=96"}],"version-history":[{"count":19,"href":"https:\/\/www.luzeco.com\/blog\/wp-json\/wp\/v2\/posts\/96\/revisions"}],"predecessor-version":[{"id":430,"href":"https:\/\/www.luzeco.com\/blog\/wp-json\/wp\/v2\/posts\/96\/revisions\/430"}],"wp:featuredmedia":[{"embeddable":true,"href":"https:\/\/www.luzeco.com\/blog\/wp-json\/wp\/v2\/media\/97"}],"wp:attachment":[{"href":"https:\/\/www.luzeco.com\/blog\/wp-json\/wp\/v2\/media?parent=96"}],"wp:term":[{"taxonomy":"category","embeddable":true,"href":"https:\/\/www.luzeco.com\/blog\/wp-json\/wp\/v2\/categories?post=96"},{"taxonomy":"post_tag","embeddable":true,"href":"https:\/\/www.luzeco.com\/blog\/wp-json\/wp\/v2\/tags?post=96"}],"curies":[{"name":"wp","href":"https:\/\/api.w.org\/{rel}","templated":true}]}}