{"id":950,"date":"2023-04-14T08:10:41","date_gmt":"2023-04-14T08:10:41","guid":{"rendered":"https:\/\/www.luzeco.com\/blog\/?p=950"},"modified":"2023-04-14T09:30:35","modified_gmt":"2023-04-14T09:30:35","slug":"5-tips-deco-con-luz-calida-o-fria","status":"publish","type":"post","link":"https:\/\/www.luzeco.com\/blog\/5-tips-deco-con-luz-calida-o-fria\/","title":{"rendered":"5 Tips deco con luz c\u00e1lida o fr\u00eda"},"content":{"rendered":"\n<p>Nuestro post m\u00e1s le\u00eddo con diferencia y la gran duda que siempre tenemos a la hora de iluminar nuestro hogar es principalmente qu\u00e9 tipo de luz c\u00e1lida o fr\u00eda escoger, y en qu\u00e9 ambiente es m\u00e1s adecuada cada tipo de iluminaci\u00f3n.<\/p>\n\n\n\n<p>En nuestro post <a href=\"https:\/\/www.luzeco.com\/blog\/luz-calida-o-luz-fria\/\" target=\"_blank\" rel=\"noreferrer noopener\">luz c\u00e1lida o fr\u00eda<\/a> podr\u00e9is leer m\u00e1s al respecto de la diferencia entre ambas, terminolog\u00eda algo m\u00e1s t\u00e9cnica para poder entender la informaci\u00f3n a la hora de elegir una bombilla o una l\u00e1mpara led, y en qu\u00e9 ambientes suelen ser m\u00e1s adecuadas.<\/p>\n\n\n\n<h2>Consigue un ambiente de revista en tu hogar<\/h2>\n\n\n\n<p>Pero hoy queremos ir un pas\u00f3 m\u00e1s all\u00e1 y ayudaros a conseguir que, eligiendo luz c\u00e1lida o fr\u00eda dependiendo de necesidades y gustos, pod\u00e1is adecuar el ambiente tambi\u00e9n a uno o otro tipo de temperatura de color para enfatizar esta elecci\u00f3n y conseguir sacarle todo el partido a nuestro hogar.<\/p>\n\n\n\n<p>El objetivo \u00faltimo de estos tips es conseguir el ambiente de nuestros sue\u00f1os, y podemos conseguirlo en sencillos pasos&#8230; \u00a1qu\u00e9date a verlo!<\/p>\n\n\n\n<h2>Diferencias deco para luz c\u00e1lida o fr\u00eda<\/h2>\n\n\n\n<p>Y ahora s\u00ed, os dejamos con los <strong>5 mejores tips que podemos daros para enfatizar este efecto<\/strong>. \u00a1Toma nota!<\/p>\n\n\n\n<h3>1. Paredes<\/h3>\n\n\n\n<p>Un punto fundamental para adecuar la estancia seg\u00fan elijas luz c\u00e1lida o fr\u00eda, que enfatizar\u00e1n mucho el efecto, son las pinturas que asienten sobre ellas. Si elegiste luz c\u00e1lida, siempre es recomendable tonos tierra, rosados o naranjas, mientras que, si elegiste luz fr\u00eda, dec\u00e1ntate por este espectro de colores eligiendo azules, grises y derivados.<\/p>\n\n\n\n<p>No obstante, el color blanco es el neutro por excelencia, por lo que si te gustan las paredes de este color encajar\u00e1n a la perfecci\u00f3n tanto con luz c\u00e1lida como fr\u00eda.<\/p>\n\n\n<div class=\"wp-block-image\">\n<figure class=\"aligncenter size-full\"><img decoding=\"async\" loading=\"lazy\" width=\"600\" height=\"712\" src=\"https:\/\/www.luzeco.com\/blog\/wp-content\/uploads\/2023\/04\/luz-calida-o-fria.jpg\" alt=\"\" class=\"wp-image-957\" srcset=\"https:\/\/www.luzeco.com\/blog\/wp-content\/uploads\/2023\/04\/luz-calida-o-fria.jpg 600w, https:\/\/www.luzeco.com\/blog\/wp-content\/uploads\/2023\/04\/luz-calida-o-fria-253x300.jpg 253w\" sizes=\"(max-width: 600px) 100vw, 600px\" \/><\/figure><\/div>\n\n\n<h3>2. Suelos<\/h3>\n\n\n\n<p>Si es el momento de elegir casa o reformarla, esta selecci\u00f3n es imprescindible para aportar calidez o ese toque de frescura en tus espacios.<\/p>\n\n\n\n<p>El parquet o tarimas de colores tierra son siempre los m\u00e1s adecuados para luz c\u00e1lida, mientras que los suelos de gres, porcel\u00e1nicos o azulejos son los suelos recomendados para conseguir un ambiente m\u00e1s fr\u00edo, de trabajo o neutro.<\/p>\n\n\n\n<h3>3. Mobiliario<\/h3>\n\n\n\n<p>Los muebles y el estilo que escogemos es siempre importante, ya que un estilo n\u00f3rdico fr\u00edo o minimalista ayudar\u00e1 a conseguir este tipo de ambiente, pero los estilos n\u00f3rdicos con m\u00e1s calidez, r\u00fasticos o rom\u00e1nticos son siempre acertados para instalar luz c\u00e1lida en el ambiente.<\/p>\n\n\n<div class=\"wp-block-image\">\n<figure class=\"aligncenter size-large\"><img decoding=\"async\" loading=\"lazy\" width=\"1024\" height=\"682\" src=\"https:\/\/www.luzeco.com\/blog\/wp-content\/uploads\/2023\/04\/salon-frio-1024x682.jpg\" alt=\"\" class=\"wp-image-956\" srcset=\"https:\/\/www.luzeco.com\/blog\/wp-content\/uploads\/2023\/04\/salon-frio-1024x682.jpg 1024w, https:\/\/www.luzeco.com\/blog\/wp-content\/uploads\/2023\/04\/salon-frio-300x200.jpg 300w, https:\/\/www.luzeco.com\/blog\/wp-content\/uploads\/2023\/04\/salon-frio-768x512.jpg 768w, https:\/\/www.luzeco.com\/blog\/wp-content\/uploads\/2023\/04\/salon-frio-1140x760.jpg 1140w, https:\/\/www.luzeco.com\/blog\/wp-content\/uploads\/2023\/04\/salon-frio.jpg 1280w\" sizes=\"(max-width: 1024px) 100vw, 1024px\" \/><\/figure><\/div>\n\n\n<h3>4. Objetos decorativos<\/h3>\n\n\n\n<p>Siempre son un plus y muy determinantes (aunque parezcan la pieza m\u00e1s peque\u00f1a del puzzle) a la hora de adecuar ambientes c\u00e1lidos o fr\u00edos, y por tanto van al comp\u00e1s de la luz c\u00e1lida o fr\u00eda.<\/p>\n\n\n\n<p>El estilo, los colores que tienen&#8230; son siempre determinantes,  y a\u00f1aden un extra a toda esta estancia que estamos construyendo o que queremos dar un cambio.<\/p>\n\n\n\n<p>Por ejemplo, las plantas de espiga dan un toque de calidez a cualquier rinc\u00f3n, mientras los jarrones met\u00e1licos aportan sobriedad y minimalismo.<\/p>\n\n\n\n<h3>5. Tipo de estancia<\/h3>\n\n\n\n<p>Por supuesto, no pod\u00edamos dejar de nombrar este \u00faltimo punto, ya que dependiendo de la estancia donde estemos es muy importante elegir luz c\u00e1lida o fr\u00eda. <\/p>\n\n\n\n<p>Aunque dependa del gusto de cada uno, siempre es aconsejable que espacios como el dormitorio o el sal\u00f3n est\u00e9n iluminados y construidos en base a luces c\u00e1lidas; y las zonas de paso, zonas de trabajo o el ba\u00f1o lo est\u00e9n con luz fr\u00eda, ya que determina mucho la funcionalidad de estas estancias.<\/p>\n\n\n\n<p><\/p>\n\n\n\n<p>Y hasta aqu\u00ed nuestros <strong>5 tips deco con luz c\u00e1lida o fr\u00eda<\/strong> que has escogido.<\/p>\n\n\n\n<p>\u00bfTe sirven de inspiraci\u00f3n? \u00a1Gracias por leernos!<\/p>\n\n\n\n<p><\/p>\n\n\n\n<p>Luzeco Lighting<\/p>\n","protected":false},"excerpt":{"rendered":"<p>Nuestro post m\u00e1s le\u00eddo con diferencia y la gran duda que siempre tenemos a la hora de iluminar nuestro hogar es principalmente qu\u00e9 tipo de luz c\u00e1lida o fr\u00eda escoger, y en qu\u00e9 ambiente es m\u00e1s adecuada cada tipo de iluminaci\u00f3n. En nuestro post luz c\u00e1lida o fr\u00eda podr\u00e9is leer m\u00e1s al respecto de la diferencia entre ambas, terminolog\u00eda algo m\u00e1s t\u00e9cnica para poder entender la informaci\u00f3n a la hora de elegir una bombilla o una l\u00e1mpara led, y en qu\u00e9 ambientes suelen ser m\u00e1s adecuadas. Consigue un ambiente de revista en tu hogar Pero hoy queremos ir un pas\u00f3 m\u00e1s all\u00e1 y ayudaros a conseguir que, eligiendo luz c\u00e1lida o fr\u00eda dependiendo de necesidades y gustos, pod\u00e1is adecuar el ambiente tambi\u00e9n a uno o otro tipo de temperatura de color para enfatizar esta elecci\u00f3n [&hellip;]<\/p>\n","protected":false},"author":1,"featured_media":960,"comment_status":"closed","ping_status":"open","sticky":false,"template":"","format":"standard","meta":[],"categories":[5,8],"tags":[39,20,37],"yoast_head":"<!-- This site is optimized with the Yoast SEO plugin v19.14 - https:\/\/yoast.com\/wordpress\/plugins\/seo\/ -->\n<title>5 Tips deco con luz c\u00e1lida o fr\u00eda - Blog LUZECO<\/title>\n<meta name=\"description\" content=\"Este post os ayudar\u00e1 a conseguir sacarle todo el partido a nuestro hogar seg\u00fan nos guste la luz c\u00e1lida o fr\u00eda...\" \/>\n<meta name=\"robots\" content=\"index, follow, max-snippet:-1, max-image-preview:large, max-video-preview:-1\" \/>\n<link rel=\"canonical\" href=\"https:\/\/www.luzeco.com\/blog\/5-tips-deco-con-luz-calida-o-fria\/\" \/>\n<meta property=\"og:locale\" content=\"es_ES\" \/>\n<meta property=\"og:type\" content=\"article\" \/>\n<meta property=\"og:title\" content=\"5 Tips deco con luz c\u00e1lida o fr\u00eda - Blog LUZECO\" \/>\n<meta property=\"og:description\" content=\"Este post os ayudar\u00e1 a conseguir sacarle todo el partido a nuestro hogar seg\u00fan nos guste la luz c\u00e1lida o fr\u00eda...\" \/>\n<meta property=\"og:url\" content=\"https:\/\/www.luzeco.com\/blog\/5-tips-deco-con-luz-calida-o-fria\/\" \/>\n<meta property=\"og:site_name\" content=\"Blog LUZECO\" \/>\n<meta property=\"article:published_time\" content=\"2023-04-14T08:10:41+00:00\" \/>\n<meta property=\"article:modified_time\" content=\"2023-04-14T09:30:35+00:00\" \/>\n<meta property=\"og:image\" content=\"https:\/\/www.luzeco.com\/blog\/wp-content\/uploads\/2023\/04\/salon-calido-portada-1024x761.png\" \/>\n\t<meta property=\"og:image:width\" content=\"1024\" \/>\n\t<meta property=\"og:image:height\" content=\"761\" \/>\n\t<meta property=\"og:image:type\" content=\"image\/png\" \/>\n<meta name=\"author\" content=\"luzeco\" \/>\n<meta name=\"twitter:card\" content=\"summary_large_image\" \/>\n<meta name=\"twitter:label1\" content=\"Escrito por\" \/>\n\t<meta name=\"twitter:data1\" content=\"luzeco\" \/>\n\t<meta name=\"twitter:label2\" content=\"Tiempo de lectura\" \/>\n\t<meta name=\"twitter:data2\" content=\"4 minutos\" \/>\n<script type=\"application\/ld+json\" class=\"yoast-schema-graph\">{\"@context\":\"https:\/\/schema.org\",\"@graph\":[{\"@type\":\"Article\",\"@id\":\"https:\/\/www.luzeco.com\/blog\/5-tips-deco-con-luz-calida-o-fria\/#article\",\"isPartOf\":{\"@id\":\"https:\/\/www.luzeco.com\/blog\/5-tips-deco-con-luz-calida-o-fria\/\"},\"author\":{\"name\":\"luzeco\",\"@id\":\"https:\/\/www.luzeco.com\/blog\/#\/schema\/person\/1fcf316166a5c59805f56fcacd66f42a\"},\"headline\":\"5 Tips deco con luz c\u00e1lida o fr\u00eda\",\"datePublished\":\"2023-04-14T08:10:41+00:00\",\"dateModified\":\"2023-04-14T09:30:35+00:00\",\"mainEntityOfPage\":{\"@id\":\"https:\/\/www.luzeco.com\/blog\/5-tips-deco-con-luz-calida-o-fria\/\"},\"wordCount\":657,\"publisher\":{\"@id\":\"https:\/\/www.luzeco.com\/blog\/#organization\"},\"keywords\":[\"consejos\",\"iluminar estancia\",\"tipo de luz\"],\"articleSection\":[\"Consejos\",\"Decoraci\u00f3n\"],\"inLanguage\":\"es\"},{\"@type\":\"WebPage\",\"@id\":\"https:\/\/www.luzeco.com\/blog\/5-tips-deco-con-luz-calida-o-fria\/\",\"url\":\"https:\/\/www.luzeco.com\/blog\/5-tips-deco-con-luz-calida-o-fria\/\",\"name\":\"5 Tips deco con luz c\u00e1lida o fr\u00eda - Blog LUZECO\",\"isPartOf\":{\"@id\":\"https:\/\/www.luzeco.com\/blog\/#website\"},\"datePublished\":\"2023-04-14T08:10:41+00:00\",\"dateModified\":\"2023-04-14T09:30:35+00:00\",\"description\":\"Este post os ayudar\u00e1 a conseguir sacarle todo el partido a nuestro hogar seg\u00fan nos guste la luz c\u00e1lida o fr\u00eda...\",\"breadcrumb\":{\"@id\":\"https:\/\/www.luzeco.com\/blog\/5-tips-deco-con-luz-calida-o-fria\/#breadcrumb\"},\"inLanguage\":\"es\",\"potentialAction\":[{\"@type\":\"ReadAction\",\"target\":[\"https:\/\/www.luzeco.com\/blog\/5-tips-deco-con-luz-calida-o-fria\/\"]}]},{\"@type\":\"BreadcrumbList\",\"@id\":\"https:\/\/www.luzeco.com\/blog\/5-tips-deco-con-luz-calida-o-fria\/#breadcrumb\",\"itemListElement\":[{\"@type\":\"ListItem\",\"position\":1,\"name\":\"Home\",\"item\":\"https:\/\/www.luzeco.com\/blog\/\"},{\"@type\":\"ListItem\",\"position\":2,\"name\":\"5 Tips deco con luz c\u00e1lida o fr\u00eda\"}]},{\"@type\":\"WebSite\",\"@id\":\"https:\/\/www.luzeco.com\/blog\/#website\",\"url\":\"https:\/\/www.luzeco.com\/blog\/\",\"name\":\"Blog LUZECO\",\"description\":\"L\u00edder en iluminaci\u00f3n y decoraci\u00f3n\",\"publisher\":{\"@id\":\"https:\/\/www.luzeco.com\/blog\/#organization\"},\"potentialAction\":[{\"@type\":\"SearchAction\",\"target\":{\"@type\":\"EntryPoint\",\"urlTemplate\":\"https:\/\/www.luzeco.com\/blog\/?s={search_term_string}\"},\"query-input\":\"required name=search_term_string\"}],\"inLanguage\":\"es\"},{\"@type\":\"Organization\",\"@id\":\"https:\/\/www.luzeco.com\/blog\/#organization\",\"name\":\"LUZECO LIGHTING\",\"url\":\"https:\/\/www.luzeco.com\/blog\/\",\"logo\":{\"@type\":\"ImageObject\",\"inLanguage\":\"es\",\"@id\":\"https:\/\/www.luzeco.com\/blog\/#\/schema\/logo\/image\/\",\"url\":\"https:\/\/www.luzeco.com\/blog\/wp-content\/uploads\/2020\/09\/cropped-luzeco-icono.png\",\"contentUrl\":\"https:\/\/www.luzeco.com\/blog\/wp-content\/uploads\/2020\/09\/cropped-luzeco-icono.png\",\"width\":512,\"height\":512,\"caption\":\"LUZECO LIGHTING\"},\"image\":{\"@id\":\"https:\/\/www.luzeco.com\/blog\/#\/schema\/logo\/image\/\"}},{\"@type\":\"Person\",\"@id\":\"https:\/\/www.luzeco.com\/blog\/#\/schema\/person\/1fcf316166a5c59805f56fcacd66f42a\",\"name\":\"luzeco\",\"image\":{\"@type\":\"ImageObject\",\"inLanguage\":\"es\",\"@id\":\"https:\/\/www.luzeco.com\/blog\/#\/schema\/person\/image\/\",\"url\":\"https:\/\/secure.gravatar.com\/avatar\/50258ce9bf6774e06410b8db81d34f8a?s=96&d=mm&r=g\",\"contentUrl\":\"https:\/\/secure.gravatar.com\/avatar\/50258ce9bf6774e06410b8db81d34f8a?s=96&d=mm&r=g\",\"caption\":\"luzeco\"},\"sameAs\":[\"https:\/\/www.luzeco.com\/blog\"],\"url\":\"https:\/\/www.luzeco.com\/blog\/author\/luzeco\/\"}]}<\/script>\n<!-- \/ Yoast SEO plugin. -->","yoast_head_json":{"title":"5 Tips deco con luz c\u00e1lida o fr\u00eda - Blog LUZECO","description":"Este post os ayudar\u00e1 a conseguir sacarle todo el partido a nuestro hogar seg\u00fan nos guste la luz c\u00e1lida o fr\u00eda...","robots":{"index":"index","follow":"follow","max-snippet":"max-snippet:-1","max-image-preview":"max-image-preview:large","max-video-preview":"max-video-preview:-1"},"canonical":"https:\/\/www.luzeco.com\/blog\/5-tips-deco-con-luz-calida-o-fria\/","og_locale":"es_ES","og_type":"article","og_title":"5 Tips deco con luz c\u00e1lida o fr\u00eda - Blog LUZECO","og_description":"Este post os ayudar\u00e1 a conseguir sacarle todo el partido a nuestro hogar seg\u00fan nos guste la luz c\u00e1lida o fr\u00eda...","og_url":"https:\/\/www.luzeco.com\/blog\/5-tips-deco-con-luz-calida-o-fria\/","og_site_name":"Blog LUZECO","article_published_time":"2023-04-14T08:10:41+00:00","article_modified_time":"2023-04-14T09:30:35+00:00","og_image":[{"width":1024,"height":761,"url":"https:\/\/www.luzeco.com\/blog\/wp-content\/uploads\/2023\/04\/salon-calido-portada-1024x761.png","type":"image\/png"}],"author":"luzeco","twitter_card":"summary_large_image","twitter_misc":{"Escrito por":"luzeco","Tiempo de lectura":"4 minutos"},"schema":{"@context":"https:\/\/schema.org","@graph":[{"@type":"Article","@id":"https:\/\/www.luzeco.com\/blog\/5-tips-deco-con-luz-calida-o-fria\/#article","isPartOf":{"@id":"https:\/\/www.luzeco.com\/blog\/5-tips-deco-con-luz-calida-o-fria\/"},"author":{"name":"luzeco","@id":"https:\/\/www.luzeco.com\/blog\/#\/schema\/person\/1fcf316166a5c59805f56fcacd66f42a"},"headline":"5 Tips deco con luz c\u00e1lida o fr\u00eda","datePublished":"2023-04-14T08:10:41+00:00","dateModified":"2023-04-14T09:30:35+00:00","mainEntityOfPage":{"@id":"https:\/\/www.luzeco.com\/blog\/5-tips-deco-con-luz-calida-o-fria\/"},"wordCount":657,"publisher":{"@id":"https:\/\/www.luzeco.com\/blog\/#organization"},"keywords":["consejos","iluminar estancia","tipo de luz"],"articleSection":["Consejos","Decoraci\u00f3n"],"inLanguage":"es"},{"@type":"WebPage","@id":"https:\/\/www.luzeco.com\/blog\/5-tips-deco-con-luz-calida-o-fria\/","url":"https:\/\/www.luzeco.com\/blog\/5-tips-deco-con-luz-calida-o-fria\/","name":"5 Tips deco con luz c\u00e1lida o fr\u00eda - Blog LUZECO","isPartOf":{"@id":"https:\/\/www.luzeco.com\/blog\/#website"},"datePublished":"2023-04-14T08:10:41+00:00","dateModified":"2023-04-14T09:30:35+00:00","description":"Este post os ayudar\u00e1 a conseguir sacarle todo el partido a nuestro hogar seg\u00fan nos guste la luz c\u00e1lida o fr\u00eda...","breadcrumb":{"@id":"https:\/\/www.luzeco.com\/blog\/5-tips-deco-con-luz-calida-o-fria\/#breadcrumb"},"inLanguage":"es","potentialAction":[{"@type":"ReadAction","target":["https:\/\/www.luzeco.com\/blog\/5-tips-deco-con-luz-calida-o-fria\/"]}]},{"@type":"BreadcrumbList","@id":"https:\/\/www.luzeco.com\/blog\/5-tips-deco-con-luz-calida-o-fria\/#breadcrumb","itemListElement":[{"@type":"ListItem","position":1,"name":"Home","item":"https:\/\/www.luzeco.com\/blog\/"},{"@type":"ListItem","position":2,"name":"5 Tips deco con luz c\u00e1lida o fr\u00eda"}]},{"@type":"WebSite","@id":"https:\/\/www.luzeco.com\/blog\/#website","url":"https:\/\/www.luzeco.com\/blog\/","name":"Blog LUZECO","description":"L\u00edder en iluminaci\u00f3n y decoraci\u00f3n","publisher":{"@id":"https:\/\/www.luzeco.com\/blog\/#organization"},"potentialAction":[{"@type":"SearchAction","target":{"@type":"EntryPoint","urlTemplate":"https:\/\/www.luzeco.com\/blog\/?s={search_term_string}"},"query-input":"required name=search_term_string"}],"inLanguage":"es"},{"@type":"Organization","@id":"https:\/\/www.luzeco.com\/blog\/#organization","name":"LUZECO LIGHTING","url":"https:\/\/www.luzeco.com\/blog\/","logo":{"@type":"ImageObject","inLanguage":"es","@id":"https:\/\/www.luzeco.com\/blog\/#\/schema\/logo\/image\/","url":"https:\/\/www.luzeco.com\/blog\/wp-content\/uploads\/2020\/09\/cropped-luzeco-icono.png","contentUrl":"https:\/\/www.luzeco.com\/blog\/wp-content\/uploads\/2020\/09\/cropped-luzeco-icono.png","width":512,"height":512,"caption":"LUZECO LIGHTING"},"image":{"@id":"https:\/\/www.luzeco.com\/blog\/#\/schema\/logo\/image\/"}},{"@type":"Person","@id":"https:\/\/www.luzeco.com\/blog\/#\/schema\/person\/1fcf316166a5c59805f56fcacd66f42a","name":"luzeco","image":{"@type":"ImageObject","inLanguage":"es","@id":"https:\/\/www.luzeco.com\/blog\/#\/schema\/person\/image\/","url":"https:\/\/secure.gravatar.com\/avatar\/50258ce9bf6774e06410b8db81d34f8a?s=96&d=mm&r=g","contentUrl":"https:\/\/secure.gravatar.com\/avatar\/50258ce9bf6774e06410b8db81d34f8a?s=96&d=mm&r=g","caption":"luzeco"},"sameAs":["https:\/\/www.luzeco.com\/blog"],"url":"https:\/\/www.luzeco.com\/blog\/author\/luzeco\/"}]}},"_links":{"self":[{"href":"https:\/\/www.luzeco.com\/blog\/wp-json\/wp\/v2\/posts\/950"}],"collection":[{"href":"https:\/\/www.luzeco.com\/blog\/wp-json\/wp\/v2\/posts"}],"about":[{"href":"https:\/\/www.luzeco.com\/blog\/wp-json\/wp\/v2\/types\/post"}],"author":[{"embeddable":true,"href":"https:\/\/www.luzeco.com\/blog\/wp-json\/wp\/v2\/users\/1"}],"replies":[{"embeddable":true,"href":"https:\/\/www.luzeco.com\/blog\/wp-json\/wp\/v2\/comments?post=950"}],"version-history":[{"count":7,"href":"https:\/\/www.luzeco.com\/blog\/wp-json\/wp\/v2\/posts\/950\/revisions"}],"predecessor-version":[{"id":963,"href":"https:\/\/www.luzeco.com\/blog\/wp-json\/wp\/v2\/posts\/950\/revisions\/963"}],"wp:featuredmedia":[{"embeddable":true,"href":"https:\/\/www.luzeco.com\/blog\/wp-json\/wp\/v2\/media\/960"}],"wp:attachment":[{"href":"https:\/\/www.luzeco.com\/blog\/wp-json\/wp\/v2\/media?parent=950"}],"wp:term":[{"taxonomy":"category","embeddable":true,"href":"https:\/\/www.luzeco.com\/blog\/wp-json\/wp\/v2\/categories?post=950"},{"taxonomy":"post_tag","embeddable":true,"href":"https:\/\/www.luzeco.com\/blog\/wp-json\/wp\/v2\/tags?post=950"}],"curies":[{"name":"wp","href":"https:\/\/api.w.org\/{rel}","templated":true}]}}