{"id":917,"date":"2023-03-15T11:29:46","date_gmt":"2023-03-15T11:29:46","guid":{"rendered":"https:\/\/www.luzeco.com\/blog\/?p=917"},"modified":"2023-03-15T13:04:52","modified_gmt":"2023-03-15T13:04:52","slug":"decora-tu-casa-como-joaquin-el-del-betis","status":"publish","type":"post","link":"https:\/\/www.luzeco.com\/blog\/decora-tu-casa-como-joaquin-el-del-betis\/","title":{"rendered":"Decora tu casa como Joaqu\u00edn el del Betis"},"content":{"rendered":"\n<p>Tras los grandes \u00e9xitos protagonizados por el reconocido futbolista Joaqu\u00edn S\u00e1nchez y ahora presentador de su propio programa de televisi\u00f3n, desgranamos sus famosos y c\u00f3micos v\u00eddeos y entrevistas personales para mostrarte <strong>c\u00f3mo decorar tu casa como Joaqu\u00edn<\/strong>, el futbolista del Real Betis Balompi\u00e9.<\/p>\n\n\n\n<h2>Decora tu hogar como un famoso<\/h2>\n\n\n\n<p>Siempre nos entra curiosidad por saber c\u00f3mo es por dentro la casa de un famoso; c\u00f3mo ser\u00e1n sus habitaciones, su sal\u00f3n&#8230; imaginarnos el entorno donde pasa su tiempo de descanso.<\/p>\n\n\n\n<p>En esta ocasi\u00f3n queremos contaros c\u00f3mo tiene Joaqu\u00edn S\u00e1nchez decorada su casa, d\u00f3nde graba los v\u00eddeos de humor que sube a las redes y c\u00f3mo es el entorno de tales ocurrencias.<\/p>\n\n\n\n<p>Como hemos visto en su reciente entrevista y v\u00eddeos de sus redes sociales, Joaqu\u00edn utiliza iluminaci\u00f3n tanto principal como auxiliar en casa, tambi\u00e9n en zonas de paso.<\/p>\n\n\n\n<p>En especial podemos apreciar la decoraci\u00f3n moderna y sobria de sus espacios. Sal\u00f3n muy amplio y con mucha luz.<\/p>\n\n\n<div class=\"wp-block-image\">\n<figure class=\"aligncenter size-full\"><img decoding=\"async\" loading=\"lazy\" width=\"691\" height=\"388\" src=\"https:\/\/www.luzeco.com\/blog\/wp-content\/uploads\/2023\/03\/el-salon-de-la-casa-de-joaquin.webp\" alt=\"\" class=\"wp-image-918\" srcset=\"https:\/\/www.luzeco.com\/blog\/wp-content\/uploads\/2023\/03\/el-salon-de-la-casa-de-joaquin.webp 691w, https:\/\/www.luzeco.com\/blog\/wp-content\/uploads\/2023\/03\/el-salon-de-la-casa-de-joaquin-300x168.webp 300w\" sizes=\"(max-width: 691px) 100vw, 691px\" \/><\/figure><\/div>\n\n\n<p>Es importante elegir bien qu\u00e9 estilo te gusta u objetivo quieres conseguir en casa. Por ejemplo, la elecci\u00f3n de los sillones o sof\u00e1s en <strong>colores claros<\/strong> es siempre un gran acierto <strong>para ganar en luminosidad y amplitud<\/strong>. Por otro lado, finalizar tu deco con cuadros grandes y con los motivos y colores que m\u00e1s te gusten va a ser siempre un gran acierto.<\/p>\n\n\n\n<figure class=\"is-layout-flex wp-block-gallery-1 wp-block-gallery has-nested-images columns-default is-cropped\">\n<figure class=\"wp-block-image size-large\"><a href=\"https:\/\/www.luzeco.com\/es\/cuadros-y-laminas\/6215-acrilico-70x160-schuller-johari-8435435331429.html\"><img decoding=\"async\" loading=\"lazy\" width=\"300\" height=\"300\" data-id=\"925\"  src=\"https:\/\/www.luzeco.com\/blog\/wp-content\/uploads\/2023\/03\/Sin-titulo-2.jpg\" alt=\"\" class=\"wp-image-925\" srcset=\"https:\/\/www.luzeco.com\/blog\/wp-content\/uploads\/2023\/03\/Sin-titulo-2.jpg 300w, https:\/\/www.luzeco.com\/blog\/wp-content\/uploads\/2023\/03\/Sin-titulo-2-150x150.jpg 150w, https:\/\/www.luzeco.com\/blog\/wp-content\/uploads\/2023\/03\/Sin-titulo-2-80x80.jpg 80w\" sizes=\"(max-width: 300px) 100vw, 300px\" \/><\/a><\/figure>\n\n\n\n<figure class=\"wp-block-image size-large\"><a href=\"https:\/\/www.luzeco.com\/es\/mobiliario\/6564-sillon-blanco-polipiel-schuller-egg-8435435328931.html\"><img decoding=\"async\" loading=\"lazy\" width=\"300\" height=\"300\" data-id=\"924\"  src=\"https:\/\/www.luzeco.com\/blog\/wp-content\/uploads\/2023\/03\/Sin-titulo-4.jpg\" alt=\"\" class=\"wp-image-924\" srcset=\"https:\/\/www.luzeco.com\/blog\/wp-content\/uploads\/2023\/03\/Sin-titulo-4.jpg 300w, https:\/\/www.luzeco.com\/blog\/wp-content\/uploads\/2023\/03\/Sin-titulo-4-150x150.jpg 150w, https:\/\/www.luzeco.com\/blog\/wp-content\/uploads\/2023\/03\/Sin-titulo-4-80x80.jpg 80w\" sizes=\"(max-width: 300px) 100vw, 300px\" \/><\/a><\/figure>\n\n\n\n<figure class=\"wp-block-image size-large\"><a href=\"https:\/\/www.luzeco.com\/es\/mobiliario\/6262-sillon-acero-blanco-schuller-amanda-8435435305482.html\"><img decoding=\"async\" loading=\"lazy\" width=\"300\" height=\"300\" data-id=\"923\"  src=\"https:\/\/www.luzeco.com\/blog\/wp-content\/uploads\/2023\/03\/Sin-titulo-3.jpg\" alt=\"\" class=\"wp-image-923\" srcset=\"https:\/\/www.luzeco.com\/blog\/wp-content\/uploads\/2023\/03\/Sin-titulo-3.jpg 300w, https:\/\/www.luzeco.com\/blog\/wp-content\/uploads\/2023\/03\/Sin-titulo-3-150x150.jpg 150w, https:\/\/www.luzeco.com\/blog\/wp-content\/uploads\/2023\/03\/Sin-titulo-3-80x80.jpg 80w\" sizes=\"(max-width: 300px) 100vw, 300px\" \/><\/a><\/figure>\n<\/figure>\n\n\n\n<p>Adem\u00e1s, a pesar de los ventanales -y sin ellos- es muy importante que por la noche haya <strong>iluminaci\u00f3n ambiental<\/strong>, agradable y secundaria para que aunque aporte luz no produzca destello. Por eso siempre se recomiendan l\u00e1mparas de pie o sobremesa para cumplir este objetivo, y Joaqu\u00edn S\u00e1nchez ha seguido estos consejos primordiales. Te ense\u00f1amos unas l\u00e1mparas de pie que encajan a la perfecci\u00f3n en este ambiente:<\/p>\n\n\n\n<figure class=\"is-layout-flex wp-block-gallery-3 wp-block-gallery has-nested-images columns-default is-cropped\">\n<figure class=\"wp-block-image size-large\"><a href=\"https:\/\/www.luzeco.com\/es\/lampara-tripode\/1539-eglo-95539-fondachelli-lampara-de-pie-en-acero-y-textil-9002759955397.html\"><img decoding=\"async\" loading=\"lazy\" width=\"300\" height=\"300\" data-id=\"927\"  src=\"https:\/\/www.luzeco.com\/blog\/wp-content\/uploads\/2023\/03\/Sin-titulo-7.jpg\" alt=\"\" class=\"wp-image-927\" srcset=\"https:\/\/www.luzeco.com\/blog\/wp-content\/uploads\/2023\/03\/Sin-titulo-7.jpg 300w, https:\/\/www.luzeco.com\/blog\/wp-content\/uploads\/2023\/03\/Sin-titulo-7-150x150.jpg 150w, https:\/\/www.luzeco.com\/blog\/wp-content\/uploads\/2023\/03\/Sin-titulo-7-80x80.jpg 80w\" sizes=\"(max-width: 300px) 100vw, 300px\" \/><\/a><\/figure>\n\n\n\n<figure class=\"wp-block-image size-large\"><a href=\"https:\/\/www.luzeco.com\/es\/lamparas-de-pie\/2488-eglo-98309-espartal-lampara-de-pie-en-acero-aluminio-y-textil-9002759983093.html\"><img decoding=\"async\" loading=\"lazy\" width=\"300\" height=\"300\" data-id=\"926\"  src=\"https:\/\/www.luzeco.com\/blog\/wp-content\/uploads\/2023\/03\/Sin-titulo-5.jpg\" alt=\"\" class=\"wp-image-926\" srcset=\"https:\/\/www.luzeco.com\/blog\/wp-content\/uploads\/2023\/03\/Sin-titulo-5.jpg 300w, https:\/\/www.luzeco.com\/blog\/wp-content\/uploads\/2023\/03\/Sin-titulo-5-150x150.jpg 150w, https:\/\/www.luzeco.com\/blog\/wp-content\/uploads\/2023\/03\/Sin-titulo-5-80x80.jpg 80w\" sizes=\"(max-width: 300px) 100vw, 300px\" \/><\/a><\/figure>\n\n\n\n<figure class=\"wp-block-image size-large\"><a href=\"https:\/\/www.luzeco.com\/es\/lampara-de-pie-de-tela\/1065-eglo-92206-nadina-lampara-de-pie-en-acero-y-textil-con-cierre-de-velcro-9002759922061.html\"><img decoding=\"async\" loading=\"lazy\" width=\"300\" height=\"300\" data-id=\"928\"  src=\"https:\/\/www.luzeco.com\/blog\/wp-content\/uploads\/2023\/03\/Sin-titulo-6.jpg\" alt=\"\" class=\"wp-image-928\" srcset=\"https:\/\/www.luzeco.com\/blog\/wp-content\/uploads\/2023\/03\/Sin-titulo-6.jpg 300w, https:\/\/www.luzeco.com\/blog\/wp-content\/uploads\/2023\/03\/Sin-titulo-6-150x150.jpg 150w, https:\/\/www.luzeco.com\/blog\/wp-content\/uploads\/2023\/03\/Sin-titulo-6-80x80.jpg 80w\" sizes=\"(max-width: 300px) 100vw, 300px\" \/><\/a><\/figure>\n<\/figure>\n\n\n\n<h2>L\u00e1mparas para dormitorio<\/h2>\n\n\n\n<p>Seguimos recorriendo la casa de Joaqu\u00edn el del Betis, para pasar ahora al dormitorio, donde observamos multitud de detalles, como el ventilador a juego con la cama, las mesitas y las l\u00e1mparas.<\/p>\n\n\n<div class=\"wp-block-image\">\n<figure class=\"aligncenter size-full\"><img decoding=\"async\" loading=\"lazy\" width=\"640\" height=\"360\" src=\"https:\/\/www.luzeco.com\/blog\/wp-content\/uploads\/2023\/03\/la-habitacion-de-joaquin-sanchez.webp\" alt=\"\" class=\"wp-image-933\" srcset=\"https:\/\/www.luzeco.com\/blog\/wp-content\/uploads\/2023\/03\/la-habitacion-de-joaquin-sanchez.webp 640w, https:\/\/www.luzeco.com\/blog\/wp-content\/uploads\/2023\/03\/la-habitacion-de-joaquin-sanchez-300x169.webp 300w\" sizes=\"(max-width: 640px) 100vw, 640px\" \/><\/figure><\/div>\n\n\n<p>En el dormitorio es imprescindible utilizar <strong>l\u00e1mparas auxiliares<\/strong>, bien encima de las mesitas bien a modo de apliques o colgantes, adicionalmente a la luminaria principal de la estancia.<\/p>\n\n\n\n<p>Joaqu\u00edn no se queda atr\u00e1s en la elecci\u00f3n de este tipo de l\u00e1mpara y junto a su mujer han elegido unas l\u00e1mparas con mucha personalidad.<\/p>\n\n\n<div class=\"wp-block-image\">\n<figure class=\"aligncenter size-full\"><img decoding=\"async\" loading=\"lazy\" width=\"640\" height=\"360\" src=\"https:\/\/www.luzeco.com\/blog\/wp-content\/uploads\/2023\/03\/iluminacion-auxiliar-joaquin.jpg\" alt=\"\" class=\"wp-image-946\" srcset=\"https:\/\/www.luzeco.com\/blog\/wp-content\/uploads\/2023\/03\/iluminacion-auxiliar-joaquin.jpg 640w, https:\/\/www.luzeco.com\/blog\/wp-content\/uploads\/2023\/03\/iluminacion-auxiliar-joaquin-300x169.jpg 300w\" sizes=\"(max-width: 640px) 100vw, 640px\" \/><\/figure><\/div>\n\n\n<p>De estilo arabesco, imponentes y a juego con el cabecero, los cojines y las mesitas auxiliares. Una elecci\u00f3n monocrom\u00e1tica que aporta elegancia y sofisticaci\u00f3n a la estancia. Te proponemos opciones similares para que puedas tener un dormitorio como el suyo:<\/p>\n\n\n\n<figure class=\"is-layout-flex wp-block-gallery-5 wp-block-gallery has-nested-images columns-default is-cropped\">\n<figure class=\"wp-block-image size-large\"><a href=\"https:\/\/www.luzeco.com\/es\/lamparas-de-sobremesa\/6306-sobremesa-grande-transparente-schuller-mercury-8435435306762.html\"><img decoding=\"async\" loading=\"lazy\" width=\"300\" height=\"300\" data-id=\"930\"  src=\"https:\/\/www.luzeco.com\/blog\/wp-content\/uploads\/2023\/03\/Sin-titulo-8jpg.jpg\" alt=\"\" class=\"wp-image-930\" srcset=\"https:\/\/www.luzeco.com\/blog\/wp-content\/uploads\/2023\/03\/Sin-titulo-8jpg.jpg 300w, https:\/\/www.luzeco.com\/blog\/wp-content\/uploads\/2023\/03\/Sin-titulo-8jpg-150x150.jpg 150w, https:\/\/www.luzeco.com\/blog\/wp-content\/uploads\/2023\/03\/Sin-titulo-8jpg-80x80.jpg 80w\" sizes=\"(max-width: 300px) 100vw, 300px\" \/><\/a><\/figure>\n\n\n\n<figure class=\"wp-block-image size-large\"><a href=\"https:\/\/www.luzeco.com\/es\/lamparas-de-sobremesa\/6475-sobremesa-trasparente-cp-schuller-lin-8435435307103.html\"><img decoding=\"async\" loading=\"lazy\" width=\"300\" height=\"300\" data-id=\"931\"  src=\"https:\/\/www.luzeco.com\/blog\/wp-content\/uploads\/2023\/03\/Sin-titulo-9.jpg\" alt=\"\" class=\"wp-image-931\" srcset=\"https:\/\/www.luzeco.com\/blog\/wp-content\/uploads\/2023\/03\/Sin-titulo-9.jpg 300w, https:\/\/www.luzeco.com\/blog\/wp-content\/uploads\/2023\/03\/Sin-titulo-9-150x150.jpg 150w, https:\/\/www.luzeco.com\/blog\/wp-content\/uploads\/2023\/03\/Sin-titulo-9-80x80.jpg 80w\" sizes=\"(max-width: 300px) 100vw, 300px\" \/><\/a><\/figure>\n\n\n\n<figure class=\"wp-block-image size-large\"><a href=\"https:\/\/www.luzeco.com\/es\/lamparas-de-sobremesa\/6469-sobremesa-pequeno-platanegro-schuller-deco-8435435322687.html\"><img decoding=\"async\" loading=\"lazy\" width=\"300\" height=\"300\" data-id=\"932\"  src=\"https:\/\/www.luzeco.com\/blog\/wp-content\/uploads\/2023\/03\/Sin-titulo-10.jpg\" alt=\"\" class=\"wp-image-932\" srcset=\"https:\/\/www.luzeco.com\/blog\/wp-content\/uploads\/2023\/03\/Sin-titulo-10.jpg 300w, https:\/\/www.luzeco.com\/blog\/wp-content\/uploads\/2023\/03\/Sin-titulo-10-150x150.jpg 150w, https:\/\/www.luzeco.com\/blog\/wp-content\/uploads\/2023\/03\/Sin-titulo-10-80x80.jpg 80w\" sizes=\"(max-width: 300px) 100vw, 300px\" \/><\/a><\/figure>\n<\/figure>\n\n\n\n<p>Y por \u00faltimo, terminando este house tour donde hemos querido ayudarte a decorar tu casa como la de un famoso, salimos a la <strong>zona exterior<\/strong>. Aqu\u00ed, Joaqu\u00edn S\u00e1nchez sabe que la comodidad, usabilidad y calidad del mobiliario es fundamental, por lo que se centra en ese gran lema de &#8216;menos es m\u00e1s&#8217; para tener en casa un par de tumbonas deluxe, una zona de sal\u00f3n-comedor techada y varios objetos decorativos con luz.<\/p>\n\n\n<div class=\"wp-block-image\">\n<figure class=\"aligncenter size-full\"><img decoding=\"async\" loading=\"lazy\" width=\"620\" height=\"349\" src=\"https:\/\/www.luzeco.com\/blog\/wp-content\/uploads\/2023\/03\/casa-joaquin-sanchez-exterior.jpg\" alt=\"\" class=\"wp-image-936\" srcset=\"https:\/\/www.luzeco.com\/blog\/wp-content\/uploads\/2023\/03\/casa-joaquin-sanchez-exterior.jpg 620w, https:\/\/www.luzeco.com\/blog\/wp-content\/uploads\/2023\/03\/casa-joaquin-sanchez-exterior-300x169.jpg 300w\" sizes=\"(max-width: 620px) 100vw, 620px\" \/><\/figure><\/div>\n\n\n<p>Parece algo sin importancia, pero incluir en tus ambientes de exterior iluminaci\u00f3n extra y decorativa es FUNDAMENTAL para que estos espacios sean funcionales y c\u00f3modos, adem\u00e1s de bonitos. En Luzeco ofrecemos diversos modelos y podemos asesorarte en funci\u00f3n de tus gustos y el espacio, pero sin duda decorando como la casa de Joaqu\u00edn, estos ser\u00edan los modelos ganadores:<\/p>\n\n\n\n<figure class=\"is-layout-flex wp-block-gallery-7 wp-block-gallery has-nested-images columns-default is-cropped\">\n<figure class=\"wp-block-image size-large\"><a href=\"https:\/\/www.luzeco.com\/es\/luz-decorativa\/5895-new-garden-fredo-lampara-de-pie-decorativa-rgb-exterior-8435578502502.html\"><img decoding=\"async\" loading=\"lazy\" width=\"300\" height=\"300\" data-id=\"938\"  src=\"https:\/\/www.luzeco.com\/blog\/wp-content\/uploads\/2023\/03\/Sin-titulo-11.jpg\" alt=\"\" class=\"wp-image-938\" srcset=\"https:\/\/www.luzeco.com\/blog\/wp-content\/uploads\/2023\/03\/Sin-titulo-11.jpg 300w, https:\/\/www.luzeco.com\/blog\/wp-content\/uploads\/2023\/03\/Sin-titulo-11-150x150.jpg 150w, https:\/\/www.luzeco.com\/blog\/wp-content\/uploads\/2023\/03\/Sin-titulo-11-80x80.jpg 80w\" sizes=\"(max-width: 300px) 100vw, 300px\" \/><\/a><\/figure>\n\n\n\n<figure class=\"wp-block-image size-full\"><a href=\"https:\/\/www.luzeco.com\/es\/luz-decorativa\/5899-new-garden-buly-bolas-de-luz-solar-rgb-%C3%B830-cm-8436558747128.html\"><img decoding=\"async\" loading=\"lazy\" width=\"300\" height=\"300\" data-id=\"941\"  src=\"https:\/\/www.luzeco.com\/blog\/wp-content\/uploads\/2023\/03\/Sin-titulo-121.jpg\" alt=\"\" class=\"wp-image-941\" srcset=\"https:\/\/www.luzeco.com\/blog\/wp-content\/uploads\/2023\/03\/Sin-titulo-121.jpg 300w, https:\/\/www.luzeco.com\/blog\/wp-content\/uploads\/2023\/03\/Sin-titulo-121-150x150.jpg 150w, https:\/\/www.luzeco.com\/blog\/wp-content\/uploads\/2023\/03\/Sin-titulo-121-80x80.jpg 80w\" sizes=\"(max-width: 300px) 100vw, 300px\" \/><\/a><\/figure>\n\n\n\n<figure class=\"wp-block-image size-large\"><a href=\"https:\/\/www.luzeco.com\/es\/luz-decorativa\/7699-lampara-165-cm-bateria-recargable-newgarden-lola-8436542234887.html\"><img decoding=\"async\" loading=\"lazy\" width=\"300\" height=\"300\" data-id=\"940\"  src=\"https:\/\/www.luzeco.com\/blog\/wp-content\/uploads\/2023\/03\/Sin-titulo-13.jpg\" alt=\"\" class=\"wp-image-940\" srcset=\"https:\/\/www.luzeco.com\/blog\/wp-content\/uploads\/2023\/03\/Sin-titulo-13.jpg 300w, https:\/\/www.luzeco.com\/blog\/wp-content\/uploads\/2023\/03\/Sin-titulo-13-150x150.jpg 150w, https:\/\/www.luzeco.com\/blog\/wp-content\/uploads\/2023\/03\/Sin-titulo-13-80x80.jpg 80w\" sizes=\"(max-width: 300px) 100vw, 300px\" \/><\/a><\/figure>\n<\/figure>\n\n\n\n<p>Si no te gustan las l\u00e1mparas de exterior de este estilo, siempre puedes optar por las <a href=\"https:\/\/www.luzeco.com\/es\/536-luz-decorativa?q=Material-Fibra+natural-Rat%C3%A1n\">l\u00e1mparas de rat\u00e1n o fibras naturales<\/a>, que le aportan un toque de calidez a estos espacios y que te recomendamos.<\/p>\n\n\n\n<p>Y hasta aqu\u00ed nuestra selecci\u00f3n de la mejor decoraci\u00f3n de Joaqu\u00edn S\u00e1nchez, el famoso futbolista del Betis que tan de moda est\u00e1 actualmente.<\/p>\n\n\n\n<p>\u00bfQu\u00e9 te parece? \u00bfTe animas con una decoraci\u00f3n de este estilo?<\/p>\n\n\n\n<p><\/p>\n\n\n\n<p><strong>El equipo de Luzeco Lighting<\/strong><\/p>\n","protected":false},"excerpt":{"rendered":"<p>Tras los grandes \u00e9xitos protagonizados por el reconocido futbolista Joaqu\u00edn S\u00e1nchez y ahora presentador de su propio programa de televisi\u00f3n, desgranamos sus famosos y c\u00f3micos v\u00eddeos y entrevistas personales para mostrarte c\u00f3mo decorar tu casa como Joaqu\u00edn, el futbolista del Real Betis Balompi\u00e9. Decora tu hogar como un famoso Siempre nos entra curiosidad por saber c\u00f3mo es por dentro la casa de un famoso; c\u00f3mo ser\u00e1n sus habitaciones, su sal\u00f3n&#8230; imaginarnos el entorno donde pasa su tiempo de descanso. En esta ocasi\u00f3n queremos contaros c\u00f3mo tiene Joaqu\u00edn S\u00e1nchez decorada su casa, d\u00f3nde graba los v\u00eddeos de humor que sube a las redes y c\u00f3mo es el entorno de tales ocurrencias. Como hemos visto en su reciente entrevista y v\u00eddeos de sus redes sociales, Joaqu\u00edn utiliza iluminaci\u00f3n tanto principal como auxiliar en casa, tambi\u00e9n en zonas [&hellip;]<\/p>\n","protected":false},"author":1,"featured_media":944,"comment_status":"closed","ping_status":"open","sticky":false,"template":"","format":"standard","meta":[],"categories":[9],"tags":[34,32,33,20,35,36],"yoast_head":"<!-- This site is optimized with the Yoast SEO plugin v19.14 - https:\/\/yoast.com\/wordpress\/plugins\/seo\/ -->\n<title>Decora tu casa como Joaqu\u00edn el del Betis - Blog LUZECO<\/title>\n<meta name=\"description\" content=\"En este post te mostramos c\u00f3mo decorar tu casa como Joaqu\u00edn, el futbolista del Real Betis Balompi\u00e9\" \/>\n<meta name=\"robots\" content=\"index, follow, max-snippet:-1, max-image-preview:large, max-video-preview:-1\" \/>\n<link rel=\"canonical\" href=\"https:\/\/www.luzeco.com\/blog\/decora-tu-casa-como-joaquin-el-del-betis\/\" \/>\n<meta property=\"og:locale\" content=\"es_ES\" \/>\n<meta property=\"og:type\" content=\"article\" \/>\n<meta property=\"og:title\" content=\"Decora tu casa como Joaqu\u00edn el del Betis - Blog LUZECO\" \/>\n<meta property=\"og:description\" content=\"En este post te mostramos c\u00f3mo decorar tu casa como Joaqu\u00edn, el futbolista del Real Betis Balompi\u00e9\" \/>\n<meta property=\"og:url\" content=\"https:\/\/www.luzeco.com\/blog\/decora-tu-casa-como-joaquin-el-del-betis\/\" \/>\n<meta property=\"og:site_name\" content=\"Blog LUZECO\" \/>\n<meta property=\"article:published_time\" content=\"2023-03-15T11:29:46+00:00\" \/>\n<meta property=\"article:modified_time\" content=\"2023-03-15T13:04:52+00:00\" \/>\n<meta property=\"og:image\" content=\"https:\/\/www.luzeco.com\/blog\/wp-content\/uploads\/2023\/03\/joaquin-sanchez-jugador-del-betis.jpeg\" \/>\n\t<meta property=\"og:image:width\" content=\"1280\" \/>\n\t<meta property=\"og:image:height\" content=\"720\" \/>\n\t<meta property=\"og:image:type\" content=\"image\/jpeg\" \/>\n<meta name=\"author\" content=\"luzeco\" \/>\n<meta name=\"twitter:card\" content=\"summary_large_image\" \/>\n<meta name=\"twitter:label1\" content=\"Escrito por\" \/>\n\t<meta name=\"twitter:data1\" content=\"luzeco\" \/>\n\t<meta name=\"twitter:label2\" content=\"Tiempo de lectura\" \/>\n\t<meta name=\"twitter:data2\" content=\"7 minutos\" \/>\n<script type=\"application\/ld+json\" class=\"yoast-schema-graph\">{\"@context\":\"https:\/\/schema.org\",\"@graph\":[{\"@type\":\"Article\",\"@id\":\"https:\/\/www.luzeco.com\/blog\/decora-tu-casa-como-joaquin-el-del-betis\/#article\",\"isPartOf\":{\"@id\":\"https:\/\/www.luzeco.com\/blog\/decora-tu-casa-como-joaquin-el-del-betis\/\"},\"author\":{\"name\":\"luzeco\",\"@id\":\"https:\/\/www.luzeco.com\/blog\/#\/schema\/person\/1fcf316166a5c59805f56fcacd66f42a\"},\"headline\":\"Decora tu casa como Joaqu\u00edn el del Betis\",\"datePublished\":\"2023-03-15T11:29:46+00:00\",\"dateModified\":\"2023-03-15T13:04:52+00:00\",\"mainEntityOfPage\":{\"@id\":\"https:\/\/www.luzeco.com\/blog\/decora-tu-casa-como-joaquin-el-del-betis\/\"},\"wordCount\":692,\"publisher\":{\"@id\":\"https:\/\/www.luzeco.com\/blog\/#organization\"},\"keywords\":[\"decora como un famoso\",\"decoraci\u00f3n famosos\",\"iluminaci\u00f3n famosos\",\"iluminar estancia\",\"joaqu\u00edn el del betis\",\"joaqu\u00edn s\u00e1nchez\"],\"articleSection\":[\"Visto en\"],\"inLanguage\":\"es\"},{\"@type\":\"WebPage\",\"@id\":\"https:\/\/www.luzeco.com\/blog\/decora-tu-casa-como-joaquin-el-del-betis\/\",\"url\":\"https:\/\/www.luzeco.com\/blog\/decora-tu-casa-como-joaquin-el-del-betis\/\",\"name\":\"Decora tu casa como Joaqu\u00edn el del Betis - Blog LUZECO\",\"isPartOf\":{\"@id\":\"https:\/\/www.luzeco.com\/blog\/#website\"},\"datePublished\":\"2023-03-15T11:29:46+00:00\",\"dateModified\":\"2023-03-15T13:04:52+00:00\",\"description\":\"En este post te mostramos c\u00f3mo decorar tu casa como Joaqu\u00edn, el futbolista del Real Betis Balompi\u00e9\",\"breadcrumb\":{\"@id\":\"https:\/\/www.luzeco.com\/blog\/decora-tu-casa-como-joaquin-el-del-betis\/#breadcrumb\"},\"inLanguage\":\"es\",\"potentialAction\":[{\"@type\":\"ReadAction\",\"target\":[\"https:\/\/www.luzeco.com\/blog\/decora-tu-casa-como-joaquin-el-del-betis\/\"]}]},{\"@type\":\"BreadcrumbList\",\"@id\":\"https:\/\/www.luzeco.com\/blog\/decora-tu-casa-como-joaquin-el-del-betis\/#breadcrumb\",\"itemListElement\":[{\"@type\":\"ListItem\",\"position\":1,\"name\":\"Home\",\"item\":\"https:\/\/www.luzeco.com\/blog\/\"},{\"@type\":\"ListItem\",\"position\":2,\"name\":\"Decora tu casa como Joaqu\u00edn el del Betis\"}]},{\"@type\":\"WebSite\",\"@id\":\"https:\/\/www.luzeco.com\/blog\/#website\",\"url\":\"https:\/\/www.luzeco.com\/blog\/\",\"name\":\"Blog LUZECO\",\"description\":\"L\u00edder en iluminaci\u00f3n y decoraci\u00f3n\",\"publisher\":{\"@id\":\"https:\/\/www.luzeco.com\/blog\/#organization\"},\"potentialAction\":[{\"@type\":\"SearchAction\",\"target\":{\"@type\":\"EntryPoint\",\"urlTemplate\":\"https:\/\/www.luzeco.com\/blog\/?s={search_term_string}\"},\"query-input\":\"required name=search_term_string\"}],\"inLanguage\":\"es\"},{\"@type\":\"Organization\",\"@id\":\"https:\/\/www.luzeco.com\/blog\/#organization\",\"name\":\"LUZECO LIGHTING\",\"url\":\"https:\/\/www.luzeco.com\/blog\/\",\"logo\":{\"@type\":\"ImageObject\",\"inLanguage\":\"es\",\"@id\":\"https:\/\/www.luzeco.com\/blog\/#\/schema\/logo\/image\/\",\"url\":\"https:\/\/www.luzeco.com\/blog\/wp-content\/uploads\/2020\/09\/cropped-luzeco-icono.png\",\"contentUrl\":\"https:\/\/www.luzeco.com\/blog\/wp-content\/uploads\/2020\/09\/cropped-luzeco-icono.png\",\"width\":512,\"height\":512,\"caption\":\"LUZECO LIGHTING\"},\"image\":{\"@id\":\"https:\/\/www.luzeco.com\/blog\/#\/schema\/logo\/image\/\"}},{\"@type\":\"Person\",\"@id\":\"https:\/\/www.luzeco.com\/blog\/#\/schema\/person\/1fcf316166a5c59805f56fcacd66f42a\",\"name\":\"luzeco\",\"image\":{\"@type\":\"ImageObject\",\"inLanguage\":\"es\",\"@id\":\"https:\/\/www.luzeco.com\/blog\/#\/schema\/person\/image\/\",\"url\":\"https:\/\/secure.gravatar.com\/avatar\/50258ce9bf6774e06410b8db81d34f8a?s=96&d=mm&r=g\",\"contentUrl\":\"https:\/\/secure.gravatar.com\/avatar\/50258ce9bf6774e06410b8db81d34f8a?s=96&d=mm&r=g\",\"caption\":\"luzeco\"},\"sameAs\":[\"https:\/\/www.luzeco.com\/blog\"],\"url\":\"https:\/\/www.luzeco.com\/blog\/author\/luzeco\/\"}]}<\/script>\n<!-- \/ Yoast SEO plugin. -->","yoast_head_json":{"title":"Decora tu casa como Joaqu\u00edn el del Betis - Blog LUZECO","description":"En este post te mostramos c\u00f3mo decorar tu casa como Joaqu\u00edn, el futbolista del Real Betis Balompi\u00e9","robots":{"index":"index","follow":"follow","max-snippet":"max-snippet:-1","max-image-preview":"max-image-preview:large","max-video-preview":"max-video-preview:-1"},"canonical":"https:\/\/www.luzeco.com\/blog\/decora-tu-casa-como-joaquin-el-del-betis\/","og_locale":"es_ES","og_type":"article","og_title":"Decora tu casa como Joaqu\u00edn el del Betis - Blog LUZECO","og_description":"En este post te mostramos c\u00f3mo decorar tu casa como Joaqu\u00edn, el futbolista del Real Betis Balompi\u00e9","og_url":"https:\/\/www.luzeco.com\/blog\/decora-tu-casa-como-joaquin-el-del-betis\/","og_site_name":"Blog LUZECO","article_published_time":"2023-03-15T11:29:46+00:00","article_modified_time":"2023-03-15T13:04:52+00:00","og_image":[{"width":1280,"height":720,"url":"https:\/\/www.luzeco.com\/blog\/wp-content\/uploads\/2023\/03\/joaquin-sanchez-jugador-del-betis.jpeg","type":"image\/jpeg"}],"author":"luzeco","twitter_card":"summary_large_image","twitter_misc":{"Escrito por":"luzeco","Tiempo de lectura":"7 minutos"},"schema":{"@context":"https:\/\/schema.org","@graph":[{"@type":"Article","@id":"https:\/\/www.luzeco.com\/blog\/decora-tu-casa-como-joaquin-el-del-betis\/#article","isPartOf":{"@id":"https:\/\/www.luzeco.com\/blog\/decora-tu-casa-como-joaquin-el-del-betis\/"},"author":{"name":"luzeco","@id":"https:\/\/www.luzeco.com\/blog\/#\/schema\/person\/1fcf316166a5c59805f56fcacd66f42a"},"headline":"Decora tu casa como Joaqu\u00edn el del Betis","datePublished":"2023-03-15T11:29:46+00:00","dateModified":"2023-03-15T13:04:52+00:00","mainEntityOfPage":{"@id":"https:\/\/www.luzeco.com\/blog\/decora-tu-casa-como-joaquin-el-del-betis\/"},"wordCount":692,"publisher":{"@id":"https:\/\/www.luzeco.com\/blog\/#organization"},"keywords":["decora como un famoso","decoraci\u00f3n famosos","iluminaci\u00f3n famosos","iluminar estancia","joaqu\u00edn el del betis","joaqu\u00edn s\u00e1nchez"],"articleSection":["Visto en"],"inLanguage":"es"},{"@type":"WebPage","@id":"https:\/\/www.luzeco.com\/blog\/decora-tu-casa-como-joaquin-el-del-betis\/","url":"https:\/\/www.luzeco.com\/blog\/decora-tu-casa-como-joaquin-el-del-betis\/","name":"Decora tu casa como Joaqu\u00edn el del Betis - Blog LUZECO","isPartOf":{"@id":"https:\/\/www.luzeco.com\/blog\/#website"},"datePublished":"2023-03-15T11:29:46+00:00","dateModified":"2023-03-15T13:04:52+00:00","description":"En este post te mostramos c\u00f3mo decorar tu casa como Joaqu\u00edn, el futbolista del Real Betis Balompi\u00e9","breadcrumb":{"@id":"https:\/\/www.luzeco.com\/blog\/decora-tu-casa-como-joaquin-el-del-betis\/#breadcrumb"},"inLanguage":"es","potentialAction":[{"@type":"ReadAction","target":["https:\/\/www.luzeco.com\/blog\/decora-tu-casa-como-joaquin-el-del-betis\/"]}]},{"@type":"BreadcrumbList","@id":"https:\/\/www.luzeco.com\/blog\/decora-tu-casa-como-joaquin-el-del-betis\/#breadcrumb","itemListElement":[{"@type":"ListItem","position":1,"name":"Home","item":"https:\/\/www.luzeco.com\/blog\/"},{"@type":"ListItem","position":2,"name":"Decora tu casa como Joaqu\u00edn el del Betis"}]},{"@type":"WebSite","@id":"https:\/\/www.luzeco.com\/blog\/#website","url":"https:\/\/www.luzeco.com\/blog\/","name":"Blog LUZECO","description":"L\u00edder en iluminaci\u00f3n y decoraci\u00f3n","publisher":{"@id":"https:\/\/www.luzeco.com\/blog\/#organization"},"potentialAction":[{"@type":"SearchAction","target":{"@type":"EntryPoint","urlTemplate":"https:\/\/www.luzeco.com\/blog\/?s={search_term_string}"},"query-input":"required name=search_term_string"}],"inLanguage":"es"},{"@type":"Organization","@id":"https:\/\/www.luzeco.com\/blog\/#organization","name":"LUZECO LIGHTING","url":"https:\/\/www.luzeco.com\/blog\/","logo":{"@type":"ImageObject","inLanguage":"es","@id":"https:\/\/www.luzeco.com\/blog\/#\/schema\/logo\/image\/","url":"https:\/\/www.luzeco.com\/blog\/wp-content\/uploads\/2020\/09\/cropped-luzeco-icono.png","contentUrl":"https:\/\/www.luzeco.com\/blog\/wp-content\/uploads\/2020\/09\/cropped-luzeco-icono.png","width":512,"height":512,"caption":"LUZECO LIGHTING"},"image":{"@id":"https:\/\/www.luzeco.com\/blog\/#\/schema\/logo\/image\/"}},{"@type":"Person","@id":"https:\/\/www.luzeco.com\/blog\/#\/schema\/person\/1fcf316166a5c59805f56fcacd66f42a","name":"luzeco","image":{"@type":"ImageObject","inLanguage":"es","@id":"https:\/\/www.luzeco.com\/blog\/#\/schema\/person\/image\/","url":"https:\/\/secure.gravatar.com\/avatar\/50258ce9bf6774e06410b8db81d34f8a?s=96&d=mm&r=g","contentUrl":"https:\/\/secure.gravatar.com\/avatar\/50258ce9bf6774e06410b8db81d34f8a?s=96&d=mm&r=g","caption":"luzeco"},"sameAs":["https:\/\/www.luzeco.com\/blog"],"url":"https:\/\/www.luzeco.com\/blog\/author\/luzeco\/"}]}},"_links":{"self":[{"href":"https:\/\/www.luzeco.com\/blog\/wp-json\/wp\/v2\/posts\/917"}],"collection":[{"href":"https:\/\/www.luzeco.com\/blog\/wp-json\/wp\/v2\/posts"}],"about":[{"href":"https:\/\/www.luzeco.com\/blog\/wp-json\/wp\/v2\/types\/post"}],"author":[{"embeddable":true,"href":"https:\/\/www.luzeco.com\/blog\/wp-json\/wp\/v2\/users\/1"}],"replies":[{"embeddable":true,"href":"https:\/\/www.luzeco.com\/blog\/wp-json\/wp\/v2\/comments?post=917"}],"version-history":[{"count":10,"href":"https:\/\/www.luzeco.com\/blog\/wp-json\/wp\/v2\/posts\/917\/revisions"}],"predecessor-version":[{"id":948,"href":"https:\/\/www.luzeco.com\/blog\/wp-json\/wp\/v2\/posts\/917\/revisions\/948"}],"wp:featuredmedia":[{"embeddable":true,"href":"https:\/\/www.luzeco.com\/blog\/wp-json\/wp\/v2\/media\/944"}],"wp:attachment":[{"href":"https:\/\/www.luzeco.com\/blog\/wp-json\/wp\/v2\/media?parent=917"}],"wp:term":[{"taxonomy":"category","embeddable":true,"href":"https:\/\/www.luzeco.com\/blog\/wp-json\/wp\/v2\/categories?post=917"},{"taxonomy":"post_tag","embeddable":true,"href":"https:\/\/www.luzeco.com\/blog\/wp-json\/wp\/v2\/tags?post=917"}],"curies":[{"name":"wp","href":"https:\/\/api.w.org\/{rel}","templated":true}]}}