{"id":875,"date":"2023-01-18T12:05:04","date_gmt":"2023-01-18T12:05:04","guid":{"rendered":"https:\/\/www.luzeco.com\/blog\/?p=875"},"modified":"2023-01-18T13:49:22","modified_gmt":"2023-01-18T13:49:22","slug":"focos-de-carril-para-techo","status":"publish","type":"post","link":"https:\/\/www.luzeco.com\/blog\/focos-de-carril-para-techo\/","title":{"rendered":"Focos de carril: todo sobre ellos"},"content":{"rendered":"\n<p>Focos de carril, carril led de techo, carriles para focos de led&#8230; a todos nos suena pero nos surgen muchas dudas sobre esta tipolog\u00eda de producto. Hoy en el blog te lo contamos todo sobre ellos.<\/p>\n\n\n\n<p>Solemos verlos (aunque no solemos fijarnos) en multitud de tiendas y comercios, instalados sobre techos o paredes alumbrando el producto en cuesti\u00f3n. Son muy utilizados y sin embargo se habla poco sobre ellos, pero&#8230; \u00bfsabes realmente todo acerca de los focos de carril?<\/p>\n\n\n\n<figure class=\"is-layout-flex wp-block-gallery-1 wp-block-gallery has-nested-images columns-default is-cropped\">\n<figure class=\"wp-block-image size-large\"><img decoding=\"async\" loading=\"lazy\" width=\"997\" height=\"997\" data-id=\"904\"  src=\"https:\/\/www.luzeco.com\/blog\/wp-content\/uploads\/2023\/01\/ZOOM-T3764N-AMB.jpg\" alt=\"\" class=\"wp-image-904\" srcset=\"https:\/\/www.luzeco.com\/blog\/wp-content\/uploads\/2023\/01\/ZOOM-T3764N-AMB.jpg 997w, https:\/\/www.luzeco.com\/blog\/wp-content\/uploads\/2023\/01\/ZOOM-T3764N-AMB-300x300.jpg 300w, https:\/\/www.luzeco.com\/blog\/wp-content\/uploads\/2023\/01\/ZOOM-T3764N-AMB-150x150.jpg 150w, https:\/\/www.luzeco.com\/blog\/wp-content\/uploads\/2023\/01\/ZOOM-T3764N-AMB-768x768.jpg 768w, https:\/\/www.luzeco.com\/blog\/wp-content\/uploads\/2023\/01\/ZOOM-T3764N-AMB-80x80.jpg 80w\" sizes=\"(max-width: 997px) 100vw, 997px\" \/><\/figure>\n\n\n\n<figure class=\"wp-block-image size-large\"><img decoding=\"async\" loading=\"lazy\" width=\"700\" height=\"700\" data-id=\"906\"  src=\"https:\/\/www.luzeco.com\/blog\/wp-content\/uploads\/2023\/01\/ISQUIA-R4117-AMB.jpg\" alt=\"\" class=\"wp-image-906\" srcset=\"https:\/\/www.luzeco.com\/blog\/wp-content\/uploads\/2023\/01\/ISQUIA-R4117-AMB.jpg 700w, https:\/\/www.luzeco.com\/blog\/wp-content\/uploads\/2023\/01\/ISQUIA-R4117-AMB-300x300.jpg 300w, https:\/\/www.luzeco.com\/blog\/wp-content\/uploads\/2023\/01\/ISQUIA-R4117-AMB-150x150.jpg 150w, https:\/\/www.luzeco.com\/blog\/wp-content\/uploads\/2023\/01\/ISQUIA-R4117-AMB-80x80.jpg 80w\" sizes=\"(max-width: 700px) 100vw, 700px\" \/><\/figure>\n<\/figure>\n\n\n\n<h2>\u00bfQu\u00e9 son los focos de carril?<\/h2>\n\n\n\n<p>Nombrados de m\u00faltiples formas y con un sinf\u00edn de posibilidades, los carriles o rieles de techo son un sistema de iluminaci\u00f3n que te permite crear cualquier tipo de instalaci\u00f3n en el techo, tanto en cantidad de luces como en tipos de l\u00e1mparas adaptadas a ellos, pero especialmente te permite crear el sistema de iluminaci\u00f3n en base al tama\u00f1o y forma de tu estancia. Este \u00faltimo punto es muy importante porque normalmente dependemos de uno o dos puntos de luz, y nos ce\u00f1imos a \u00e9l para escoger una l\u00e1mpara, sea de una o varias luces, con poco margen de movimiento.<\/p>\n\n\n\n<p>Los carriles de techo te permitan instalar focos m\u00f3viles para ubicarlos donde desees y proyectar la luz hacia donde m\u00e1s te interese, pero tambi\u00e9n moverlos si por cualquier motivo la luz necesita proyectarse hacia otro punto. <\/p>\n\n\n\n<p>Adem\u00e1s, los focos de carril y los propios carriles ocupan muy poco espacio y suelen ser de est\u00e9tica minimalista, por lo que se adaptan a cualquier tipo de decoraci\u00f3n; es m\u00e1s, pasar\u00e1n muy desapercibidos y adem\u00e1s suelen presentarse en color negro o color blanco, los b\u00e1sicos por excelencia.<\/p>\n\n\n\n<figure class=\"is-layout-flex wp-block-gallery-3 wp-block-gallery has-nested-images columns-default is-cropped\">\n<figure class=\"wp-block-image size-large\"><img decoding=\"async\" loading=\"lazy\" width=\"700\" height=\"700\" data-id=\"905\"  src=\"https:\/\/www.luzeco.com\/blog\/wp-content\/uploads\/2023\/01\/BUDELLI-R4116-AMB.jpg\" alt=\"\" class=\"wp-image-905\" srcset=\"https:\/\/www.luzeco.com\/blog\/wp-content\/uploads\/2023\/01\/BUDELLI-R4116-AMB.jpg 700w, https:\/\/www.luzeco.com\/blog\/wp-content\/uploads\/2023\/01\/BUDELLI-R4116-AMB-300x300.jpg 300w, https:\/\/www.luzeco.com\/blog\/wp-content\/uploads\/2023\/01\/BUDELLI-R4116-AMB-150x150.jpg 150w, https:\/\/www.luzeco.com\/blog\/wp-content\/uploads\/2023\/01\/BUDELLI-R4116-AMB-80x80.jpg 80w\" sizes=\"(max-width: 700px) 100vw, 700px\" \/><\/figure>\n\n\n\n<figure class=\"wp-block-image size-large\"><img decoding=\"async\" loading=\"lazy\" width=\"900\" height=\"900\" data-id=\"903\"  src=\"https:\/\/www.luzeco.com\/blog\/wp-content\/uploads\/2023\/01\/MAKO-T3843-AMB.jpg\" alt=\"\" class=\"wp-image-903\" srcset=\"https:\/\/www.luzeco.com\/blog\/wp-content\/uploads\/2023\/01\/MAKO-T3843-AMB.jpg 900w, https:\/\/www.luzeco.com\/blog\/wp-content\/uploads\/2023\/01\/MAKO-T3843-AMB-300x300.jpg 300w, https:\/\/www.luzeco.com\/blog\/wp-content\/uploads\/2023\/01\/MAKO-T3843-AMB-150x150.jpg 150w, https:\/\/www.luzeco.com\/blog\/wp-content\/uploads\/2023\/01\/MAKO-T3843-AMB-768x768.jpg 768w, https:\/\/www.luzeco.com\/blog\/wp-content\/uploads\/2023\/01\/MAKO-T3843-AMB-80x80.jpg 80w\" sizes=\"(max-width: 900px) 100vw, 900px\" \/><\/figure>\n<\/figure>\n\n\n\n<p>Si tienes una estancia con muchas esquinas, o necesitas crear un sistema m\u00e1s complejo para tu tienda o comercio, los rieles en el techo te permiten jugar con esto y planificar de una manera \u00f3ptima su instalaci\u00f3n. Estos constan de carriles de 1 y 2 metros pero con multitud de adaptadores para elaborar un mapa lum\u00ednico acorde a tus necesidades: existen adaptadores en esquina, adaptadores en forma de T, adaptadores en cruz, enganches flexibles para giros curvos&#8230; \u00a1y hasta adaptadores de colgantes! Todo ello con opciones de izquierda y derecha y teniendo en cuenta la direcci\u00f3n de la instalaci\u00f3n el\u00e9ctrica.<\/p>\n\n\n\n<h2>\u00bfExisten focos de carril de diversos formatos?<\/h2>\n\n\n\n<p>La respuesta es breve: S\u00cd. Los focos no tienen por qu\u00e9 ser solamente \u00ab<strong>focos<\/strong>\u00ab, es decir, similares a los apliques de pared sencillos de tubo, si no que podemos escoger tambi\u00e9n <strong>l\u00e1mparas colgantes<\/strong> (y hasta con dise\u00f1os m\u00e1s elaborados, como cualquier otra l\u00e1mpara colgante) e incluso cada vez m\u00e1s salen al mercado dise\u00f1os m\u00e1s chatos, alargados, etc.<\/p>\n\n\n\n<figure class=\"is-layout-flex wp-block-gallery-5 wp-block-gallery has-nested-images columns-default is-cropped\">\n<figure class=\"wp-block-image size-large\"><img decoding=\"async\" loading=\"lazy\" width=\"1024\" height=\"683\" data-id=\"882\"  src=\"https:\/\/www.luzeco.com\/blog\/wp-content\/uploads\/2023\/01\/99759_120_0001-1024x683.jpg\" alt=\"\" class=\"wp-image-882\" srcset=\"https:\/\/www.luzeco.com\/blog\/wp-content\/uploads\/2023\/01\/99759_120_0001-1024x683.jpg 1024w, https:\/\/www.luzeco.com\/blog\/wp-content\/uploads\/2023\/01\/99759_120_0001-300x200.jpg 300w, https:\/\/www.luzeco.com\/blog\/wp-content\/uploads\/2023\/01\/99759_120_0001-768x512.jpg 768w, https:\/\/www.luzeco.com\/blog\/wp-content\/uploads\/2023\/01\/99759_120_0001-1536x1025.jpg 1536w, https:\/\/www.luzeco.com\/blog\/wp-content\/uploads\/2023\/01\/99759_120_0001-2048x1366.jpg 2048w, https:\/\/www.luzeco.com\/blog\/wp-content\/uploads\/2023\/01\/99759_120_0001-1140x760.jpg 1140w, https:\/\/www.luzeco.com\/blog\/wp-content\/uploads\/2023\/01\/99759_120_0001-1920x1281.jpg 1920w\" sizes=\"(max-width: 1024px) 100vw, 1024px\" \/><\/figure>\n<\/figure>\n\n\n\n<p>Adicionalmente, se puede elegir entre <strong>carriles de superficie<\/strong>, que son los que se instalan sobre el techo y el carril se ve a lo largo del mismo (m\u00e1s utilizados si la est\u00e9tica gusta de esta forma, en decoraciones industriales o cuando no se puede hacer aberturas en el techo); y <strong>carriles empotrables<\/strong>, donde la instalaci\u00f3n se hace a ras del techo, como una l\u00e1mpara empotrable, especialmente en paredes de pladur.<\/p>\n\n\n\n<figure class=\"is-layout-flex wp-block-gallery-7 wp-block-gallery has-nested-images columns-default is-cropped\">\n<figure class=\"wp-block-image size-large\"><img decoding=\"async\" loading=\"lazy\" width=\"800\" height=\"800\" data-id=\"881\"  src=\"https:\/\/www.luzeco.com\/blog\/wp-content\/uploads\/2023\/01\/carril-magnetico-20mm-superficie-48v-1m-1.jpg\" alt=\"\" class=\"wp-image-881\" srcset=\"https:\/\/www.luzeco.com\/blog\/wp-content\/uploads\/2023\/01\/carril-magnetico-20mm-superficie-48v-1m-1.jpg 800w, https:\/\/www.luzeco.com\/blog\/wp-content\/uploads\/2023\/01\/carril-magnetico-20mm-superficie-48v-1m-1-300x300.jpg 300w, https:\/\/www.luzeco.com\/blog\/wp-content\/uploads\/2023\/01\/carril-magnetico-20mm-superficie-48v-1m-1-150x150.jpg 150w, https:\/\/www.luzeco.com\/blog\/wp-content\/uploads\/2023\/01\/carril-magnetico-20mm-superficie-48v-1m-1-768x768.jpg 768w, https:\/\/www.luzeco.com\/blog\/wp-content\/uploads\/2023\/01\/carril-magnetico-20mm-superficie-48v-1m-1-80x80.jpg 80w\" sizes=\"(max-width: 800px) 100vw, 800px\" \/><\/figure>\n\n\n\n<figure class=\"wp-block-image size-large\"><img decoding=\"async\" loading=\"lazy\" width=\"800\" height=\"800\" data-id=\"880\"  src=\"https:\/\/www.luzeco.com\/blog\/wp-content\/uploads\/2023\/01\/carril-magnetico-20mm-empotrable-48v-de-1-metro-1.jpg\" alt=\"\" class=\"wp-image-880\" srcset=\"https:\/\/www.luzeco.com\/blog\/wp-content\/uploads\/2023\/01\/carril-magnetico-20mm-empotrable-48v-de-1-metro-1.jpg 800w, https:\/\/www.luzeco.com\/blog\/wp-content\/uploads\/2023\/01\/carril-magnetico-20mm-empotrable-48v-de-1-metro-1-300x300.jpg 300w, https:\/\/www.luzeco.com\/blog\/wp-content\/uploads\/2023\/01\/carril-magnetico-20mm-empotrable-48v-de-1-metro-1-150x150.jpg 150w, https:\/\/www.luzeco.com\/blog\/wp-content\/uploads\/2023\/01\/carril-magnetico-20mm-empotrable-48v-de-1-metro-1-768x768.jpg 768w, https:\/\/www.luzeco.com\/blog\/wp-content\/uploads\/2023\/01\/carril-magnetico-20mm-empotrable-48v-de-1-metro-1-80x80.jpg 80w\" sizes=\"(max-width: 800px) 100vw, 800px\" \/><\/figure>\n<\/figure>\n\n\n\n<p>Adem\u00e1s, existen 3 tipos de carriles en cuanto a su ubicaci\u00f3n: los <strong>carriles cl\u00e1sicos<\/strong>, donde para incluir las l\u00e1mparas o focos elegidos debes usar herramientas de sujeci\u00f3n; los <strong>carriles en suspensi\u00f3n<\/strong>, cuya diferencia radica en un kit de sujeci\u00f3n de este modo; y, por \u00faltimo, tambi\u00e9n existen los <strong>carriles magn\u00e9ticos<\/strong>, que incorporan una l\u00e1mina de hierro para fijar las luminarias magn\u00e9ticas. Este \u00faltimo tipo de instalaci\u00f3n es sumamente simple sin necesidad de usar herramientas. <\/p>\n\n\n\n<p>Es importante resaltar que se pueden instalar diferentes carriles en una misma instalaci\u00f3n, por tramos, de acuerdo a los requerimientos de cada proyecto. Y por supuesto se pueden colocar de manera horizontal y vertical en la superficie de techos o paredes.<\/p>\n\n\n\n<figure class=\"is-layout-flex wp-block-gallery-9 wp-block-gallery has-nested-images columns-default is-cropped\">\n<figure class=\"wp-block-image size-large\"><img decoding=\"async\" loading=\"lazy\" width=\"800\" height=\"800\" data-id=\"883\"  src=\"https:\/\/www.luzeco.com\/blog\/wp-content\/uploads\/2023\/01\/carril-empotrable.jpg\" alt=\"\" class=\"wp-image-883\" srcset=\"https:\/\/www.luzeco.com\/blog\/wp-content\/uploads\/2023\/01\/carril-empotrable.jpg 800w, https:\/\/www.luzeco.com\/blog\/wp-content\/uploads\/2023\/01\/carril-empotrable-300x300.jpg 300w, https:\/\/www.luzeco.com\/blog\/wp-content\/uploads\/2023\/01\/carril-empotrable-150x150.jpg 150w, https:\/\/www.luzeco.com\/blog\/wp-content\/uploads\/2023\/01\/carril-empotrable-768x768.jpg 768w, https:\/\/www.luzeco.com\/blog\/wp-content\/uploads\/2023\/01\/carril-empotrable-80x80.jpg 80w\" sizes=\"(max-width: 800px) 100vw, 800px\" \/><\/figure>\n\n\n\n<figure class=\"wp-block-image size-large\"><img decoding=\"async\" loading=\"lazy\" width=\"800\" height=\"800\" data-id=\"884\"  src=\"https:\/\/www.luzeco.com\/blog\/wp-content\/uploads\/2023\/01\/carril-magnetico-negro.jpg\" alt=\"\" class=\"wp-image-884\" srcset=\"https:\/\/www.luzeco.com\/blog\/wp-content\/uploads\/2023\/01\/carril-magnetico-negro.jpg 800w, https:\/\/www.luzeco.com\/blog\/wp-content\/uploads\/2023\/01\/carril-magnetico-negro-300x300.jpg 300w, https:\/\/www.luzeco.com\/blog\/wp-content\/uploads\/2023\/01\/carril-magnetico-negro-150x150.jpg 150w, https:\/\/www.luzeco.com\/blog\/wp-content\/uploads\/2023\/01\/carril-magnetico-negro-768x768.jpg 768w, https:\/\/www.luzeco.com\/blog\/wp-content\/uploads\/2023\/01\/carril-magnetico-negro-80x80.jpg 80w\" sizes=\"(max-width: 800px) 100vw, 800px\" \/><\/figure>\n<\/figure>\n\n\n\n<p>Los sistemas de carril magn\u00e9tico cuentan con una gran versatilidad, ofrecen una soluci\u00f3n est\u00e9tica, funcional y de \u00faltima tecnolog\u00eda para cualquier proyecto de iluminaci\u00f3n, y por ello, son una opci\u00f3n cada vez m\u00e1s elegida por los arquitectos, interioristas y dise\u00f1adores de iluminaci\u00f3n m\u00e1s exigentes.<\/p>\n\n\n\n<h2>Focos de carril monof\u00e1sicos y focos de carril trif\u00e1sicos<\/h2>\n\n\n\n<p>Seguro que te suenan estos conceptos pero&#8230; \u00bfQu\u00e9 es esto exactamente?<\/p>\n\n\n\n<p>Los focos de carril, como coment\u00e1bamos m\u00e1s arriba, son muy \u00fatiles para a\u00f1adir varias luces sin tener que necesitar m\u00e1s que un \u00fanico punto de luz, pero claro&#8230; \u00bfy si no quieres que se iluminen todos los focos de techo a la vez?<\/p>\n\n\n\n<p>Los <strong>focos de carril monof\u00e1sicos<\/strong> se utilizan cuando el encendido y apagado de todas las luces de tu instalaci\u00f3n de techo es simult\u00e1neo: con un solo interruptor accionas todas las luces a la vez. No obstante, no tiene por qu\u00e9 ser as\u00ed, porque cuando una instalaci\u00f3n consta muchas l\u00e1mparas lo ideal es que el encendido y apagado de las mismas se realice de manera independiente en varios circuitos. A esto se le conoce como focos de carril trif\u00e1sicos.<\/p>\n\n\n\n<p>Los <strong>focos de carril trif\u00e1sicos<\/strong> se utilizan cuando queremos que la instalaci\u00f3n funcione mediante 3 circuitos independientes dentro de un mismo carril, y por tanto conste de 3 encendidos distintos. As\u00ed podremos escoger qu\u00e9 focos encender, qu\u00e9 l\u00e1mparas ir\u00e1n en cada circuito&#8230; y realizar una combinaci\u00f3n entre ellas para tu comercio o tu sal\u00f3n\/comedor, por ejemplo. Con ellos tambi\u00e9n es posible crear carriles bif\u00e1sicos, sin utilizar el tercero. \u00a1Todo son ventajas!<\/p>\n\n\n\n<h2>Escoge iluminar con focos de carril<\/h2>\n\n\n\n<p>Un punto importante en todo este entramado tambi\u00e9n es utilizar la <strong>tecnolog\u00eda LED<\/strong>: tiene un <a href=\"https:\/\/www.luzeco.com\/blog\/reduce-tu-factura-de-la-luz\/\" target=\"_blank\" rel=\"noreferrer noopener\">consumo much\u00edsimo menor<\/a> que los antiguos focos o empotrables (com\u00fanmente llamados ojos de buey) y no existe en ella el sobrecalentamiento. Adem\u00e1s, cabe mencionar que aunque existen focos con casquillo para incluir bombillas GU10 o E27, lo importante es elegirlas tambi\u00e9n LED. En luzeco.com apostamos solo por LED en nuestra <a href=\"https:\/\/www.luzeco.com\/es\/38-bombillas-led\" target=\"_blank\" rel=\"noreferrer noopener\">secci\u00f3n de bombillas<\/a>.<\/p>\n\n\n\n<figure class=\"is-layout-flex wp-block-gallery-11 wp-block-gallery has-nested-images columns-default is-cropped\">\n<figure class=\"wp-block-image size-large\"><img decoding=\"async\" loading=\"lazy\" width=\"700\" height=\"828\" data-id=\"897\"  src=\"https:\/\/www.luzeco.com\/blog\/wp-content\/uploads\/2023\/01\/99749_120_0001-1.jpg\" alt=\"\" class=\"wp-image-897\" srcset=\"https:\/\/www.luzeco.com\/blog\/wp-content\/uploads\/2023\/01\/99749_120_0001-1.jpg 700w, https:\/\/www.luzeco.com\/blog\/wp-content\/uploads\/2023\/01\/99749_120_0001-1-254x300.jpg 254w\" sizes=\"(max-width: 700px) 100vw, 700px\" \/><\/figure>\n\n\n\n<figure class=\"wp-block-image size-large\"><img decoding=\"async\" loading=\"lazy\" width=\"700\" height=\"845\" data-id=\"898\"  src=\"https:\/\/www.luzeco.com\/blog\/wp-content\/uploads\/2023\/01\/99761_120_0001-1.jpg\" alt=\"\" class=\"wp-image-898\" srcset=\"https:\/\/www.luzeco.com\/blog\/wp-content\/uploads\/2023\/01\/99761_120_0001-1.jpg 700w, https:\/\/www.luzeco.com\/blog\/wp-content\/uploads\/2023\/01\/99761_120_0001-1-249x300.jpg 249w\" sizes=\"(max-width: 700px) 100vw, 700px\" \/><\/figure>\n<\/figure>\n\n\n\n<p>Por \u00faltimo, por supuesto siempre es importante escoger la temperatura de luz que m\u00e1s te guste, y es que los focos de carril suelen estar disponibles siempre en luz c\u00e1lida y en luz neutra para adecuarlos al lugar donde van a instalarse: no es lo mismo una tienda textil, una farmacia o el sal\u00f3n de un hogar.<\/p>\n\n\n\n<p>En Luzeco Lighting podemos asesorarte con nuestros expertos que cuentan con m\u00e1s de 40 a\u00f1os de experiencia y, en base a tus necesidades, elaborar un mapa de todos los accesorios y productos que necesita tu instalaci\u00f3n ideal, no importa si es un hogar o un local comercial. Nosotros tenemos la experiencia y t\u00fa tienes tu propia idea y estilo, \u00a1escr\u00edbenos!<\/p>\n\n\n\n<p>*Este tipo de producto, al ser un producto m\u00e1s t\u00e9cnico y especial, no est\u00e1 disponible en web. Cont\u00e1ctanos y te informaremos de todo lo que necesites.<\/p>\n","protected":false},"excerpt":{"rendered":"<p>Focos de carril, carril led de techo, carriles para focos de led&#8230; a todos nos suena pero nos surgen muchas dudas sobre esta tipolog\u00eda de producto. Hoy en el blog te lo contamos todo sobre ellos. Solemos verlos (aunque no solemos fijarnos) en multitud de tiendas y comercios, instalados sobre techos o paredes alumbrando el producto en cuesti\u00f3n. Son muy utilizados y sin embargo se habla poco sobre ellos, pero&#8230; \u00bfsabes realmente todo acerca de los focos de carril? \u00bfQu\u00e9 son los focos de carril? Nombrados de m\u00faltiples formas y con un sinf\u00edn de posibilidades, los carriles o rieles de techo son un sistema de iluminaci\u00f3n que te permite crear cualquier tipo de instalaci\u00f3n en el techo, tanto en cantidad de luces como en tipos de l\u00e1mparas adaptadas a ellos, pero especialmente te permite crear [&hellip;]<\/p>\n","protected":false},"author":1,"featured_media":901,"comment_status":"closed","ping_status":"open","sticky":false,"template":"","format":"standard","meta":[],"categories":[5],"tags":[25,26,22,24,23,31,30,20,29,27,28],"yoast_head":"<!-- This site is optimized with the Yoast SEO plugin v19.14 - https:\/\/yoast.com\/wordpress\/plugins\/seo\/ -->\n<title>Focos de carril: todo sobre ellos - Blog LUZECO<\/title>\n<meta name=\"description\" content=\"Focos de carril, carril led de techo, carriles para focos de led... hoy en el blog te lo contamos todo sobre ellos.\" \/>\n<meta name=\"robots\" content=\"index, follow, max-snippet:-1, max-image-preview:large, max-video-preview:-1\" \/>\n<link rel=\"canonical\" href=\"https:\/\/www.luzeco.com\/blog\/focos-de-carril-para-techo\/\" \/>\n<meta property=\"og:locale\" content=\"es_ES\" \/>\n<meta property=\"og:type\" content=\"article\" \/>\n<meta property=\"og:title\" content=\"Focos de carril: todo sobre ellos - Blog LUZECO\" \/>\n<meta property=\"og:description\" content=\"Focos de carril, carril led de techo, carriles para focos de led... hoy en el blog te lo contamos todo sobre ellos.\" \/>\n<meta property=\"og:url\" content=\"https:\/\/www.luzeco.com\/blog\/focos-de-carril-para-techo\/\" \/>\n<meta property=\"og:site_name\" content=\"Blog LUZECO\" \/>\n<meta property=\"article:published_time\" content=\"2023-01-18T12:05:04+00:00\" \/>\n<meta property=\"article:modified_time\" content=\"2023-01-18T13:49:22+00:00\" \/>\n<meta property=\"og:image\" content=\"https:\/\/www.luzeco.com\/blog\/wp-content\/uploads\/2023\/01\/foto-ppal.webp\" \/>\n\t<meta property=\"og:image:width\" content=\"1920\" \/>\n\t<meta property=\"og:image:height\" content=\"1080\" \/>\n\t<meta property=\"og:image:type\" content=\"image\/webp\" \/>\n<meta name=\"author\" content=\"luzeco\" \/>\n<meta name=\"twitter:card\" content=\"summary_large_image\" \/>\n<meta name=\"twitter:label1\" content=\"Escrito por\" \/>\n\t<meta name=\"twitter:data1\" content=\"luzeco\" \/>\n\t<meta name=\"twitter:label2\" content=\"Tiempo de lectura\" \/>\n\t<meta name=\"twitter:data2\" content=\"8 minutos\" \/>\n<script type=\"application\/ld+json\" class=\"yoast-schema-graph\">{\"@context\":\"https:\/\/schema.org\",\"@graph\":[{\"@type\":\"Article\",\"@id\":\"https:\/\/www.luzeco.com\/blog\/focos-de-carril-para-techo\/#article\",\"isPartOf\":{\"@id\":\"https:\/\/www.luzeco.com\/blog\/focos-de-carril-para-techo\/\"},\"author\":{\"name\":\"luzeco\",\"@id\":\"https:\/\/www.luzeco.com\/blog\/#\/schema\/person\/1fcf316166a5c59805f56fcacd66f42a\"},\"headline\":\"Focos de carril: todo sobre ellos\",\"datePublished\":\"2023-01-18T12:05:04+00:00\",\"dateModified\":\"2023-01-18T13:49:22+00:00\",\"mainEntityOfPage\":{\"@id\":\"https:\/\/www.luzeco.com\/blog\/focos-de-carril-para-techo\/\"},\"wordCount\":1191,\"publisher\":{\"@id\":\"https:\/\/www.luzeco.com\/blog\/#organization\"},\"keywords\":[\"carril led\",\"carriles led\",\"focos de carril\",\"focos de techo led\",\"focos led\",\"iluminaci\u00f3n de negocio\",\"iluminaci\u00f3n t\u00e9cnica\",\"iluminar estancia\",\"riel de techo\",\"riel led\",\"rieles de techo\"],\"articleSection\":[\"Consejos\"],\"inLanguage\":\"es\"},{\"@type\":\"WebPage\",\"@id\":\"https:\/\/www.luzeco.com\/blog\/focos-de-carril-para-techo\/\",\"url\":\"https:\/\/www.luzeco.com\/blog\/focos-de-carril-para-techo\/\",\"name\":\"Focos de carril: todo sobre ellos - Blog LUZECO\",\"isPartOf\":{\"@id\":\"https:\/\/www.luzeco.com\/blog\/#website\"},\"datePublished\":\"2023-01-18T12:05:04+00:00\",\"dateModified\":\"2023-01-18T13:49:22+00:00\",\"description\":\"Focos de carril, carril led de techo, carriles para focos de led... hoy en el blog te lo contamos todo sobre ellos.\",\"breadcrumb\":{\"@id\":\"https:\/\/www.luzeco.com\/blog\/focos-de-carril-para-techo\/#breadcrumb\"},\"inLanguage\":\"es\",\"potentialAction\":[{\"@type\":\"ReadAction\",\"target\":[\"https:\/\/www.luzeco.com\/blog\/focos-de-carril-para-techo\/\"]}]},{\"@type\":\"BreadcrumbList\",\"@id\":\"https:\/\/www.luzeco.com\/blog\/focos-de-carril-para-techo\/#breadcrumb\",\"itemListElement\":[{\"@type\":\"ListItem\",\"position\":1,\"name\":\"Home\",\"item\":\"https:\/\/www.luzeco.com\/blog\/\"},{\"@type\":\"ListItem\",\"position\":2,\"name\":\"Focos de carril: todo sobre ellos\"}]},{\"@type\":\"WebSite\",\"@id\":\"https:\/\/www.luzeco.com\/blog\/#website\",\"url\":\"https:\/\/www.luzeco.com\/blog\/\",\"name\":\"Blog LUZECO\",\"description\":\"L\u00edder en iluminaci\u00f3n y decoraci\u00f3n\",\"publisher\":{\"@id\":\"https:\/\/www.luzeco.com\/blog\/#organization\"},\"potentialAction\":[{\"@type\":\"SearchAction\",\"target\":{\"@type\":\"EntryPoint\",\"urlTemplate\":\"https:\/\/www.luzeco.com\/blog\/?s={search_term_string}\"},\"query-input\":\"required name=search_term_string\"}],\"inLanguage\":\"es\"},{\"@type\":\"Organization\",\"@id\":\"https:\/\/www.luzeco.com\/blog\/#organization\",\"name\":\"LUZECO LIGHTING\",\"url\":\"https:\/\/www.luzeco.com\/blog\/\",\"logo\":{\"@type\":\"ImageObject\",\"inLanguage\":\"es\",\"@id\":\"https:\/\/www.luzeco.com\/blog\/#\/schema\/logo\/image\/\",\"url\":\"https:\/\/www.luzeco.com\/blog\/wp-content\/uploads\/2020\/09\/cropped-luzeco-icono.png\",\"contentUrl\":\"https:\/\/www.luzeco.com\/blog\/wp-content\/uploads\/2020\/09\/cropped-luzeco-icono.png\",\"width\":512,\"height\":512,\"caption\":\"LUZECO LIGHTING\"},\"image\":{\"@id\":\"https:\/\/www.luzeco.com\/blog\/#\/schema\/logo\/image\/\"}},{\"@type\":\"Person\",\"@id\":\"https:\/\/www.luzeco.com\/blog\/#\/schema\/person\/1fcf316166a5c59805f56fcacd66f42a\",\"name\":\"luzeco\",\"image\":{\"@type\":\"ImageObject\",\"inLanguage\":\"es\",\"@id\":\"https:\/\/www.luzeco.com\/blog\/#\/schema\/person\/image\/\",\"url\":\"https:\/\/secure.gravatar.com\/avatar\/50258ce9bf6774e06410b8db81d34f8a?s=96&d=mm&r=g\",\"contentUrl\":\"https:\/\/secure.gravatar.com\/avatar\/50258ce9bf6774e06410b8db81d34f8a?s=96&d=mm&r=g\",\"caption\":\"luzeco\"},\"sameAs\":[\"https:\/\/www.luzeco.com\/blog\"],\"url\":\"https:\/\/www.luzeco.com\/blog\/author\/luzeco\/\"}]}<\/script>\n<!-- \/ Yoast SEO plugin. -->","yoast_head_json":{"title":"Focos de carril: todo sobre ellos - Blog LUZECO","description":"Focos de carril, carril led de techo, carriles para focos de led... hoy en el blog te lo contamos todo sobre ellos.","robots":{"index":"index","follow":"follow","max-snippet":"max-snippet:-1","max-image-preview":"max-image-preview:large","max-video-preview":"max-video-preview:-1"},"canonical":"https:\/\/www.luzeco.com\/blog\/focos-de-carril-para-techo\/","og_locale":"es_ES","og_type":"article","og_title":"Focos de carril: todo sobre ellos - Blog LUZECO","og_description":"Focos de carril, carril led de techo, carriles para focos de led... hoy en el blog te lo contamos todo sobre ellos.","og_url":"https:\/\/www.luzeco.com\/blog\/focos-de-carril-para-techo\/","og_site_name":"Blog LUZECO","article_published_time":"2023-01-18T12:05:04+00:00","article_modified_time":"2023-01-18T13:49:22+00:00","og_image":[{"width":1920,"height":1080,"url":"https:\/\/www.luzeco.com\/blog\/wp-content\/uploads\/2023\/01\/foto-ppal.webp","type":"image\/webp"}],"author":"luzeco","twitter_card":"summary_large_image","twitter_misc":{"Escrito por":"luzeco","Tiempo de lectura":"8 minutos"},"schema":{"@context":"https:\/\/schema.org","@graph":[{"@type":"Article","@id":"https:\/\/www.luzeco.com\/blog\/focos-de-carril-para-techo\/#article","isPartOf":{"@id":"https:\/\/www.luzeco.com\/blog\/focos-de-carril-para-techo\/"},"author":{"name":"luzeco","@id":"https:\/\/www.luzeco.com\/blog\/#\/schema\/person\/1fcf316166a5c59805f56fcacd66f42a"},"headline":"Focos de carril: todo sobre ellos","datePublished":"2023-01-18T12:05:04+00:00","dateModified":"2023-01-18T13:49:22+00:00","mainEntityOfPage":{"@id":"https:\/\/www.luzeco.com\/blog\/focos-de-carril-para-techo\/"},"wordCount":1191,"publisher":{"@id":"https:\/\/www.luzeco.com\/blog\/#organization"},"keywords":["carril led","carriles led","focos de carril","focos de techo led","focos led","iluminaci\u00f3n de negocio","iluminaci\u00f3n t\u00e9cnica","iluminar estancia","riel de techo","riel led","rieles de techo"],"articleSection":["Consejos"],"inLanguage":"es"},{"@type":"WebPage","@id":"https:\/\/www.luzeco.com\/blog\/focos-de-carril-para-techo\/","url":"https:\/\/www.luzeco.com\/blog\/focos-de-carril-para-techo\/","name":"Focos de carril: todo sobre ellos - Blog LUZECO","isPartOf":{"@id":"https:\/\/www.luzeco.com\/blog\/#website"},"datePublished":"2023-01-18T12:05:04+00:00","dateModified":"2023-01-18T13:49:22+00:00","description":"Focos de carril, carril led de techo, carriles para focos de led... hoy en el blog te lo contamos todo sobre ellos.","breadcrumb":{"@id":"https:\/\/www.luzeco.com\/blog\/focos-de-carril-para-techo\/#breadcrumb"},"inLanguage":"es","potentialAction":[{"@type":"ReadAction","target":["https:\/\/www.luzeco.com\/blog\/focos-de-carril-para-techo\/"]}]},{"@type":"BreadcrumbList","@id":"https:\/\/www.luzeco.com\/blog\/focos-de-carril-para-techo\/#breadcrumb","itemListElement":[{"@type":"ListItem","position":1,"name":"Home","item":"https:\/\/www.luzeco.com\/blog\/"},{"@type":"ListItem","position":2,"name":"Focos de carril: todo sobre ellos"}]},{"@type":"WebSite","@id":"https:\/\/www.luzeco.com\/blog\/#website","url":"https:\/\/www.luzeco.com\/blog\/","name":"Blog LUZECO","description":"L\u00edder en iluminaci\u00f3n y decoraci\u00f3n","publisher":{"@id":"https:\/\/www.luzeco.com\/blog\/#organization"},"potentialAction":[{"@type":"SearchAction","target":{"@type":"EntryPoint","urlTemplate":"https:\/\/www.luzeco.com\/blog\/?s={search_term_string}"},"query-input":"required name=search_term_string"}],"inLanguage":"es"},{"@type":"Organization","@id":"https:\/\/www.luzeco.com\/blog\/#organization","name":"LUZECO LIGHTING","url":"https:\/\/www.luzeco.com\/blog\/","logo":{"@type":"ImageObject","inLanguage":"es","@id":"https:\/\/www.luzeco.com\/blog\/#\/schema\/logo\/image\/","url":"https:\/\/www.luzeco.com\/blog\/wp-content\/uploads\/2020\/09\/cropped-luzeco-icono.png","contentUrl":"https:\/\/www.luzeco.com\/blog\/wp-content\/uploads\/2020\/09\/cropped-luzeco-icono.png","width":512,"height":512,"caption":"LUZECO LIGHTING"},"image":{"@id":"https:\/\/www.luzeco.com\/blog\/#\/schema\/logo\/image\/"}},{"@type":"Person","@id":"https:\/\/www.luzeco.com\/blog\/#\/schema\/person\/1fcf316166a5c59805f56fcacd66f42a","name":"luzeco","image":{"@type":"ImageObject","inLanguage":"es","@id":"https:\/\/www.luzeco.com\/blog\/#\/schema\/person\/image\/","url":"https:\/\/secure.gravatar.com\/avatar\/50258ce9bf6774e06410b8db81d34f8a?s=96&d=mm&r=g","contentUrl":"https:\/\/secure.gravatar.com\/avatar\/50258ce9bf6774e06410b8db81d34f8a?s=96&d=mm&r=g","caption":"luzeco"},"sameAs":["https:\/\/www.luzeco.com\/blog"],"url":"https:\/\/www.luzeco.com\/blog\/author\/luzeco\/"}]}},"_links":{"self":[{"href":"https:\/\/www.luzeco.com\/blog\/wp-json\/wp\/v2\/posts\/875"}],"collection":[{"href":"https:\/\/www.luzeco.com\/blog\/wp-json\/wp\/v2\/posts"}],"about":[{"href":"https:\/\/www.luzeco.com\/blog\/wp-json\/wp\/v2\/types\/post"}],"author":[{"embeddable":true,"href":"https:\/\/www.luzeco.com\/blog\/wp-json\/wp\/v2\/users\/1"}],"replies":[{"embeddable":true,"href":"https:\/\/www.luzeco.com\/blog\/wp-json\/wp\/v2\/comments?post=875"}],"version-history":[{"count":9,"href":"https:\/\/www.luzeco.com\/blog\/wp-json\/wp\/v2\/posts\/875\/revisions"}],"predecessor-version":[{"id":911,"href":"https:\/\/www.luzeco.com\/blog\/wp-json\/wp\/v2\/posts\/875\/revisions\/911"}],"wp:featuredmedia":[{"embeddable":true,"href":"https:\/\/www.luzeco.com\/blog\/wp-json\/wp\/v2\/media\/901"}],"wp:attachment":[{"href":"https:\/\/www.luzeco.com\/blog\/wp-json\/wp\/v2\/media?parent=875"}],"wp:term":[{"taxonomy":"category","embeddable":true,"href":"https:\/\/www.luzeco.com\/blog\/wp-json\/wp\/v2\/categories?post=875"},{"taxonomy":"post_tag","embeddable":true,"href":"https:\/\/www.luzeco.com\/blog\/wp-json\/wp\/v2\/tags?post=875"}],"curies":[{"name":"wp","href":"https:\/\/api.w.org\/{rel}","templated":true}]}}