{"id":840,"date":"2022-08-29T12:42:04","date_gmt":"2022-08-29T12:42:04","guid":{"rendered":"https:\/\/www.luzeco.com\/blog\/?p=840"},"modified":"2022-08-29T12:42:05","modified_gmt":"2022-08-29T12:42:05","slug":"como-iluminar-correctamente-una-habitacion","status":"publish","type":"post","link":"https:\/\/www.luzeco.com\/blog\/como-iluminar-correctamente-una-habitacion\/","title":{"rendered":"C\u00f3mo iluminar correctamente una habitaci\u00f3n"},"content":{"rendered":"\n<p>A d\u00eda de hoy sabemos que el 90% de las estancias est\u00e1n iluminadas solo desde arriba, ya sea a modo de l\u00e1mpara colgante, l\u00e1mpara de techo o plaf\u00f3n, lo cual no es siempre lo m\u00e1s id\u00f3neo para iluminar correctamente una habitaci\u00f3n.<\/p>\n\n\n\n<p>Un \u00fanico punto de luz, a pesar de que la iluminaci\u00f3n de techo es la m\u00e1s importante de la estancia en cuanto a amplitud y difusi\u00f3n de la luz, no es siempre la clave para todo, ya que <strong>depende mucho del objetivo que queramos conseguir<\/strong> con ella: no es lo mismo una luz en el techo para una iluminaci\u00f3n general que para un trabajo manual o lectura de un libro, o tampoco para conseguir una iluminaci\u00f3n m\u00e1s ambiental al ver la televisi\u00f3n sin da\u00f1ar la vista.<\/p>\n\n\n\n<p>Usar solamente una l\u00e1mpara de techo hace que disminuya la sensaci\u00f3n de amplitud en la habitaci\u00f3n, disminuye la luminosidad general en toda la estancia y aumenta la monoton\u00eda, ya que solo un punto de iluminaci\u00f3n es el responsable de la difusi\u00f3n.<\/p>\n\n\n\n<p>En este post te damos las <strong>claves <\/strong>para que no tengas problemas a la hora de <strong>iluminar correctamente una habitaci\u00f3n<\/strong> y consigas sacarle el m\u00e1ximo partido a tu hogar y a sus posibilidades.<\/p>\n\n\n\n<h2 id=\"cada-lampara-tiene-un-objetivo\">Cada l\u00e1mpara tiene un objetivo<\/h2>\n\n\n\n<p>La luz hace magia si se utiliza de la manera adecuada, te contamos c\u00f3mo:<\/p>\n\n\n\n<p>Cada l\u00e1mpara o modelo de l\u00e1mpara ha sido dise\u00f1ada con uno o varios objetivos concretos, y es por ello que debemos hacer uso de ellas para que tu hogar sea realmente funcional.<\/p>\n\n\n\n<p>Es muy importante <strong>seguir iluminando con l\u00e1mparas de techo<\/strong>, como por ejemplo las l\u00e1mparas colgantes, ya que nos sirven para conseguir iluminar a nivel general toda la estancia o focalizar una zona concreta como puede ser una mesa de comedor.<\/p>\n\n\n\n<p>Para tener luz difusa a la hora de ver la televisi\u00f3n sin destellos, o bien iluminar lo suficiente y justo cuando tenemos visita o estamos de conversaci\u00f3n en familia, lo ideal es hacer uso de <strong>l\u00e1mparas de sobremesa<\/strong>, o bien de l\u00e1mparas de pie que adem\u00e1s nos ser\u00e1n \u00fatiles para momentos de focalizaci\u00f3n de la atenci\u00f3n, como leer, realizar crucigramas\u2026 y para ello es importante colocarlas algo m\u00e1s cerca.<\/p>\n\n\n\n<p>Pero si lo que necesitas es un <strong>punto de luz en zonas de paso<\/strong>, o no dispones de tanto espacio como para ubicar una l\u00e1mpara en el suelo de tu sal\u00f3n, lo ideal es recurrir a apliques de pared. \u00a1Son tan \u00fatiles y los hay tan bonitos! Adem\u00e1s, son siempre un extra en tu decoraci\u00f3n.<\/p>\n\n\n\n<p>Para <strong>iluminaci\u00f3n ambiental<\/strong> cada vez m\u00e1s vemos el uso de tiras de led, con adem\u00e1s esa funci\u00f3n de cambio de color que los m\u00e1s t\u00e9cnicos catalogan como RGB, pero tambi\u00e9n existen las cl\u00e1sicas guirnaldas para decoraciones m\u00e1s n\u00f3rdicas y rom\u00e1nticas.<\/p>\n\n\n\n<h2 id=\"claves-extra-para-iluminar-una-habitacion\">Claves extra para iluminar una habitaci\u00f3n<\/h2>\n\n\n\n<p>No olvides a\u00f1adir velas e <strong>iluminaci\u00f3n decorativa<\/strong>, puesto que son objetos que podemos ir moviendo seg\u00fan nos convenga y crean un ambiente m\u00e1gico en tu hogar.<\/p>\n\n\n\n<div class=\"wp-block-image\"><figure class=\"aligncenter size-full is-resized\"><a href=\"https:\/\/www.luzeco.com\/es\/536-luz-decorativa\" target=\"_blank\" rel=\"noopener\"><img decoding=\"async\" loading=\"lazy\" src=\"https:\/\/www.luzeco.com\/blog\/wp-content\/uploads\/2022\/08\/post-iluminar-con-iluminacion-decorativa.jpg\" alt=\"\" class=\"wp-image-843\" width=\"500\" height=\"500\" srcset=\"https:\/\/www.luzeco.com\/blog\/wp-content\/uploads\/2022\/08\/post-iluminar-con-iluminacion-decorativa.jpg 500w, https:\/\/www.luzeco.com\/blog\/wp-content\/uploads\/2022\/08\/post-iluminar-con-iluminacion-decorativa-300x300.jpg 300w, https:\/\/www.luzeco.com\/blog\/wp-content\/uploads\/2022\/08\/post-iluminar-con-iluminacion-decorativa-150x150.jpg 150w, https:\/\/www.luzeco.com\/blog\/wp-content\/uploads\/2022\/08\/post-iluminar-con-iluminacion-decorativa-80x80.jpg 80w\" sizes=\"(max-width: 500px) 100vw, 500px\" \/><\/a><\/figure><\/div>\n\n\n\n<p>Sin duda hay much\u00edsimas posibilidades a la hora de iluminar correctamente una habitaci\u00f3n, una estancia o tu hogar al completo.<\/p>\n\n\n\n<p>\u00bfCu\u00e1les son tus favoritos? \u00bfSab\u00edas todos estos trucos?<\/p>\n\n\n\n<p>Si has llegado hasta aqu\u00ed, queremos darte las gracias \ud83d\ude42 ahora nos toca a nosotros, \u00a1queremos leerte!<\/p>\n\n\n\n<p>Luzeco Lighting<\/p>\n","protected":false},"excerpt":{"rendered":"<p>A d\u00eda de hoy sabemos que el 90% de las estancias est\u00e1n iluminadas solo desde arriba, ya sea a modo de l\u00e1mpara colgante, l\u00e1mpara de techo o plaf\u00f3n, lo cual no es siempre lo m\u00e1s id\u00f3neo para iluminar correctamente una habitaci\u00f3n. Un \u00fanico punto de luz, a pesar de que la iluminaci\u00f3n de techo es la m\u00e1s importante de la estancia en cuanto a amplitud y difusi\u00f3n de la luz, no es siempre la clave para todo, ya que depende mucho del objetivo que queramos conseguir con ella: no es lo mismo una luz en el techo para una iluminaci\u00f3n general que para un trabajo manual o lectura de un libro, o tampoco para conseguir una iluminaci\u00f3n m\u00e1s ambiental al ver la televisi\u00f3n sin da\u00f1ar la vista. Usar solamente una l\u00e1mpara de techo hace que [&hellip;]<\/p>\n","protected":false},"author":1,"featured_media":842,"comment_status":"closed","ping_status":"open","sticky":false,"template":"","format":"standard","meta":[],"categories":[5],"tags":[20,21],"yoast_head":"<!-- This site is optimized with the Yoast SEO plugin v19.14 - https:\/\/yoast.com\/wordpress\/plugins\/seo\/ -->\n<title>C\u00f3mo iluminar correctamente una habitaci\u00f3n - Blog LUZECO<\/title>\n<meta name=\"robots\" content=\"index, follow, max-snippet:-1, max-image-preview:large, max-video-preview:-1\" \/>\n<link rel=\"canonical\" href=\"https:\/\/www.luzeco.com\/blog\/como-iluminar-correctamente-una-habitacion\/\" \/>\n<meta property=\"og:locale\" content=\"es_ES\" \/>\n<meta property=\"og:type\" content=\"article\" \/>\n<meta property=\"og:title\" content=\"C\u00f3mo iluminar correctamente una habitaci\u00f3n - Blog LUZECO\" \/>\n<meta property=\"og:description\" content=\"A d\u00eda de hoy sabemos que el 90% de las estancias est\u00e1n iluminadas solo desde arriba, ya sea a modo de l\u00e1mpara colgante, l\u00e1mpara de techo o plaf\u00f3n, lo cual no es siempre lo m\u00e1s id\u00f3neo para iluminar correctamente una habitaci\u00f3n. Un \u00fanico punto de luz, a pesar de que la iluminaci\u00f3n de techo es la m\u00e1s importante de la estancia en cuanto a amplitud y difusi\u00f3n de la luz, no es siempre la clave para todo, ya que depende mucho del objetivo que queramos conseguir con ella: no es lo mismo una luz en el techo para una iluminaci\u00f3n general que para un trabajo manual o lectura de un libro, o tampoco para conseguir una iluminaci\u00f3n m\u00e1s ambiental al ver la televisi\u00f3n sin da\u00f1ar la vista. Usar solamente una l\u00e1mpara de techo hace que [&hellip;]\" \/>\n<meta property=\"og:url\" content=\"https:\/\/www.luzeco.com\/blog\/como-iluminar-correctamente-una-habitacion\/\" \/>\n<meta property=\"og:site_name\" content=\"Blog LUZECO\" \/>\n<meta property=\"article:published_time\" content=\"2022-08-29T12:42:04+00:00\" \/>\n<meta property=\"article:modified_time\" content=\"2022-08-29T12:42:05+00:00\" \/>\n<meta property=\"og:image\" content=\"https:\/\/www.luzeco.com\/blog\/wp-content\/uploads\/2022\/08\/como-iluminar-correctamente-una-habitacion.jpg\" \/>\n\t<meta property=\"og:image:width\" content=\"1100\" \/>\n\t<meta property=\"og:image:height\" content=\"600\" \/>\n\t<meta property=\"og:image:type\" content=\"image\/jpeg\" \/>\n<meta name=\"author\" content=\"luzeco\" \/>\n<meta name=\"twitter:card\" content=\"summary_large_image\" \/>\n<meta name=\"twitter:label1\" content=\"Escrito por\" \/>\n\t<meta name=\"twitter:data1\" content=\"luzeco\" \/>\n\t<meta name=\"twitter:label2\" content=\"Tiempo de lectura\" \/>\n\t<meta name=\"twitter:data2\" content=\"3 minutos\" \/>\n<script type=\"application\/ld+json\" class=\"yoast-schema-graph\">{\"@context\":\"https:\/\/schema.org\",\"@graph\":[{\"@type\":\"Article\",\"@id\":\"https:\/\/www.luzeco.com\/blog\/como-iluminar-correctamente-una-habitacion\/#article\",\"isPartOf\":{\"@id\":\"https:\/\/www.luzeco.com\/blog\/como-iluminar-correctamente-una-habitacion\/\"},\"author\":{\"name\":\"luzeco\",\"@id\":\"https:\/\/www.luzeco.com\/blog\/#\/schema\/person\/1fcf316166a5c59805f56fcacd66f42a\"},\"headline\":\"C\u00f3mo iluminar correctamente una habitaci\u00f3n\",\"datePublished\":\"2022-08-29T12:42:04+00:00\",\"dateModified\":\"2022-08-29T12:42:05+00:00\",\"mainEntityOfPage\":{\"@id\":\"https:\/\/www.luzeco.com\/blog\/como-iluminar-correctamente-una-habitacion\/\"},\"wordCount\":604,\"publisher\":{\"@id\":\"https:\/\/www.luzeco.com\/blog\/#organization\"},\"keywords\":[\"iluminar estancia\",\"tipos de l\u00e1mpara\"],\"articleSection\":[\"Consejos\"],\"inLanguage\":\"es\"},{\"@type\":\"WebPage\",\"@id\":\"https:\/\/www.luzeco.com\/blog\/como-iluminar-correctamente-una-habitacion\/\",\"url\":\"https:\/\/www.luzeco.com\/blog\/como-iluminar-correctamente-una-habitacion\/\",\"name\":\"C\u00f3mo iluminar correctamente una habitaci\u00f3n - Blog LUZECO\",\"isPartOf\":{\"@id\":\"https:\/\/www.luzeco.com\/blog\/#website\"},\"datePublished\":\"2022-08-29T12:42:04+00:00\",\"dateModified\":\"2022-08-29T12:42:05+00:00\",\"breadcrumb\":{\"@id\":\"https:\/\/www.luzeco.com\/blog\/como-iluminar-correctamente-una-habitacion\/#breadcrumb\"},\"inLanguage\":\"es\",\"potentialAction\":[{\"@type\":\"ReadAction\",\"target\":[\"https:\/\/www.luzeco.com\/blog\/como-iluminar-correctamente-una-habitacion\/\"]}]},{\"@type\":\"BreadcrumbList\",\"@id\":\"https:\/\/www.luzeco.com\/blog\/como-iluminar-correctamente-una-habitacion\/#breadcrumb\",\"itemListElement\":[{\"@type\":\"ListItem\",\"position\":1,\"name\":\"Home\",\"item\":\"https:\/\/www.luzeco.com\/blog\/\"},{\"@type\":\"ListItem\",\"position\":2,\"name\":\"C\u00f3mo iluminar correctamente una habitaci\u00f3n\"}]},{\"@type\":\"WebSite\",\"@id\":\"https:\/\/www.luzeco.com\/blog\/#website\",\"url\":\"https:\/\/www.luzeco.com\/blog\/\",\"name\":\"Blog LUZECO\",\"description\":\"L\u00edder en iluminaci\u00f3n y decoraci\u00f3n\",\"publisher\":{\"@id\":\"https:\/\/www.luzeco.com\/blog\/#organization\"},\"potentialAction\":[{\"@type\":\"SearchAction\",\"target\":{\"@type\":\"EntryPoint\",\"urlTemplate\":\"https:\/\/www.luzeco.com\/blog\/?s={search_term_string}\"},\"query-input\":\"required name=search_term_string\"}],\"inLanguage\":\"es\"},{\"@type\":\"Organization\",\"@id\":\"https:\/\/www.luzeco.com\/blog\/#organization\",\"name\":\"LUZECO LIGHTING\",\"url\":\"https:\/\/www.luzeco.com\/blog\/\",\"logo\":{\"@type\":\"ImageObject\",\"inLanguage\":\"es\",\"@id\":\"https:\/\/www.luzeco.com\/blog\/#\/schema\/logo\/image\/\",\"url\":\"https:\/\/www.luzeco.com\/blog\/wp-content\/uploads\/2020\/09\/cropped-luzeco-icono.png\",\"contentUrl\":\"https:\/\/www.luzeco.com\/blog\/wp-content\/uploads\/2020\/09\/cropped-luzeco-icono.png\",\"width\":512,\"height\":512,\"caption\":\"LUZECO LIGHTING\"},\"image\":{\"@id\":\"https:\/\/www.luzeco.com\/blog\/#\/schema\/logo\/image\/\"}},{\"@type\":\"Person\",\"@id\":\"https:\/\/www.luzeco.com\/blog\/#\/schema\/person\/1fcf316166a5c59805f56fcacd66f42a\",\"name\":\"luzeco\",\"image\":{\"@type\":\"ImageObject\",\"inLanguage\":\"es\",\"@id\":\"https:\/\/www.luzeco.com\/blog\/#\/schema\/person\/image\/\",\"url\":\"https:\/\/secure.gravatar.com\/avatar\/50258ce9bf6774e06410b8db81d34f8a?s=96&d=mm&r=g\",\"contentUrl\":\"https:\/\/secure.gravatar.com\/avatar\/50258ce9bf6774e06410b8db81d34f8a?s=96&d=mm&r=g\",\"caption\":\"luzeco\"},\"sameAs\":[\"https:\/\/www.luzeco.com\/blog\"],\"url\":\"https:\/\/www.luzeco.com\/blog\/author\/luzeco\/\"}]}<\/script>\n<!-- \/ Yoast SEO plugin. -->","yoast_head_json":{"title":"C\u00f3mo iluminar correctamente una habitaci\u00f3n - Blog LUZECO","robots":{"index":"index","follow":"follow","max-snippet":"max-snippet:-1","max-image-preview":"max-image-preview:large","max-video-preview":"max-video-preview:-1"},"canonical":"https:\/\/www.luzeco.com\/blog\/como-iluminar-correctamente-una-habitacion\/","og_locale":"es_ES","og_type":"article","og_title":"C\u00f3mo iluminar correctamente una habitaci\u00f3n - Blog LUZECO","og_description":"A d\u00eda de hoy sabemos que el 90% de las estancias est\u00e1n iluminadas solo desde arriba, ya sea a modo de l\u00e1mpara colgante, l\u00e1mpara de techo o plaf\u00f3n, lo cual no es siempre lo m\u00e1s id\u00f3neo para iluminar correctamente una habitaci\u00f3n. Un \u00fanico punto de luz, a pesar de que la iluminaci\u00f3n de techo es la m\u00e1s importante de la estancia en cuanto a amplitud y difusi\u00f3n de la luz, no es siempre la clave para todo, ya que depende mucho del objetivo que queramos conseguir con ella: no es lo mismo una luz en el techo para una iluminaci\u00f3n general que para un trabajo manual o lectura de un libro, o tampoco para conseguir una iluminaci\u00f3n m\u00e1s ambiental al ver la televisi\u00f3n sin da\u00f1ar la vista. Usar solamente una l\u00e1mpara de techo hace que [&hellip;]","og_url":"https:\/\/www.luzeco.com\/blog\/como-iluminar-correctamente-una-habitacion\/","og_site_name":"Blog LUZECO","article_published_time":"2022-08-29T12:42:04+00:00","article_modified_time":"2022-08-29T12:42:05+00:00","og_image":[{"width":1100,"height":600,"url":"https:\/\/www.luzeco.com\/blog\/wp-content\/uploads\/2022\/08\/como-iluminar-correctamente-una-habitacion.jpg","type":"image\/jpeg"}],"author":"luzeco","twitter_card":"summary_large_image","twitter_misc":{"Escrito por":"luzeco","Tiempo de lectura":"3 minutos"},"schema":{"@context":"https:\/\/schema.org","@graph":[{"@type":"Article","@id":"https:\/\/www.luzeco.com\/blog\/como-iluminar-correctamente-una-habitacion\/#article","isPartOf":{"@id":"https:\/\/www.luzeco.com\/blog\/como-iluminar-correctamente-una-habitacion\/"},"author":{"name":"luzeco","@id":"https:\/\/www.luzeco.com\/blog\/#\/schema\/person\/1fcf316166a5c59805f56fcacd66f42a"},"headline":"C\u00f3mo iluminar correctamente una habitaci\u00f3n","datePublished":"2022-08-29T12:42:04+00:00","dateModified":"2022-08-29T12:42:05+00:00","mainEntityOfPage":{"@id":"https:\/\/www.luzeco.com\/blog\/como-iluminar-correctamente-una-habitacion\/"},"wordCount":604,"publisher":{"@id":"https:\/\/www.luzeco.com\/blog\/#organization"},"keywords":["iluminar estancia","tipos de l\u00e1mpara"],"articleSection":["Consejos"],"inLanguage":"es"},{"@type":"WebPage","@id":"https:\/\/www.luzeco.com\/blog\/como-iluminar-correctamente-una-habitacion\/","url":"https:\/\/www.luzeco.com\/blog\/como-iluminar-correctamente-una-habitacion\/","name":"C\u00f3mo iluminar correctamente una habitaci\u00f3n - Blog LUZECO","isPartOf":{"@id":"https:\/\/www.luzeco.com\/blog\/#website"},"datePublished":"2022-08-29T12:42:04+00:00","dateModified":"2022-08-29T12:42:05+00:00","breadcrumb":{"@id":"https:\/\/www.luzeco.com\/blog\/como-iluminar-correctamente-una-habitacion\/#breadcrumb"},"inLanguage":"es","potentialAction":[{"@type":"ReadAction","target":["https:\/\/www.luzeco.com\/blog\/como-iluminar-correctamente-una-habitacion\/"]}]},{"@type":"BreadcrumbList","@id":"https:\/\/www.luzeco.com\/blog\/como-iluminar-correctamente-una-habitacion\/#breadcrumb","itemListElement":[{"@type":"ListItem","position":1,"name":"Home","item":"https:\/\/www.luzeco.com\/blog\/"},{"@type":"ListItem","position":2,"name":"C\u00f3mo iluminar correctamente una habitaci\u00f3n"}]},{"@type":"WebSite","@id":"https:\/\/www.luzeco.com\/blog\/#website","url":"https:\/\/www.luzeco.com\/blog\/","name":"Blog LUZECO","description":"L\u00edder en iluminaci\u00f3n y decoraci\u00f3n","publisher":{"@id":"https:\/\/www.luzeco.com\/blog\/#organization"},"potentialAction":[{"@type":"SearchAction","target":{"@type":"EntryPoint","urlTemplate":"https:\/\/www.luzeco.com\/blog\/?s={search_term_string}"},"query-input":"required name=search_term_string"}],"inLanguage":"es"},{"@type":"Organization","@id":"https:\/\/www.luzeco.com\/blog\/#organization","name":"LUZECO LIGHTING","url":"https:\/\/www.luzeco.com\/blog\/","logo":{"@type":"ImageObject","inLanguage":"es","@id":"https:\/\/www.luzeco.com\/blog\/#\/schema\/logo\/image\/","url":"https:\/\/www.luzeco.com\/blog\/wp-content\/uploads\/2020\/09\/cropped-luzeco-icono.png","contentUrl":"https:\/\/www.luzeco.com\/blog\/wp-content\/uploads\/2020\/09\/cropped-luzeco-icono.png","width":512,"height":512,"caption":"LUZECO LIGHTING"},"image":{"@id":"https:\/\/www.luzeco.com\/blog\/#\/schema\/logo\/image\/"}},{"@type":"Person","@id":"https:\/\/www.luzeco.com\/blog\/#\/schema\/person\/1fcf316166a5c59805f56fcacd66f42a","name":"luzeco","image":{"@type":"ImageObject","inLanguage":"es","@id":"https:\/\/www.luzeco.com\/blog\/#\/schema\/person\/image\/","url":"https:\/\/secure.gravatar.com\/avatar\/50258ce9bf6774e06410b8db81d34f8a?s=96&d=mm&r=g","contentUrl":"https:\/\/secure.gravatar.com\/avatar\/50258ce9bf6774e06410b8db81d34f8a?s=96&d=mm&r=g","caption":"luzeco"},"sameAs":["https:\/\/www.luzeco.com\/blog"],"url":"https:\/\/www.luzeco.com\/blog\/author\/luzeco\/"}]}},"_links":{"self":[{"href":"https:\/\/www.luzeco.com\/blog\/wp-json\/wp\/v2\/posts\/840"}],"collection":[{"href":"https:\/\/www.luzeco.com\/blog\/wp-json\/wp\/v2\/posts"}],"about":[{"href":"https:\/\/www.luzeco.com\/blog\/wp-json\/wp\/v2\/types\/post"}],"author":[{"embeddable":true,"href":"https:\/\/www.luzeco.com\/blog\/wp-json\/wp\/v2\/users\/1"}],"replies":[{"embeddable":true,"href":"https:\/\/www.luzeco.com\/blog\/wp-json\/wp\/v2\/comments?post=840"}],"version-history":[{"count":4,"href":"https:\/\/www.luzeco.com\/blog\/wp-json\/wp\/v2\/posts\/840\/revisions"}],"predecessor-version":[{"id":846,"href":"https:\/\/www.luzeco.com\/blog\/wp-json\/wp\/v2\/posts\/840\/revisions\/846"}],"wp:featuredmedia":[{"embeddable":true,"href":"https:\/\/www.luzeco.com\/blog\/wp-json\/wp\/v2\/media\/842"}],"wp:attachment":[{"href":"https:\/\/www.luzeco.com\/blog\/wp-json\/wp\/v2\/media?parent=840"}],"wp:term":[{"taxonomy":"category","embeddable":true,"href":"https:\/\/www.luzeco.com\/blog\/wp-json\/wp\/v2\/categories?post=840"},{"taxonomy":"post_tag","embeddable":true,"href":"https:\/\/www.luzeco.com\/blog\/wp-json\/wp\/v2\/tags?post=840"}],"curies":[{"name":"wp","href":"https:\/\/api.w.org\/{rel}","templated":true}]}}