{"id":789,"date":"2022-01-20T12:18:10","date_gmt":"2022-01-20T12:18:10","guid":{"rendered":"https:\/\/www.luzeco.com\/blog\/?p=789"},"modified":"2022-02-09T15:35:02","modified_gmt":"2022-02-09T15:35:02","slug":"lampara-de-bano-escoger-y-grado-de-proteccion-ip","status":"publish","type":"post","link":"https:\/\/www.luzeco.com\/blog\/lampara-de-bano-escoger-y-grado-de-proteccion-ip\/","title":{"rendered":"Qu\u00e9 l\u00e1mpara de ba\u00f1o escoger y qu\u00e9 es la protecci\u00f3n IP"},"content":{"rendered":"\n<p>Seguramente te hayas preguntado qu\u00e9 ser\u00e1 eso del grado de protecci\u00f3n y <strong>qu\u00e9 diferencia hay entre una l\u00e1mpara decorativa al uso de una l\u00e1mpara de ba\u00f1o<\/strong>. Hoy en el blog te ense\u00f1amos la diferencia de una manera sencilla: despeja todas tus dudas a la hora de iluminar y decorar tu hogar.<\/p>\n\n\n\n<p>\u00a1Sigue leyendo!<\/p>\n\n\n\n<p>Las l\u00e1mparas decorativas no necesitan mayor protecci\u00f3n que la que por ley tienen que tener en est\u00e1ndares de seguridad, pero las <strong>l\u00e1mparas de ba\u00f1o<\/strong>, al igual que las l\u00e1mparas de exterior, suelen necesitar una <strong>protecci\u00f3n contra agentes externos m\u00e1s potente y controlada<\/strong>, y es por ello que, al igual que otros productos el\u00e9ctricos o electr\u00f3nicos que necesitan un plus de seguridad, este tipo de producto cuenta con una serie de par\u00e1metros que responden a los denominados grados de protecci\u00f3n IP.<\/p>\n\n\n\n<h2>\u00bfQu\u00e9 es el grado de protecci\u00f3n IP?<\/h2>\n\n\n\n<p>El grado de IP es el nivel de protecci\u00f3n de la carcasa de la parte m\u00e1s peligrosa o sensible del aparato, contra agentes externos como cuerpos s\u00f3lidos (polvo), agua o contra impactos mec\u00e1nicos exteriores.<\/p>\n\n\n\n<p>As\u00ed, este grado de protecci\u00f3n IP (en ingl\u00e9s, <em>Ingress Protection<\/em>) puede darnos las <strong>claves sobre cu\u00e1l es la mejor opci\u00f3n para la luz del espejo del ba\u00f1o<\/strong>, para instalar una luz en la ducha o para iluminar el porche de la manera m\u00e1s segura.<\/p>\n\n\n\n<p>Para despejar toda duda, este grado siempre ir\u00e1 acompa\u00f1ado de dos n\u00fameros, siendo el primero correspondiente a la protecci\u00f3n contra el polvo y el segundo al grado de protecci\u00f3n contra el agua. Los n\u00fameros van desde 0 (ninguna protecci\u00f3n) ascendiendo hasta 6, en el caso del polvo, y 8 en el caso del agua, donde en ambas significar\u00edan protecci\u00f3n total.<\/p>\n\n\n\n<p>Hay muchos tipos de protecciones adicionales, pero las m\u00e1s comunes y necesarias para la iluminaci\u00f3n y decoraci\u00f3n de una vivienda son las siguientes:<\/p>\n\n\n\n<p>IP20: Protecci\u00f3n contra el polvo.<\/p>\n\n\n\n<p>IP23: Protecci\u00f3n ligera contra el agua (pulverizada).<\/p>\n\n\n\n<p><strong>IP44: Alta resistencia al agua (ideal para ba\u00f1os y duchas).<\/strong><\/p>\n\n\n\n<p>IP54: A prueba de polvo y resistente al agua.<\/p>\n\n\n\n<p>IP65: Protecci\u00f3n total contra el polvo y muy resistente al agua.<\/p>\n\n\n\n<p>IP67: Protecci\u00f3n total contra el polvo e inmersi\u00f3n durante 30 min.<\/p>\n\n\n\n<p>Esta informaci\u00f3n, proporcionada por el fabricante, en ocasiones viene en forma de dibujo:<\/p>\n\n\n\n<div class=\"wp-block-image\"><figure class=\"aligncenter size-full\"><img decoding=\"async\" loading=\"lazy\" width=\"700\" height=\"625\" src=\"https:\/\/www.luzeco.com\/blog\/wp-content\/uploads\/2022\/01\/luzeco-lighting-proteccion-ip-optimizado.png\" alt=\"\" class=\"wp-image-790\" srcset=\"https:\/\/www.luzeco.com\/blog\/wp-content\/uploads\/2022\/01\/luzeco-lighting-proteccion-ip-optimizado.png 700w, https:\/\/www.luzeco.com\/blog\/wp-content\/uploads\/2022\/01\/luzeco-lighting-proteccion-ip-optimizado-300x268.png 300w\" sizes=\"(max-width: 700px) 100vw, 700px\" \/><\/figure><\/div>\n\n\n\n<h2>Entonces, \u00bfCu\u00e1l es el mejor grado de protecci\u00f3n para una l\u00e1mpara de ba\u00f1o?<\/h2>\n\n\n\n<p>Para elegir una l\u00e1mpara que vayas a colocar cerca de un grifo o pueda darle el vapor del agua, lo mejor es recurrir siempre a protecciones superiores a IP44, cuyo valor nos asegura protecci\u00f3n contra ambos agentes externos. No es necesario que el nivel sea superior, con este IP ser\u00e1 suficiente.<\/p>\n\n\n\n<div class=\"is-layout-flex wp-container-23 wp-block-columns\">\n<div class=\"is-layout-flow wp-block-column\" style=\"flex-basis:100%\">\n<div class=\"is-layout-flex wp-container-21 wp-block-columns are-vertically-aligned-center\">\n<div class=\"is-layout-flow wp-block-column is-vertically-aligned-center\">\n<div class=\"is-layout-flow wp-block-group\"><div class=\"wp-block-group__inner-container\">\n<div class=\"is-layout-flex wp-container-6 wp-block-columns\">\n<div class=\"is-layout-flow wp-block-column\" style=\"flex-basis:100%\">\n<div class=\"is-layout-flow wp-block-group\"><div class=\"wp-block-group__inner-container\">\n<div class=\"is-layout-flex wp-container-3 wp-block-columns\">\n<div class=\"is-layout-flow wp-block-column\" style=\"flex-basis:100%\">\n<div class=\"is-layout-flow wp-block-group alignwide\"><div class=\"wp-block-group__inner-container\">\n<div class=\"wp-block-image\"><figure class=\"aligncenter size-full is-resized\"><a href=\"https:\/\/www.luzeco.com\/es\/apliques-de-cristal\/5717-eglo-99123-amezola-aplique-de-pared-en-acero-y-vidrio-9002759991234.html\" target=\"_blank\" rel=\"noopener\"><img decoding=\"async\" loading=\"lazy\" src=\"https:\/\/www.luzeco.com\/blog\/wp-content\/uploads\/2022\/01\/aplique-lampara-bano-luzeco-99123.jpg\" alt=\"\" class=\"wp-image-800\" width=\"246\" height=\"315\"\/><\/a><\/figure><\/div>\n<\/div><\/div>\n<\/div>\n<\/div>\n<\/div><\/div>\n<\/div>\n<\/div>\n<\/div><\/div>\n<\/div>\n\n\n\n<div class=\"is-layout-flow wp-block-column is-vertically-aligned-center\">\n<div class=\"is-layout-flow wp-block-group\"><div class=\"wp-block-group__inner-container\">\n<div class=\"is-layout-flow wp-block-group\"><div class=\"wp-block-group__inner-container\">\n<div class=\"is-layout-flex wp-container-11 wp-block-columns\">\n<div class=\"is-layout-flow wp-block-column\" style=\"flex-basis:100%\">\n<div class=\"is-layout-flow wp-block-group alignwide\"><div class=\"wp-block-group__inner-container\">\n<div class=\"wp-block-image\"><figure class=\"aligncenter size-full is-resized\"><a href=\"https:\/\/www.luzeco.com\/es\/apliques-de-cristal\/953-eglo-87219-palmera-aplique-de-pared-en-acero-y-vidrio-opalino-mate-9002759872199.html\" target=\"_blank\" rel=\"noopener\"><img decoding=\"async\" loading=\"lazy\" src=\"https:\/\/www.luzeco.com\/blog\/wp-content\/uploads\/2022\/01\/aplique-lampara-bano-luzeco-87219-2.jpg\" alt=\"\" class=\"wp-image-801\" width=\"242\" height=\"314\"\/><\/a><\/figure><\/div>\n<\/div><\/div>\n<\/div>\n<\/div>\n<\/div><\/div>\n<\/div><\/div>\n<\/div>\n\n\n\n<div class=\"is-layout-flow wp-block-column is-vertically-aligned-center\">\n<div class=\"is-layout-flow wp-block-group\"><div class=\"wp-block-group__inner-container\">\n<div class=\"is-layout-flow wp-block-group\"><div class=\"wp-block-group__inner-container\">\n<div class=\"is-layout-flex wp-container-17 wp-block-columns\">\n<div class=\"is-layout-flow wp-block-column\" style=\"flex-basis:100%\">\n<div class=\"is-layout-flow wp-block-group alignwide\"><div class=\"wp-block-group__inner-container\">\n<div class=\"wp-block-image\"><figure class=\"aligncenter size-full is-resized\"><a href=\"https:\/\/www.luzeco.com\/es\/apliques-led\/1836-eglo-96543-romendo-1-aplique-de-pared-en-acero-y-acrilico-9002759965433.html\" target=\"_blank\" rel=\"noopener\"><img decoding=\"async\" loading=\"lazy\" src=\"https:\/\/www.luzeco.com\/blog\/wp-content\/uploads\/2022\/01\/aplique-espejo-lampara-bano-luzeco-96543-2.jpg\" alt=\"\" class=\"wp-image-802\" width=\"242\" height=\"314\"\/><\/a><\/figure><\/div>\n<\/div><\/div>\n<\/div>\n<\/div>\n<\/div><\/div>\n<\/div><\/div>\n<\/div>\n<\/div>\n<\/div>\n<\/div>\n\n\n\n<p>Hoy en d\u00eda existen multitud de alternativas de dise\u00f1o para <a href=\"https:\/\/www.luzeco.com\/es\/190-lamparas-para-bano\" target=\"_blank\" rel=\"noreferrer noopener\">iluminar tu ba\u00f1o<\/a> y que puedas sentirte seguro a la vez. No olvides revisar este punto pero, si la l\u00e1mpara no va a estar cerca de fuentes de agua, puedes elegir cualquier otro modelo de <a href=\"https:\/\/www.luzeco.com\/es\/178-apliques-lamparas-pared\" target=\"_blank\" rel=\"noreferrer noopener\">aplique de pared<\/a> que te guste m\u00e1s y a\u00f1adir un plus a tu decoraci\u00f3n de ba\u00f1o.<\/p>\n\n\n\n<div class=\"is-layout-flow wp-block-group\"><div class=\"wp-block-group__inner-container\">\n<div class=\"is-layout-flex wp-container-30 wp-block-columns are-vertically-aligned-center\">\n<div class=\"is-layout-flow wp-block-column is-vertically-aligned-center\">\n<div class=\"is-layout-flow wp-block-group\"><div class=\"wp-block-group__inner-container\">\n<div class=\"wp-block-image\"><figure class=\"aligncenter size-full is-resized\"><a href=\"https:\/\/www.luzeco.com\/es\/apliques-led\/1609-eglo-95768-lasana-aplique-de-pared-en-acero-aluminio-y-acrilico-9002759957681.html\" target=\"_blank\" rel=\"noopener\"><img decoding=\"async\" loading=\"lazy\" src=\"https:\/\/www.luzeco.com\/blog\/wp-content\/uploads\/2022\/01\/aplique-de-pared-luzeco-95768-2.jpg\" alt=\"\" class=\"wp-image-797\" width=\"255\" height=\"330\"\/><\/a><\/figure><\/div>\n<\/div><\/div>\n<\/div>\n\n\n\n<div class=\"is-layout-flow wp-block-column is-vertically-aligned-center\">\n<div class=\"is-layout-flow wp-block-group\"><div class=\"wp-block-group__inner-container\">\n<div class=\"wp-block-image\"><figure class=\"aligncenter size-full is-resized\"><a href=\"https:\/\/www.luzeco.com\/es\/focos-de-pared\/1838-eglo-96552-seras-spot-en-acero-9002759965525.html\" target=\"_blank\" rel=\"noopener\"><img decoding=\"async\" loading=\"lazy\" src=\"https:\/\/www.luzeco.com\/blog\/wp-content\/uploads\/2022\/01\/aplique-pared-luzeco-96552-2.jpg\" alt=\"\" class=\"wp-image-798\" width=\"255\" height=\"330\"\/><\/a><\/figure><\/div>\n<\/div><\/div>\n<\/div>\n\n\n\n<div class=\"is-layout-flow wp-block-column is-vertically-aligned-center\">\n<div class=\"is-layout-flow wp-block-group\"><div class=\"wp-block-group__inner-container\">\n<div class=\"wp-block-image\"><figure class=\"aligncenter size-full is-resized\"><a href=\"https:\/\/www.luzeco.com\/es\/focos-de-pared\/5551-eglo-98762-tabillano-foco-en-acero-9002759987626.html\" target=\"_blank\" rel=\"noopener\"><img decoding=\"async\" loading=\"lazy\" src=\"https:\/\/www.luzeco.com\/blog\/wp-content\/uploads\/2022\/01\/aplique-pared-luzeco-98762-2.jpg\" alt=\"\" class=\"wp-image-799\" width=\"258\" height=\"335\"\/><\/a><\/figure><\/div>\n<\/div><\/div>\n<\/div>\n<\/div>\n<\/div><\/div>\n\n\n\n<h3>\u00bfY qu\u00e9 sucede con las l\u00e1mparas de exterior?<\/h3>\n\n\n\n<p>El caso es similar: las l\u00e1mparas de exterior est\u00e1n dotadas con tecnolog\u00eda protectora contra agua y polvo en igual o mayor grado que la categor\u00eda anterior: IP44, o lo que es lo mismo, alta resistencia al polvo y al agua.<\/p>\n\n\n\n<p>No todos los modelos est\u00e1n adecuados para la inmersi\u00f3n, por ejemplo no podr\u00edan instalarse dentro de una piscina o en el propio suelo, pero s\u00ed est\u00e1n equipadas para soportar la lluvia. Nuestra recomendaci\u00f3n es revisar siempre el grado de protecci\u00f3n disponible en las caracter\u00edsticas t\u00e9cnicas del producto.<\/p>\n\n\n\n<p>En nuestra amplia secci\u00f3n de <a href=\"https:\/\/www.luzeco.com\/es\/49-lampara-exterior\" target=\"_blank\" rel=\"noreferrer noopener\">iluminaci\u00f3n exterior<\/a> encontrar\u00e1s multitud de alternativas con grados de protecci\u00f3n distintos y dependiendo de si buscas farolas, balizas, luces de suelo, sensores de movimiento\u2026 \u00a1echa un vistazo!<\/p>\n\n\n\n<div class=\"is-layout-flow wp-block-group\"><div class=\"wp-block-group__inner-container\">\n<div class=\"is-layout-flex wp-container-37 wp-block-columns\">\n<div class=\"is-layout-flow wp-block-column\" style=\"flex-basis:100%\">\n<div class=\"is-layout-flex wp-container-35 wp-block-columns\">\n<div class=\"is-layout-flow wp-block-column\">\n<div class=\"wp-block-image\"><figure class=\"aligncenter size-full is-resized\"><a href=\"https:\/\/www.luzeco.com\/es\/lamparas-empotrables\/973-eglo-88575-zimba-lampara-empotrada-en-fundicion-de-aluminio-y-vidrio-satinado-9002759885755.html\" target=\"_blank\" rel=\"noopener\"><img decoding=\"async\" loading=\"lazy\" src=\"https:\/\/www.luzeco.com\/blog\/wp-content\/uploads\/2022\/01\/luz-empotrable-exterior-luzeco-88575-2-1.jpg\" alt=\"\" class=\"wp-image-819\" width=\"246\" height=\"319\"\/><\/a><\/figure><\/div>\n<\/div>\n\n\n\n<div class=\"is-layout-flow wp-block-column\">\n<div class=\"wp-block-image\"><figure class=\"aligncenter size-full is-resized\"><a href=\"https:\/\/www.luzeco.com\/es\/farolas\/2748-eglo-83969-sidney-farola-mini-para-exterior-de-120-cm-9002759839697.html\" target=\"_blank\" rel=\"noopener\"><img decoding=\"async\" loading=\"lazy\" src=\"https:\/\/www.luzeco.com\/blog\/wp-content\/uploads\/2022\/01\/baliza-lampara-exterior-luzeco-83969-2-1.jpg\" alt=\"\" class=\"wp-image-820\" width=\"248\" height=\"321\"\/><\/a><\/figure><\/div>\n<\/div>\n\n\n\n<div class=\"is-layout-flow wp-block-column\">\n<div class=\"wp-block-image\"><figure class=\"aligncenter size-full is-resized\"><a href=\"https:\/\/www.luzeco.com\/es\/lamparas-empotrables\/929-eglo-86189-riga-3-empotrable-de-exterior-circular-de-17-cm-9002759861896.html\" target=\"_blank\" rel=\"noopener\"><img decoding=\"async\" loading=\"lazy\" src=\"https:\/\/www.luzeco.com\/blog\/wp-content\/uploads\/2022\/01\/foco-exterior-luzeco-86189-2-1.jpg\" alt=\"\" class=\"wp-image-821\" width=\"248\" height=\"321\"\/><\/a><\/figure><\/div>\n<\/div>\n<\/div>\n<\/div>\n<\/div>\n<\/div><\/div>\n\n\n\n<p>La jerga t\u00e9cnica en ocasiones suele ser confusa y algo aburrida, por eso desde Luzeco hemos querido simplificar y pon\u00e9rtelo m\u00e1s f\u00e1cil a la hora de elegir la l\u00e1mpara de ba\u00f1o o de exterior que m\u00e1s te encaje, y entender su terminolog\u00eda.<\/p>\n\n\n\n<p>Si a\u00fan tienes alguna duda que resolver, <a href=\"https:\/\/www.luzeco.com\/es\/contact\/asesoramiento-personalizado\" target=\"_blank\" rel=\"noreferrer noopener\">escr\u00edbenos <\/a>y te ampliaremos la informaci\u00f3n que necesites.<\/p>\n\n\n\n<p>Light is Life!<\/p>\n","protected":false},"excerpt":{"rendered":"<p>Seguramente te hayas preguntado qu\u00e9 ser\u00e1 eso del grado de protecci\u00f3n y qu\u00e9 diferencia hay entre una l\u00e1mpara decorativa al uso de una l\u00e1mpara de ba\u00f1o. Hoy en el blog te ense\u00f1amos la diferencia de una manera sencilla: despeja todas tus dudas a la hora de iluminar y decorar tu hogar. \u00a1Sigue leyendo! Las l\u00e1mparas decorativas no necesitan mayor protecci\u00f3n que la que por ley tienen que tener en est\u00e1ndares de seguridad, pero las l\u00e1mparas de ba\u00f1o, al igual que las l\u00e1mparas de exterior, suelen necesitar una protecci\u00f3n contra agentes externos m\u00e1s potente y controlada, y es por ello que, al igual que otros productos el\u00e9ctricos o electr\u00f3nicos que necesitan un plus de seguridad, este tipo de producto cuenta con una serie de par\u00e1metros que responden a los denominados grados de protecci\u00f3n IP. \u00bfQu\u00e9 es [&hellip;]<\/p>\n","protected":false},"author":1,"featured_media":804,"comment_status":"closed","ping_status":"open","sticky":false,"template":"","format":"standard","meta":[],"categories":[5],"tags":[15,14,11,13,10],"yoast_head":"<!-- This site is optimized with the Yoast SEO plugin v19.14 - https:\/\/yoast.com\/wordpress\/plugins\/seo\/ -->\n<title>Qu\u00e9 l\u00e1mpara de ba\u00f1o escoger y qu\u00e9 es la protecci\u00f3n IP - Blog LUZECO<\/title>\n<meta name=\"description\" content=\"Las l\u00e1mparas de ba\u00f1o necesitan tener algunas caracter\u00edsticas especiales para que no se estropeen, en el blog te desvelamos cu\u00e1les. \u00a1No te lo pierdas!\" \/>\n<meta name=\"robots\" content=\"index, follow, max-snippet:-1, max-image-preview:large, max-video-preview:-1\" \/>\n<link rel=\"canonical\" href=\"https:\/\/www.luzeco.com\/blog\/lampara-de-bano-escoger-y-grado-de-proteccion-ip\/\" \/>\n<meta property=\"og:locale\" content=\"es_ES\" \/>\n<meta property=\"og:type\" content=\"article\" \/>\n<meta property=\"og:title\" content=\"Qu\u00e9 l\u00e1mpara de ba\u00f1o escoger y qu\u00e9 es la protecci\u00f3n IP - Blog LUZECO\" \/>\n<meta property=\"og:description\" content=\"Las l\u00e1mparas de ba\u00f1o necesitan tener algunas caracter\u00edsticas especiales para que no se estropeen, en el blog te desvelamos cu\u00e1les. \u00a1No te lo pierdas!\" \/>\n<meta property=\"og:url\" content=\"https:\/\/www.luzeco.com\/blog\/lampara-de-bano-escoger-y-grado-de-proteccion-ip\/\" \/>\n<meta property=\"og:site_name\" content=\"Blog LUZECO\" \/>\n<meta property=\"article:published_time\" content=\"2022-01-20T12:18:10+00:00\" \/>\n<meta property=\"article:modified_time\" content=\"2022-02-09T15:35:02+00:00\" \/>\n<meta property=\"og:image\" content=\"https:\/\/www.luzeco.com\/blog\/wp-content\/uploads\/2022\/01\/blog-que-lampara-bano-elegir.png\" \/>\n\t<meta property=\"og:image:width\" content=\"1100\" \/>\n\t<meta property=\"og:image:height\" content=\"600\" \/>\n\t<meta property=\"og:image:type\" content=\"image\/png\" \/>\n<meta name=\"author\" content=\"luzeco\" \/>\n<meta name=\"twitter:card\" content=\"summary_large_image\" \/>\n<meta name=\"twitter:label1\" content=\"Escrito por\" \/>\n\t<meta name=\"twitter:data1\" content=\"luzeco\" \/>\n\t<meta name=\"twitter:label2\" content=\"Tiempo de lectura\" \/>\n\t<meta name=\"twitter:data2\" content=\"6 minutos\" \/>\n<script type=\"application\/ld+json\" class=\"yoast-schema-graph\">{\"@context\":\"https:\/\/schema.org\",\"@graph\":[{\"@type\":\"Article\",\"@id\":\"https:\/\/www.luzeco.com\/blog\/lampara-de-bano-escoger-y-grado-de-proteccion-ip\/#article\",\"isPartOf\":{\"@id\":\"https:\/\/www.luzeco.com\/blog\/lampara-de-bano-escoger-y-grado-de-proteccion-ip\/\"},\"author\":{\"name\":\"luzeco\",\"@id\":\"https:\/\/www.luzeco.com\/blog\/#\/schema\/person\/1fcf316166a5c59805f56fcacd66f42a\"},\"headline\":\"Qu\u00e9 l\u00e1mpara de ba\u00f1o escoger y qu\u00e9 es la protecci\u00f3n IP\",\"datePublished\":\"2022-01-20T12:18:10+00:00\",\"dateModified\":\"2022-02-09T15:35:02+00:00\",\"mainEntityOfPage\":{\"@id\":\"https:\/\/www.luzeco.com\/blog\/lampara-de-bano-escoger-y-grado-de-proteccion-ip\/\"},\"wordCount\":777,\"publisher\":{\"@id\":\"https:\/\/www.luzeco.com\/blog\/#organization\"},\"keywords\":[\"grado de proteccion ip\",\"iluminaci\u00f3n\",\"l\u00e1mparas de ba\u00f1o\",\"l\u00e1mparas de exterior\",\"lamparas para ba\u00f1o\"],\"articleSection\":[\"Consejos\"],\"inLanguage\":\"es\"},{\"@type\":\"WebPage\",\"@id\":\"https:\/\/www.luzeco.com\/blog\/lampara-de-bano-escoger-y-grado-de-proteccion-ip\/\",\"url\":\"https:\/\/www.luzeco.com\/blog\/lampara-de-bano-escoger-y-grado-de-proteccion-ip\/\",\"name\":\"Qu\u00e9 l\u00e1mpara de ba\u00f1o escoger y qu\u00e9 es la protecci\u00f3n IP - Blog LUZECO\",\"isPartOf\":{\"@id\":\"https:\/\/www.luzeco.com\/blog\/#website\"},\"datePublished\":\"2022-01-20T12:18:10+00:00\",\"dateModified\":\"2022-02-09T15:35:02+00:00\",\"description\":\"Las l\u00e1mparas de ba\u00f1o necesitan tener algunas caracter\u00edsticas especiales para que no se estropeen, en el blog te desvelamos cu\u00e1les. \u00a1No te lo pierdas!\",\"breadcrumb\":{\"@id\":\"https:\/\/www.luzeco.com\/blog\/lampara-de-bano-escoger-y-grado-de-proteccion-ip\/#breadcrumb\"},\"inLanguage\":\"es\",\"potentialAction\":[{\"@type\":\"ReadAction\",\"target\":[\"https:\/\/www.luzeco.com\/blog\/lampara-de-bano-escoger-y-grado-de-proteccion-ip\/\"]}]},{\"@type\":\"BreadcrumbList\",\"@id\":\"https:\/\/www.luzeco.com\/blog\/lampara-de-bano-escoger-y-grado-de-proteccion-ip\/#breadcrumb\",\"itemListElement\":[{\"@type\":\"ListItem\",\"position\":1,\"name\":\"Home\",\"item\":\"https:\/\/www.luzeco.com\/blog\/\"},{\"@type\":\"ListItem\",\"position\":2,\"name\":\"Qu\u00e9 l\u00e1mpara de ba\u00f1o escoger y qu\u00e9 es la protecci\u00f3n IP\"}]},{\"@type\":\"WebSite\",\"@id\":\"https:\/\/www.luzeco.com\/blog\/#website\",\"url\":\"https:\/\/www.luzeco.com\/blog\/\",\"name\":\"Blog LUZECO\",\"description\":\"L\u00edder en iluminaci\u00f3n y decoraci\u00f3n\",\"publisher\":{\"@id\":\"https:\/\/www.luzeco.com\/blog\/#organization\"},\"potentialAction\":[{\"@type\":\"SearchAction\",\"target\":{\"@type\":\"EntryPoint\",\"urlTemplate\":\"https:\/\/www.luzeco.com\/blog\/?s={search_term_string}\"},\"query-input\":\"required name=search_term_string\"}],\"inLanguage\":\"es\"},{\"@type\":\"Organization\",\"@id\":\"https:\/\/www.luzeco.com\/blog\/#organization\",\"name\":\"LUZECO LIGHTING\",\"url\":\"https:\/\/www.luzeco.com\/blog\/\",\"logo\":{\"@type\":\"ImageObject\",\"inLanguage\":\"es\",\"@id\":\"https:\/\/www.luzeco.com\/blog\/#\/schema\/logo\/image\/\",\"url\":\"https:\/\/www.luzeco.com\/blog\/wp-content\/uploads\/2020\/09\/cropped-luzeco-icono.png\",\"contentUrl\":\"https:\/\/www.luzeco.com\/blog\/wp-content\/uploads\/2020\/09\/cropped-luzeco-icono.png\",\"width\":512,\"height\":512,\"caption\":\"LUZECO LIGHTING\"},\"image\":{\"@id\":\"https:\/\/www.luzeco.com\/blog\/#\/schema\/logo\/image\/\"}},{\"@type\":\"Person\",\"@id\":\"https:\/\/www.luzeco.com\/blog\/#\/schema\/person\/1fcf316166a5c59805f56fcacd66f42a\",\"name\":\"luzeco\",\"image\":{\"@type\":\"ImageObject\",\"inLanguage\":\"es\",\"@id\":\"https:\/\/www.luzeco.com\/blog\/#\/schema\/person\/image\/\",\"url\":\"https:\/\/secure.gravatar.com\/avatar\/50258ce9bf6774e06410b8db81d34f8a?s=96&d=mm&r=g\",\"contentUrl\":\"https:\/\/secure.gravatar.com\/avatar\/50258ce9bf6774e06410b8db81d34f8a?s=96&d=mm&r=g\",\"caption\":\"luzeco\"},\"sameAs\":[\"https:\/\/www.luzeco.com\/blog\"],\"url\":\"https:\/\/www.luzeco.com\/blog\/author\/luzeco\/\"}]}<\/script>\n<!-- \/ Yoast SEO plugin. -->","yoast_head_json":{"title":"Qu\u00e9 l\u00e1mpara de ba\u00f1o escoger y qu\u00e9 es la protecci\u00f3n IP - Blog LUZECO","description":"Las l\u00e1mparas de ba\u00f1o necesitan tener algunas caracter\u00edsticas especiales para que no se estropeen, en el blog te desvelamos cu\u00e1les. \u00a1No te lo pierdas!","robots":{"index":"index","follow":"follow","max-snippet":"max-snippet:-1","max-image-preview":"max-image-preview:large","max-video-preview":"max-video-preview:-1"},"canonical":"https:\/\/www.luzeco.com\/blog\/lampara-de-bano-escoger-y-grado-de-proteccion-ip\/","og_locale":"es_ES","og_type":"article","og_title":"Qu\u00e9 l\u00e1mpara de ba\u00f1o escoger y qu\u00e9 es la protecci\u00f3n IP - Blog LUZECO","og_description":"Las l\u00e1mparas de ba\u00f1o necesitan tener algunas caracter\u00edsticas especiales para que no se estropeen, en el blog te desvelamos cu\u00e1les. \u00a1No te lo pierdas!","og_url":"https:\/\/www.luzeco.com\/blog\/lampara-de-bano-escoger-y-grado-de-proteccion-ip\/","og_site_name":"Blog LUZECO","article_published_time":"2022-01-20T12:18:10+00:00","article_modified_time":"2022-02-09T15:35:02+00:00","og_image":[{"width":1100,"height":600,"url":"https:\/\/www.luzeco.com\/blog\/wp-content\/uploads\/2022\/01\/blog-que-lampara-bano-elegir.png","type":"image\/png"}],"author":"luzeco","twitter_card":"summary_large_image","twitter_misc":{"Escrito por":"luzeco","Tiempo de lectura":"6 minutos"},"schema":{"@context":"https:\/\/schema.org","@graph":[{"@type":"Article","@id":"https:\/\/www.luzeco.com\/blog\/lampara-de-bano-escoger-y-grado-de-proteccion-ip\/#article","isPartOf":{"@id":"https:\/\/www.luzeco.com\/blog\/lampara-de-bano-escoger-y-grado-de-proteccion-ip\/"},"author":{"name":"luzeco","@id":"https:\/\/www.luzeco.com\/blog\/#\/schema\/person\/1fcf316166a5c59805f56fcacd66f42a"},"headline":"Qu\u00e9 l\u00e1mpara de ba\u00f1o escoger y qu\u00e9 es la protecci\u00f3n IP","datePublished":"2022-01-20T12:18:10+00:00","dateModified":"2022-02-09T15:35:02+00:00","mainEntityOfPage":{"@id":"https:\/\/www.luzeco.com\/blog\/lampara-de-bano-escoger-y-grado-de-proteccion-ip\/"},"wordCount":777,"publisher":{"@id":"https:\/\/www.luzeco.com\/blog\/#organization"},"keywords":["grado de proteccion ip","iluminaci\u00f3n","l\u00e1mparas de ba\u00f1o","l\u00e1mparas de exterior","lamparas para ba\u00f1o"],"articleSection":["Consejos"],"inLanguage":"es"},{"@type":"WebPage","@id":"https:\/\/www.luzeco.com\/blog\/lampara-de-bano-escoger-y-grado-de-proteccion-ip\/","url":"https:\/\/www.luzeco.com\/blog\/lampara-de-bano-escoger-y-grado-de-proteccion-ip\/","name":"Qu\u00e9 l\u00e1mpara de ba\u00f1o escoger y qu\u00e9 es la protecci\u00f3n IP - Blog LUZECO","isPartOf":{"@id":"https:\/\/www.luzeco.com\/blog\/#website"},"datePublished":"2022-01-20T12:18:10+00:00","dateModified":"2022-02-09T15:35:02+00:00","description":"Las l\u00e1mparas de ba\u00f1o necesitan tener algunas caracter\u00edsticas especiales para que no se estropeen, en el blog te desvelamos cu\u00e1les. \u00a1No te lo pierdas!","breadcrumb":{"@id":"https:\/\/www.luzeco.com\/blog\/lampara-de-bano-escoger-y-grado-de-proteccion-ip\/#breadcrumb"},"inLanguage":"es","potentialAction":[{"@type":"ReadAction","target":["https:\/\/www.luzeco.com\/blog\/lampara-de-bano-escoger-y-grado-de-proteccion-ip\/"]}]},{"@type":"BreadcrumbList","@id":"https:\/\/www.luzeco.com\/blog\/lampara-de-bano-escoger-y-grado-de-proteccion-ip\/#breadcrumb","itemListElement":[{"@type":"ListItem","position":1,"name":"Home","item":"https:\/\/www.luzeco.com\/blog\/"},{"@type":"ListItem","position":2,"name":"Qu\u00e9 l\u00e1mpara de ba\u00f1o escoger y qu\u00e9 es la protecci\u00f3n IP"}]},{"@type":"WebSite","@id":"https:\/\/www.luzeco.com\/blog\/#website","url":"https:\/\/www.luzeco.com\/blog\/","name":"Blog LUZECO","description":"L\u00edder en iluminaci\u00f3n y decoraci\u00f3n","publisher":{"@id":"https:\/\/www.luzeco.com\/blog\/#organization"},"potentialAction":[{"@type":"SearchAction","target":{"@type":"EntryPoint","urlTemplate":"https:\/\/www.luzeco.com\/blog\/?s={search_term_string}"},"query-input":"required name=search_term_string"}],"inLanguage":"es"},{"@type":"Organization","@id":"https:\/\/www.luzeco.com\/blog\/#organization","name":"LUZECO LIGHTING","url":"https:\/\/www.luzeco.com\/blog\/","logo":{"@type":"ImageObject","inLanguage":"es","@id":"https:\/\/www.luzeco.com\/blog\/#\/schema\/logo\/image\/","url":"https:\/\/www.luzeco.com\/blog\/wp-content\/uploads\/2020\/09\/cropped-luzeco-icono.png","contentUrl":"https:\/\/www.luzeco.com\/blog\/wp-content\/uploads\/2020\/09\/cropped-luzeco-icono.png","width":512,"height":512,"caption":"LUZECO LIGHTING"},"image":{"@id":"https:\/\/www.luzeco.com\/blog\/#\/schema\/logo\/image\/"}},{"@type":"Person","@id":"https:\/\/www.luzeco.com\/blog\/#\/schema\/person\/1fcf316166a5c59805f56fcacd66f42a","name":"luzeco","image":{"@type":"ImageObject","inLanguage":"es","@id":"https:\/\/www.luzeco.com\/blog\/#\/schema\/person\/image\/","url":"https:\/\/secure.gravatar.com\/avatar\/50258ce9bf6774e06410b8db81d34f8a?s=96&d=mm&r=g","contentUrl":"https:\/\/secure.gravatar.com\/avatar\/50258ce9bf6774e06410b8db81d34f8a?s=96&d=mm&r=g","caption":"luzeco"},"sameAs":["https:\/\/www.luzeco.com\/blog"],"url":"https:\/\/www.luzeco.com\/blog\/author\/luzeco\/"}]}},"_links":{"self":[{"href":"https:\/\/www.luzeco.com\/blog\/wp-json\/wp\/v2\/posts\/789"}],"collection":[{"href":"https:\/\/www.luzeco.com\/blog\/wp-json\/wp\/v2\/posts"}],"about":[{"href":"https:\/\/www.luzeco.com\/blog\/wp-json\/wp\/v2\/types\/post"}],"author":[{"embeddable":true,"href":"https:\/\/www.luzeco.com\/blog\/wp-json\/wp\/v2\/users\/1"}],"replies":[{"embeddable":true,"href":"https:\/\/www.luzeco.com\/blog\/wp-json\/wp\/v2\/comments?post=789"}],"version-history":[{"count":24,"href":"https:\/\/www.luzeco.com\/blog\/wp-json\/wp\/v2\/posts\/789\/revisions"}],"predecessor-version":[{"id":830,"href":"https:\/\/www.luzeco.com\/blog\/wp-json\/wp\/v2\/posts\/789\/revisions\/830"}],"wp:featuredmedia":[{"embeddable":true,"href":"https:\/\/www.luzeco.com\/blog\/wp-json\/wp\/v2\/media\/804"}],"wp:attachment":[{"href":"https:\/\/www.luzeco.com\/blog\/wp-json\/wp\/v2\/media?parent=789"}],"wp:term":[{"taxonomy":"category","embeddable":true,"href":"https:\/\/www.luzeco.com\/blog\/wp-json\/wp\/v2\/categories?post=789"},{"taxonomy":"post_tag","embeddable":true,"href":"https:\/\/www.luzeco.com\/blog\/wp-json\/wp\/v2\/tags?post=789"}],"curies":[{"name":"wp","href":"https:\/\/api.w.org\/{rel}","templated":true}]}}