{"id":73,"date":"2020-08-03T17:00:00","date_gmt":"2020-08-03T17:00:00","guid":{"rendered":"https:\/\/www.luzeco.com\/blog\/?p=73"},"modified":"2023-01-20T11:58:15","modified_gmt":"2023-01-20T11:58:15","slug":"ilumina-tu-casa-como-kendall-jenner","status":"publish","type":"post","link":"https:\/\/www.luzeco.com\/blog\/ilumina-tu-casa-como-kendall-jenner\/","title":{"rendered":"Ilumina tu casa como Kendall Jenner"},"content":{"rendered":"\n<p>Una de las cosas que m\u00e1s curiosidad nos provoca es conocer c\u00f3mo viven los famosos. Conocer sus gustos, su estilo y sus caprichos. Aunque tambi\u00e9n sabemos, que muchas veces, no son ellos mismos los que se encargan de la decoraci\u00f3n de su casa y cuentan con decoradores que les dise\u00f1an su casa por completo.<\/p>\n\n\n\n<p>Hoy queremos hablarte de la iluminaci\u00f3n que utiliza Kendal Jenner en su casa. Si eres fan incondicional de ella y quieres hacerte con su iluminaci\u00f3n, nosotros te proponemos la opci\u00f3n low cost de su luminaria.<\/p>\n\n\n<div class=\"wp-block-image\">\n<figure class=\"aligncenter size-large\"><img decoding=\"async\" loading=\"lazy\" width=\"1024\" height=\"559\" src=\"https:\/\/www.luzeco.com\/blog\/wp-content\/uploads\/2020\/09\/iluminacion-hogar-kendall-jenner-1024x559.jpg\" alt=\"kendall jenner casa\" class=\"wp-image-77\" srcset=\"https:\/\/www.luzeco.com\/blog\/wp-content\/uploads\/2020\/09\/iluminacion-hogar-kendall-jenner-1024x559.jpg 1024w, https:\/\/www.luzeco.com\/blog\/wp-content\/uploads\/2020\/09\/iluminacion-hogar-kendall-jenner-300x164.jpg 300w, https:\/\/www.luzeco.com\/blog\/wp-content\/uploads\/2020\/09\/iluminacion-hogar-kendall-jenner-768x419.jpg 768w, https:\/\/www.luzeco.com\/blog\/wp-content\/uploads\/2020\/09\/iluminacion-hogar-kendall-jenner.jpg 1100w\" sizes=\"(max-width: 1024px) 100vw, 1024px\" \/><\/figure><\/div>\n\n\n<p>En la casa de Kendall Jenner, la iluminaci\u00f3n de la entrada ha sido dise\u00f1ada por el artista estadounidense James Turrell. Para los que no tienen el presupuesto de las Kardashian <a href=\"https:\/\/www.luzeco.com\/es\/busqueda?controller=search&amp;s=sarsina-c+\"> la colecci\u00f3n SARSINA-C<\/a> es lo que est\u00e1s buscando. <\/p>\n\n\n\n<p>Una colecci\u00f3n que puedes poner tanto en el techo como en la pared. Est\u00e1 disponible en diferentes di\u00e1metros (800 mm, 600 mm, 450 mm y 300 mm), pero si quieres copiar el estilo exacto de la Jenner, est\u00e1 claro que necesitas a <a href=\"https:\/\/www.luzeco.com\/es\/ofertas\/2633-eglo-98566-sarsina-c-lampara-de-techo-en-acero-y-acrilico-9002759985660.html\">SARSINA-C de 800 mm de di\u00e1metro<\/a>.<\/p>\n\n\n\n<p>Estas luminarias cuentan con la <strong>\u00faltima tecnolog\u00eda en iluminaci\u00f3n<\/strong>. Regulador de luz, de temperatura y RGB. El efecto rosado de Kendall lo conseguir\u00e1s gracias a la opci\u00f3n RGB que incluye la luminaria. <\/p>\n\n\n\n<p>Lo mejor de todo es que todas estas opciones puedes controlarlas desde una aplicaci\u00f3n m\u00f3vil o desde un mando a distancia que viene incluido con la luminaria. \u00bfTe animas a darle este toque de luz a tu hogar?<\/p>\n\n\n<div class=\"wp-block-image\">\n<figure class=\"aligncenter size-large\"><img decoding=\"async\" loading=\"lazy\" width=\"1024\" height=\"559\" src=\"https:\/\/www.luzeco.com\/blog\/wp-content\/uploads\/2020\/09\/iluminacio-casa-kendall-jenner-1-1024x559.jpg\" alt=\"\" class=\"wp-image-86\" srcset=\"https:\/\/www.luzeco.com\/blog\/wp-content\/uploads\/2020\/09\/iluminacio-casa-kendall-jenner-1-1024x559.jpg 1024w, https:\/\/www.luzeco.com\/blog\/wp-content\/uploads\/2020\/09\/iluminacio-casa-kendall-jenner-1-300x164.jpg 300w, https:\/\/www.luzeco.com\/blog\/wp-content\/uploads\/2020\/09\/iluminacio-casa-kendall-jenner-1-768x419.jpg 768w, https:\/\/www.luzeco.com\/blog\/wp-content\/uploads\/2020\/09\/iluminacio-casa-kendall-jenner-1.jpg 1100w\" sizes=\"(max-width: 1024px) 100vw, 1024px\" \/><\/figure><\/div>\n\n\n<p>Si no eres tan extravagante como las Kardashian, y quieres conseguir el mismo efecto, pero con luminarias m\u00e1s peque\u00f1as te proponemos que le eches un vistazo a la <a href=\"https:\/\/www.luzeco.com\/es\/busqueda?controller=search&amp;s=ella\">colecci\u00f3n ELLA<\/a>. Est\u00e1 disponible en tama\u00f1os m\u00e1s peque\u00f1os (350 mm, 280 mm y 200 mm) y tiene forma ovalada. Su precio es muy inferior debido a su tama\u00f1o y no cuenta con LED integrado. Si queremos conseguir el efecto rosado necesitas <strong><a href=\"https:\/\/www.luzeco.com\/es\/e27-estandar-opal\/19-eglo-10107-lm-led-e27-bombilla-regulable-9002759101077.html\">bombillas LED con RGB integrado<\/a><\/strong>.<\/p>\n\n\n\n<p>\u00a1Gracias por leernos!<\/p>\n\n\n<div class=\"wp-block-image\">\n<figure class=\"aligncenter size-large\"><a href=\"https:\/\/www.luzeco.com\/es\/content\/33-descuentos-lamparas-iluminacion-eglo\"><img decoding=\"async\" loading=\"lazy\" width=\"1024\" height=\"244\" src=\"https:\/\/www.luzeco.com\/blog\/wp-content\/uploads\/2020\/05\/promociones-iluminacion-1024x244.jpg\" alt=\"promociones iluminaci\u00f3n\" class=\"wp-image-424\" srcset=\"https:\/\/www.luzeco.com\/blog\/wp-content\/uploads\/2020\/05\/promociones-iluminacion-1024x244.jpg 1024w, https:\/\/www.luzeco.com\/blog\/wp-content\/uploads\/2020\/05\/promociones-iluminacion-300x72.jpg 300w, https:\/\/www.luzeco.com\/blog\/wp-content\/uploads\/2020\/05\/promociones-iluminacion-768x183.jpg 768w, https:\/\/www.luzeco.com\/blog\/wp-content\/uploads\/2020\/05\/promociones-iluminacion-1140x272.jpg 1140w, https:\/\/www.luzeco.com\/blog\/wp-content\/uploads\/2020\/05\/promociones-iluminacion.jpg 1200w\" sizes=\"(max-width: 1024px) 100vw, 1024px\" \/><\/a><\/figure><\/div>","protected":false},"excerpt":{"rendered":"<p>Una de las cosas que m\u00e1s curiosidad nos provoca es conocer c\u00f3mo viven los famosos. Conocer sus gustos, su estilo y sus caprichos. Aunque tambi\u00e9n sabemos, que muchas veces, no son ellos mismos los que se encargan de la decoraci\u00f3n de su casa y cuentan con decoradores que les dise\u00f1an su casa por completo. Hoy queremos hablarte de la iluminaci\u00f3n que utiliza Kendal Jenner en su casa. Si eres fan incondicional de ella y quieres hacerte con su iluminaci\u00f3n, nosotros te proponemos la opci\u00f3n low cost de su luminaria. En la casa de Kendall Jenner, la iluminaci\u00f3n de la entrada ha sido dise\u00f1ada por el artista estadounidense James Turrell. Para los que no tienen el presupuesto de las Kardashian la colecci\u00f3n SARSINA-C es lo que est\u00e1s buscando. Una colecci\u00f3n que puedes poner tanto en el [&hellip;]<\/p>\n","protected":false},"author":1,"featured_media":76,"comment_status":"closed","ping_status":"open","sticky":false,"template":"","format":"standard","meta":[],"categories":[9],"tags":[],"yoast_head":"<!-- This site is optimized with the Yoast SEO plugin v19.14 - https:\/\/yoast.com\/wordpress\/plugins\/seo\/ -->\n<title>Ilumina tu casa como Kendall Jenner - Blog LUZECO<\/title>\n<meta name=\"description\" content=\"Todo lo que venga de las Kardashian genera cursiosidad y la casa de Kendall Jenner no iba a ser menos. \u00a1No te pierdas la versi\u00f3n low cost!\" \/>\n<meta name=\"robots\" content=\"index, follow, max-snippet:-1, max-image-preview:large, max-video-preview:-1\" \/>\n<link rel=\"canonical\" href=\"https:\/\/www.luzeco.com\/blog\/ilumina-tu-casa-como-kendall-jenner\/\" \/>\n<meta property=\"og:locale\" content=\"es_ES\" \/>\n<meta property=\"og:type\" content=\"article\" \/>\n<meta property=\"og:title\" content=\"Ilumina tu casa como Kendall Jenner - Blog LUZECO\" \/>\n<meta property=\"og:description\" content=\"Todo lo que venga de las Kardashian genera cursiosidad y la casa de Kendall Jenner no iba a ser menos. \u00a1No te pierdas la versi\u00f3n low cost!\" \/>\n<meta property=\"og:url\" content=\"https:\/\/www.luzeco.com\/blog\/ilumina-tu-casa-como-kendall-jenner\/\" \/>\n<meta property=\"og:site_name\" content=\"Blog LUZECO\" \/>\n<meta property=\"article:published_time\" content=\"2020-08-03T17:00:00+00:00\" \/>\n<meta property=\"article:modified_time\" content=\"2023-01-20T11:58:15+00:00\" \/>\n<meta property=\"og:image\" content=\"https:\/\/www.luzeco.com\/blog\/wp-content\/uploads\/2020\/09\/iluminacio-casa-kendall-jenner.jpg\" \/>\n\t<meta property=\"og:image:width\" content=\"1100\" \/>\n\t<meta property=\"og:image:height\" content=\"600\" \/>\n\t<meta property=\"og:image:type\" content=\"image\/jpeg\" \/>\n<meta name=\"author\" content=\"luzeco\" \/>\n<meta name=\"twitter:card\" content=\"summary_large_image\" \/>\n<meta name=\"twitter:label1\" content=\"Escrito por\" \/>\n\t<meta name=\"twitter:data1\" content=\"luzeco\" \/>\n\t<meta name=\"twitter:label2\" content=\"Tiempo de lectura\" \/>\n\t<meta name=\"twitter:data2\" content=\"3 minutos\" \/>\n<script type=\"application\/ld+json\" class=\"yoast-schema-graph\">{\"@context\":\"https:\/\/schema.org\",\"@graph\":[{\"@type\":\"Article\",\"@id\":\"https:\/\/www.luzeco.com\/blog\/ilumina-tu-casa-como-kendall-jenner\/#article\",\"isPartOf\":{\"@id\":\"https:\/\/www.luzeco.com\/blog\/ilumina-tu-casa-como-kendall-jenner\/\"},\"author\":{\"name\":\"luzeco\",\"@id\":\"https:\/\/www.luzeco.com\/blog\/#\/schema\/person\/1fcf316166a5c59805f56fcacd66f42a\"},\"headline\":\"Ilumina tu casa como Kendall Jenner\",\"datePublished\":\"2020-08-03T17:00:00+00:00\",\"dateModified\":\"2023-01-20T11:58:15+00:00\",\"mainEntityOfPage\":{\"@id\":\"https:\/\/www.luzeco.com\/blog\/ilumina-tu-casa-como-kendall-jenner\/\"},\"wordCount\":348,\"publisher\":{\"@id\":\"https:\/\/www.luzeco.com\/blog\/#organization\"},\"articleSection\":[\"Visto en\"],\"inLanguage\":\"es\"},{\"@type\":\"WebPage\",\"@id\":\"https:\/\/www.luzeco.com\/blog\/ilumina-tu-casa-como-kendall-jenner\/\",\"url\":\"https:\/\/www.luzeco.com\/blog\/ilumina-tu-casa-como-kendall-jenner\/\",\"name\":\"Ilumina tu casa como Kendall Jenner - Blog LUZECO\",\"isPartOf\":{\"@id\":\"https:\/\/www.luzeco.com\/blog\/#website\"},\"datePublished\":\"2020-08-03T17:00:00+00:00\",\"dateModified\":\"2023-01-20T11:58:15+00:00\",\"description\":\"Todo lo que venga de las Kardashian genera cursiosidad y la casa de Kendall Jenner no iba a ser menos. \u00a1No te pierdas la versi\u00f3n low cost!\",\"breadcrumb\":{\"@id\":\"https:\/\/www.luzeco.com\/blog\/ilumina-tu-casa-como-kendall-jenner\/#breadcrumb\"},\"inLanguage\":\"es\",\"potentialAction\":[{\"@type\":\"ReadAction\",\"target\":[\"https:\/\/www.luzeco.com\/blog\/ilumina-tu-casa-como-kendall-jenner\/\"]}]},{\"@type\":\"BreadcrumbList\",\"@id\":\"https:\/\/www.luzeco.com\/blog\/ilumina-tu-casa-como-kendall-jenner\/#breadcrumb\",\"itemListElement\":[{\"@type\":\"ListItem\",\"position\":1,\"name\":\"Home\",\"item\":\"https:\/\/www.luzeco.com\/blog\/\"},{\"@type\":\"ListItem\",\"position\":2,\"name\":\"Ilumina tu casa como Kendall Jenner\"}]},{\"@type\":\"WebSite\",\"@id\":\"https:\/\/www.luzeco.com\/blog\/#website\",\"url\":\"https:\/\/www.luzeco.com\/blog\/\",\"name\":\"Blog LUZECO\",\"description\":\"L\u00edder en iluminaci\u00f3n y decoraci\u00f3n\",\"publisher\":{\"@id\":\"https:\/\/www.luzeco.com\/blog\/#organization\"},\"potentialAction\":[{\"@type\":\"SearchAction\",\"target\":{\"@type\":\"EntryPoint\",\"urlTemplate\":\"https:\/\/www.luzeco.com\/blog\/?s={search_term_string}\"},\"query-input\":\"required name=search_term_string\"}],\"inLanguage\":\"es\"},{\"@type\":\"Organization\",\"@id\":\"https:\/\/www.luzeco.com\/blog\/#organization\",\"name\":\"LUZECO LIGHTING\",\"url\":\"https:\/\/www.luzeco.com\/blog\/\",\"logo\":{\"@type\":\"ImageObject\",\"inLanguage\":\"es\",\"@id\":\"https:\/\/www.luzeco.com\/blog\/#\/schema\/logo\/image\/\",\"url\":\"https:\/\/www.luzeco.com\/blog\/wp-content\/uploads\/2020\/09\/cropped-luzeco-icono.png\",\"contentUrl\":\"https:\/\/www.luzeco.com\/blog\/wp-content\/uploads\/2020\/09\/cropped-luzeco-icono.png\",\"width\":512,\"height\":512,\"caption\":\"LUZECO LIGHTING\"},\"image\":{\"@id\":\"https:\/\/www.luzeco.com\/blog\/#\/schema\/logo\/image\/\"}},{\"@type\":\"Person\",\"@id\":\"https:\/\/www.luzeco.com\/blog\/#\/schema\/person\/1fcf316166a5c59805f56fcacd66f42a\",\"name\":\"luzeco\",\"image\":{\"@type\":\"ImageObject\",\"inLanguage\":\"es\",\"@id\":\"https:\/\/www.luzeco.com\/blog\/#\/schema\/person\/image\/\",\"url\":\"https:\/\/secure.gravatar.com\/avatar\/50258ce9bf6774e06410b8db81d34f8a?s=96&d=mm&r=g\",\"contentUrl\":\"https:\/\/secure.gravatar.com\/avatar\/50258ce9bf6774e06410b8db81d34f8a?s=96&d=mm&r=g\",\"caption\":\"luzeco\"},\"sameAs\":[\"https:\/\/www.luzeco.com\/blog\"],\"url\":\"https:\/\/www.luzeco.com\/blog\/author\/luzeco\/\"}]}<\/script>\n<!-- \/ Yoast SEO plugin. -->","yoast_head_json":{"title":"Ilumina tu casa como Kendall Jenner - Blog LUZECO","description":"Todo lo que venga de las Kardashian genera cursiosidad y la casa de Kendall Jenner no iba a ser menos. \u00a1No te pierdas la versi\u00f3n low cost!","robots":{"index":"index","follow":"follow","max-snippet":"max-snippet:-1","max-image-preview":"max-image-preview:large","max-video-preview":"max-video-preview:-1"},"canonical":"https:\/\/www.luzeco.com\/blog\/ilumina-tu-casa-como-kendall-jenner\/","og_locale":"es_ES","og_type":"article","og_title":"Ilumina tu casa como Kendall Jenner - Blog LUZECO","og_description":"Todo lo que venga de las Kardashian genera cursiosidad y la casa de Kendall Jenner no iba a ser menos. \u00a1No te pierdas la versi\u00f3n low cost!","og_url":"https:\/\/www.luzeco.com\/blog\/ilumina-tu-casa-como-kendall-jenner\/","og_site_name":"Blog LUZECO","article_published_time":"2020-08-03T17:00:00+00:00","article_modified_time":"2023-01-20T11:58:15+00:00","og_image":[{"width":1100,"height":600,"url":"https:\/\/www.luzeco.com\/blog\/wp-content\/uploads\/2020\/09\/iluminacio-casa-kendall-jenner.jpg","type":"image\/jpeg"}],"author":"luzeco","twitter_card":"summary_large_image","twitter_misc":{"Escrito por":"luzeco","Tiempo de lectura":"3 minutos"},"schema":{"@context":"https:\/\/schema.org","@graph":[{"@type":"Article","@id":"https:\/\/www.luzeco.com\/blog\/ilumina-tu-casa-como-kendall-jenner\/#article","isPartOf":{"@id":"https:\/\/www.luzeco.com\/blog\/ilumina-tu-casa-como-kendall-jenner\/"},"author":{"name":"luzeco","@id":"https:\/\/www.luzeco.com\/blog\/#\/schema\/person\/1fcf316166a5c59805f56fcacd66f42a"},"headline":"Ilumina tu casa como Kendall Jenner","datePublished":"2020-08-03T17:00:00+00:00","dateModified":"2023-01-20T11:58:15+00:00","mainEntityOfPage":{"@id":"https:\/\/www.luzeco.com\/blog\/ilumina-tu-casa-como-kendall-jenner\/"},"wordCount":348,"publisher":{"@id":"https:\/\/www.luzeco.com\/blog\/#organization"},"articleSection":["Visto en"],"inLanguage":"es"},{"@type":"WebPage","@id":"https:\/\/www.luzeco.com\/blog\/ilumina-tu-casa-como-kendall-jenner\/","url":"https:\/\/www.luzeco.com\/blog\/ilumina-tu-casa-como-kendall-jenner\/","name":"Ilumina tu casa como Kendall Jenner - Blog LUZECO","isPartOf":{"@id":"https:\/\/www.luzeco.com\/blog\/#website"},"datePublished":"2020-08-03T17:00:00+00:00","dateModified":"2023-01-20T11:58:15+00:00","description":"Todo lo que venga de las Kardashian genera cursiosidad y la casa de Kendall Jenner no iba a ser menos. \u00a1No te pierdas la versi\u00f3n low cost!","breadcrumb":{"@id":"https:\/\/www.luzeco.com\/blog\/ilumina-tu-casa-como-kendall-jenner\/#breadcrumb"},"inLanguage":"es","potentialAction":[{"@type":"ReadAction","target":["https:\/\/www.luzeco.com\/blog\/ilumina-tu-casa-como-kendall-jenner\/"]}]},{"@type":"BreadcrumbList","@id":"https:\/\/www.luzeco.com\/blog\/ilumina-tu-casa-como-kendall-jenner\/#breadcrumb","itemListElement":[{"@type":"ListItem","position":1,"name":"Home","item":"https:\/\/www.luzeco.com\/blog\/"},{"@type":"ListItem","position":2,"name":"Ilumina tu casa como Kendall Jenner"}]},{"@type":"WebSite","@id":"https:\/\/www.luzeco.com\/blog\/#website","url":"https:\/\/www.luzeco.com\/blog\/","name":"Blog LUZECO","description":"L\u00edder en iluminaci\u00f3n y decoraci\u00f3n","publisher":{"@id":"https:\/\/www.luzeco.com\/blog\/#organization"},"potentialAction":[{"@type":"SearchAction","target":{"@type":"EntryPoint","urlTemplate":"https:\/\/www.luzeco.com\/blog\/?s={search_term_string}"},"query-input":"required name=search_term_string"}],"inLanguage":"es"},{"@type":"Organization","@id":"https:\/\/www.luzeco.com\/blog\/#organization","name":"LUZECO LIGHTING","url":"https:\/\/www.luzeco.com\/blog\/","logo":{"@type":"ImageObject","inLanguage":"es","@id":"https:\/\/www.luzeco.com\/blog\/#\/schema\/logo\/image\/","url":"https:\/\/www.luzeco.com\/blog\/wp-content\/uploads\/2020\/09\/cropped-luzeco-icono.png","contentUrl":"https:\/\/www.luzeco.com\/blog\/wp-content\/uploads\/2020\/09\/cropped-luzeco-icono.png","width":512,"height":512,"caption":"LUZECO LIGHTING"},"image":{"@id":"https:\/\/www.luzeco.com\/blog\/#\/schema\/logo\/image\/"}},{"@type":"Person","@id":"https:\/\/www.luzeco.com\/blog\/#\/schema\/person\/1fcf316166a5c59805f56fcacd66f42a","name":"luzeco","image":{"@type":"ImageObject","inLanguage":"es","@id":"https:\/\/www.luzeco.com\/blog\/#\/schema\/person\/image\/","url":"https:\/\/secure.gravatar.com\/avatar\/50258ce9bf6774e06410b8db81d34f8a?s=96&d=mm&r=g","contentUrl":"https:\/\/secure.gravatar.com\/avatar\/50258ce9bf6774e06410b8db81d34f8a?s=96&d=mm&r=g","caption":"luzeco"},"sameAs":["https:\/\/www.luzeco.com\/blog"],"url":"https:\/\/www.luzeco.com\/blog\/author\/luzeco\/"}]}},"_links":{"self":[{"href":"https:\/\/www.luzeco.com\/blog\/wp-json\/wp\/v2\/posts\/73"}],"collection":[{"href":"https:\/\/www.luzeco.com\/blog\/wp-json\/wp\/v2\/posts"}],"about":[{"href":"https:\/\/www.luzeco.com\/blog\/wp-json\/wp\/v2\/types\/post"}],"author":[{"embeddable":true,"href":"https:\/\/www.luzeco.com\/blog\/wp-json\/wp\/v2\/users\/1"}],"replies":[{"embeddable":true,"href":"https:\/\/www.luzeco.com\/blog\/wp-json\/wp\/v2\/comments?post=73"}],"version-history":[{"count":15,"href":"https:\/\/www.luzeco.com\/blog\/wp-json\/wp\/v2\/posts\/73\/revisions"}],"predecessor-version":[{"id":912,"href":"https:\/\/www.luzeco.com\/blog\/wp-json\/wp\/v2\/posts\/73\/revisions\/912"}],"wp:featuredmedia":[{"embeddable":true,"href":"https:\/\/www.luzeco.com\/blog\/wp-json\/wp\/v2\/media\/76"}],"wp:attachment":[{"href":"https:\/\/www.luzeco.com\/blog\/wp-json\/wp\/v2\/media?parent=73"}],"wp:term":[{"taxonomy":"category","embeddable":true,"href":"https:\/\/www.luzeco.com\/blog\/wp-json\/wp\/v2\/categories?post=73"},{"taxonomy":"post_tag","embeddable":true,"href":"https:\/\/www.luzeco.com\/blog\/wp-json\/wp\/v2\/tags?post=73"}],"curies":[{"name":"wp","href":"https:\/\/api.w.org\/{rel}","templated":true}]}}