{"id":484,"date":"2021-04-05T17:00:00","date_gmt":"2021-04-05T17:00:00","guid":{"rendered":"https:\/\/www.luzeco.com\/blog\/?p=484"},"modified":"2022-02-09T15:35:03","modified_gmt":"2022-02-09T15:35:03","slug":"tendencias-en-iluminacion-primavera-verano-2021","status":"publish","type":"post","link":"https:\/\/www.luzeco.com\/blog\/tendencias-en-iluminacion-primavera-verano-2021\/","title":{"rendered":"Tendencias en iluminaci\u00f3n Primavera\/Verano 2021"},"content":{"rendered":"\n<p>Esta primavera\/verano 2021 dejamos atr\u00e1s aquellos dise\u00f1os r\u00edgidos con tonos oscuros que tanto se llevaban la temporada pasada, para darle paso a dise\u00f1os org\u00e1nicos y desenfadados.<\/p>\n\n\n\n<p>Los materiales que van a predominar esta temporada ser\u00e1n: el bamb\u00fa, el yute, el rat\u00e1n, el coco y el lino. Como puedes ver <strong>las fibras naturales cogen una gran importancia a la hora de decorar nuestro hogar<\/strong>. Materiales que invitan a relajarse y desconectar del ajetreo de la ciudad. Texturas rugosas e irregulares que buscan crear dise\u00f1os imperfectos que nos transmiten sensaci\u00f3n de artesan\u00eda.<\/p>\n\n\n\n<p>El sector de la iluminaci\u00f3n se une, como no pod\u00eda ser menos, a esta tendencia con l\u00e1mparas fabricadas en bamb\u00fa y lino. A continuaci\u00f3n, te presentamos algunas de las colecciones que m\u00e1s nos gustan y est\u00e1n a la \u00faltima:<\/p>\n\n\n\n<div class=\"wp-block-image\"><figure class=\"aligncenter size-large\"><a href=\"https:\/\/www.luzeco.com\/es\/lamparas-colgantes-fibras-naturales\/5174-eglo-43271-dondarrion-lampara-colgante-en-acero-y-madera-9002759432713.html\"><img decoding=\"async\" loading=\"lazy\" width=\"1024\" height=\"573\" src=\"https:\/\/www.luzeco.com\/blog\/wp-content\/uploads\/2021\/03\/tendencias-fibras-naturales-1024x573.jpg\" alt=\"tendencias fibras naturales\" class=\"wp-image-492\" srcset=\"https:\/\/www.luzeco.com\/blog\/wp-content\/uploads\/2021\/03\/tendencias-fibras-naturales-1024x573.jpg 1024w, https:\/\/www.luzeco.com\/blog\/wp-content\/uploads\/2021\/03\/tendencias-fibras-naturales-300x168.jpg 300w, https:\/\/www.luzeco.com\/blog\/wp-content\/uploads\/2021\/03\/tendencias-fibras-naturales-768x429.jpg 768w, https:\/\/www.luzeco.com\/blog\/wp-content\/uploads\/2021\/03\/tendencias-fibras-naturales.jpg 1100w\" sizes=\"(max-width: 1024px) 100vw, 1024px\" \/><\/a><\/figure><\/div>\n\n\n\n<p>La<strong> <a href=\"https:\/\/www.luzeco.com\/es\/busqueda?controller=search&amp;s=dondarrion\">colecci\u00f3n DONDARRION<\/a> <\/strong>est\u00e1 fabricada completamente en madera de bamb\u00fa. El entrelazado central combina madera natural con madera pigmentada en color burdeos. \u00a1Ideal!<\/p>\n\n\n\n<p>Otras colecciones que utilizan bamb\u00fa para sus dise\u00f1os son <a href=\"https:\/\/www.luzeco.com\/es\/busqueda?controller=search&amp;s=bordesley\"><strong>BORDESLEY<\/strong><\/a> y <a href=\"https:\/\/www.luzeco.com\/es\/busqueda?controller=search&amp;s=amsfield\"><strong>AMSFIELD<\/strong><\/a> de la marca EGLO. L\u00e1minas de bamb\u00fa 100% natural, cero color. Gracias a sus tonos neutros se adaptar\u00e1n a cualquier estancia. <\/p>\n\n\n\n<div class=\"is-layout-flex wp-container-3 wp-block-columns\">\n<div class=\"is-layout-flow wp-block-column\">\n<figure class=\"wp-block-image size-large\"><a href=\"https:\/\/www.luzeco.com\/es\/lamparas-colgantes-fibras-naturales\/816-eglo-49771-amsfield-lampara-colgante-en-acero-y-madera-9002759497712.html\"><img decoding=\"async\" loading=\"lazy\" width=\"500\" height=\"750\" src=\"https:\/\/www.luzeco.com\/blog\/wp-content\/uploads\/2021\/03\/49771_lampara-colgante-fibras-naturales.jpg\" alt=\"\" class=\"wp-image-505\" srcset=\"https:\/\/www.luzeco.com\/blog\/wp-content\/uploads\/2021\/03\/49771_lampara-colgante-fibras-naturales.jpg 500w, https:\/\/www.luzeco.com\/blog\/wp-content\/uploads\/2021\/03\/49771_lampara-colgante-fibras-naturales-200x300.jpg 200w\" sizes=\"(max-width: 500px) 100vw, 500px\" \/><\/a><\/figure>\n<\/div>\n\n\n\n<div class=\"is-layout-flow wp-block-column\">\n<figure class=\"wp-block-image size-large\"><a href=\"https:\/\/www.luzeco.com\/es\/lamparas-colgantes-fibras-naturales\/584-eglo-43216-bordesley-lampara-colgante-en-acero-y-madera-9002759432164.html\"><img decoding=\"async\" loading=\"lazy\" width=\"500\" height=\"750\" src=\"https:\/\/www.luzeco.com\/blog\/wp-content\/uploads\/2021\/03\/43216_lampara-colgante-fibras-naturales.jpg\" alt=\"\" class=\"wp-image-504\" srcset=\"https:\/\/www.luzeco.com\/blog\/wp-content\/uploads\/2021\/03\/43216_lampara-colgante-fibras-naturales.jpg 500w, https:\/\/www.luzeco.com\/blog\/wp-content\/uploads\/2021\/03\/43216_lampara-colgante-fibras-naturales-200x300.jpg 200w\" sizes=\"(max-width: 500px) 100vw, 500px\" \/><\/a><\/figure>\n<\/div>\n<\/div>\n\n\n\n<p>Nos encanta el bamb\u00fa porque es capaz de aportar ese toque n\u00f3rdico y acogedor que siempre nos inspira la madera y los colores tierra.<\/p>\n\n\n\n<p>Otro de los <strong>materiales estrella de esta temporada es el mimbre<\/strong>. Esta fibra vegetal se ha puesto muy de moda y, tambi\u00e9n, ha llegado al mundo de la iluminaci\u00f3n. Podr\u00e1s encontrar dise\u00f1os muy originales como la <a href=\"https:\/\/www.luzeco.com\/es\/busqueda?controller=search&amp;s=ANWICK\">colecci\u00f3n ANWICK<\/a> que combina el mimbre con el acero.<\/p>\n\n\n\n<div class=\"wp-block-image\"><figure class=\"aligncenter size-large\"><img decoding=\"async\" loading=\"lazy\" width=\"1024\" height=\"559\" src=\"https:\/\/www.luzeco.com\/blog\/wp-content\/uploads\/2021\/03\/lampara-de-mimbre-anwick-1024x559.jpg\" alt=\"\" class=\"wp-image-513\" srcset=\"https:\/\/www.luzeco.com\/blog\/wp-content\/uploads\/2021\/03\/lampara-de-mimbre-anwick-1024x559.jpg 1024w, https:\/\/www.luzeco.com\/blog\/wp-content\/uploads\/2021\/03\/lampara-de-mimbre-anwick-300x164.jpg 300w, https:\/\/www.luzeco.com\/blog\/wp-content\/uploads\/2021\/03\/lampara-de-mimbre-anwick-768x419.jpg 768w, https:\/\/www.luzeco.com\/blog\/wp-content\/uploads\/2021\/03\/lampara-de-mimbre-anwick.jpg 1100w\" sizes=\"(max-width: 1024px) 100vw, 1024px\" \/><\/figure><\/div>\n\n\n\n<p>El lino tambi\u00e9n es tenencia y por eso te queremos presentar la <a href=\"https:\/\/www.luzeco.com\/es\/busqueda?controller=search&amp;s=bridekirk\">colecci\u00f3n BRIDEKIRK<\/a> . Fabricada con una estructura en acero negra y una pantalla en lino. Es perfecta para crear ambientes relajados y desenfadados.<\/p>\n\n\n\n<div class=\"wp-block-image\"><figure class=\"aligncenter size-large\"><img decoding=\"async\" loading=\"lazy\" width=\"1024\" height=\"573\" src=\"https:\/\/www.luzeco.com\/blog\/wp-content\/uploads\/2021\/03\/iluminacion-de-lino-1024x573.jpg\" alt=\"iluminacion lino\" class=\"wp-image-494\" srcset=\"https:\/\/www.luzeco.com\/blog\/wp-content\/uploads\/2021\/03\/iluminacion-de-lino-1024x573.jpg 1024w, https:\/\/www.luzeco.com\/blog\/wp-content\/uploads\/2021\/03\/iluminacion-de-lino-300x168.jpg 300w, https:\/\/www.luzeco.com\/blog\/wp-content\/uploads\/2021\/03\/iluminacion-de-lino-768x429.jpg 768w, https:\/\/www.luzeco.com\/blog\/wp-content\/uploads\/2021\/03\/iluminacion-de-lino.jpg 1100w\" sizes=\"(max-width: 1024px) 100vw, 1024px\" \/><\/figure><\/div>\n\n\n\n<p>La mejor forma de combinar estas luminarias es con muebles y textiles en colores tierra (marrones, verdes y azules). Tambi\u00e9n te recomendamos que utilices materiales como el yute, el rat\u00e1n o el coco para complementar la decoraci\u00f3n de cada estancia. <\/p>\n\n\n\n<p class=\"has-text-align-center\">Recibe la primavera con espacios fluidos y olv\u00eddate de la perfecci\u00f3n. <\/p>\n\n\n\n<figure class=\"wp-block-image size-large\"><a href=\"https:\/\/www.luzeco.com\/es\/469-lamparas-natural-boho-chic\"><img decoding=\"async\" loading=\"lazy\" width=\"1024\" height=\"244\" src=\"https:\/\/www.luzeco.com\/blog\/wp-content\/uploads\/2021\/04\/fibras-naturales-1024x244.jpg\" alt=\"iluminacion fibras naturales\" class=\"wp-image-556\" srcset=\"https:\/\/www.luzeco.com\/blog\/wp-content\/uploads\/2021\/04\/fibras-naturales-1024x244.jpg 1024w, https:\/\/www.luzeco.com\/blog\/wp-content\/uploads\/2021\/04\/fibras-naturales-300x72.jpg 300w, https:\/\/www.luzeco.com\/blog\/wp-content\/uploads\/2021\/04\/fibras-naturales-768x183.jpg 768w, https:\/\/www.luzeco.com\/blog\/wp-content\/uploads\/2021\/04\/fibras-naturales-1140x272.jpg 1140w, https:\/\/www.luzeco.com\/blog\/wp-content\/uploads\/2021\/04\/fibras-naturales.jpg 1200w\" sizes=\"(max-width: 1024px) 100vw, 1024px\" \/><\/a><\/figure>\n","protected":false},"excerpt":{"rendered":"<p>Esta primavera\/verano 2021 dejamos atr\u00e1s aquellos dise\u00f1os r\u00edgidos con tonos oscuros que tanto se llevaban la temporada pasada, para darle paso a dise\u00f1os org\u00e1nicos y desenfadados. Los materiales que van a predominar esta temporada ser\u00e1n: el bamb\u00fa, el yute, el rat\u00e1n, el coco y el lino. Como puedes ver las fibras naturales cogen una gran importancia a la hora de decorar nuestro hogar. Materiales que invitan a relajarse y desconectar del ajetreo de la ciudad. Texturas rugosas e irregulares que buscan crear dise\u00f1os imperfectos que nos transmiten sensaci\u00f3n de artesan\u00eda. El sector de la iluminaci\u00f3n se une, como no pod\u00eda ser menos, a esta tendencia con l\u00e1mparas fabricadas en bamb\u00fa y lino. A continuaci\u00f3n, te presentamos algunas de las colecciones que m\u00e1s nos gustan y est\u00e1n a la \u00faltima: La colecci\u00f3n DONDARRION est\u00e1 fabricada completamente [&hellip;]<\/p>\n","protected":false},"author":1,"featured_media":488,"comment_status":"closed","ping_status":"open","sticky":false,"template":"","format":"standard","meta":[],"categories":[8],"tags":[],"yoast_head":"<!-- This site is optimized with the Yoast SEO plugin v19.14 - https:\/\/yoast.com\/wordpress\/plugins\/seo\/ -->\n<title>Tendencias en iluminaci\u00f3n Primavera\/Verano 2021 - Blog LUZECO<\/title>\n<meta name=\"description\" content=\"Esta primavera nuestro hogar se llena de naturalidad. Dise\u00f1os org\u00e1nicos y desenfadados con fibras naturales que nos tranzmiten artesan\u00eda.\" \/>\n<meta name=\"robots\" content=\"index, follow, max-snippet:-1, max-image-preview:large, max-video-preview:-1\" \/>\n<link rel=\"canonical\" href=\"https:\/\/www.luzeco.com\/blog\/tendencias-en-iluminacion-primavera-verano-2021\/\" \/>\n<meta property=\"og:locale\" content=\"es_ES\" \/>\n<meta property=\"og:type\" content=\"article\" \/>\n<meta property=\"og:title\" content=\"Tendencias en iluminaci\u00f3n Primavera\/Verano 2021 - Blog LUZECO\" \/>\n<meta property=\"og:description\" content=\"Esta primavera nuestro hogar se llena de naturalidad. Dise\u00f1os org\u00e1nicos y desenfadados con fibras naturales que nos tranzmiten artesan\u00eda.\" \/>\n<meta property=\"og:url\" content=\"https:\/\/www.luzeco.com\/blog\/tendencias-en-iluminacion-primavera-verano-2021\/\" \/>\n<meta property=\"og:site_name\" content=\"Blog LUZECO\" \/>\n<meta property=\"article:published_time\" content=\"2021-04-05T17:00:00+00:00\" \/>\n<meta property=\"article:modified_time\" content=\"2022-02-09T15:35:03+00:00\" \/>\n<meta property=\"og:image\" content=\"https:\/\/www.luzeco.com\/blog\/wp-content\/uploads\/2021\/03\/tendencias-decoracion-primavera-2021.jpg\" \/>\n\t<meta property=\"og:image:width\" content=\"1100\" \/>\n\t<meta property=\"og:image:height\" content=\"615\" \/>\n\t<meta property=\"og:image:type\" content=\"image\/jpeg\" \/>\n<meta name=\"author\" content=\"luzeco\" \/>\n<meta name=\"twitter:card\" content=\"summary_large_image\" \/>\n<meta name=\"twitter:label1\" content=\"Escrito por\" \/>\n\t<meta name=\"twitter:data1\" content=\"luzeco\" \/>\n\t<meta name=\"twitter:label2\" content=\"Tiempo de lectura\" \/>\n\t<meta name=\"twitter:data2\" content=\"3 minutos\" \/>\n<script type=\"application\/ld+json\" class=\"yoast-schema-graph\">{\"@context\":\"https:\/\/schema.org\",\"@graph\":[{\"@type\":\"Article\",\"@id\":\"https:\/\/www.luzeco.com\/blog\/tendencias-en-iluminacion-primavera-verano-2021\/#article\",\"isPartOf\":{\"@id\":\"https:\/\/www.luzeco.com\/blog\/tendencias-en-iluminacion-primavera-verano-2021\/\"},\"author\":{\"name\":\"luzeco\",\"@id\":\"https:\/\/www.luzeco.com\/blog\/#\/schema\/person\/1fcf316166a5c59805f56fcacd66f42a\"},\"headline\":\"Tendencias en iluminaci\u00f3n Primavera\/Verano 2021\",\"datePublished\":\"2021-04-05T17:00:00+00:00\",\"dateModified\":\"2022-02-09T15:35:03+00:00\",\"mainEntityOfPage\":{\"@id\":\"https:\/\/www.luzeco.com\/blog\/tendencias-en-iluminacion-primavera-verano-2021\/\"},\"wordCount\":377,\"publisher\":{\"@id\":\"https:\/\/www.luzeco.com\/blog\/#organization\"},\"articleSection\":[\"Decoraci\u00f3n\"],\"inLanguage\":\"es\"},{\"@type\":\"WebPage\",\"@id\":\"https:\/\/www.luzeco.com\/blog\/tendencias-en-iluminacion-primavera-verano-2021\/\",\"url\":\"https:\/\/www.luzeco.com\/blog\/tendencias-en-iluminacion-primavera-verano-2021\/\",\"name\":\"Tendencias en iluminaci\u00f3n Primavera\/Verano 2021 - Blog LUZECO\",\"isPartOf\":{\"@id\":\"https:\/\/www.luzeco.com\/blog\/#website\"},\"datePublished\":\"2021-04-05T17:00:00+00:00\",\"dateModified\":\"2022-02-09T15:35:03+00:00\",\"description\":\"Esta primavera nuestro hogar se llena de naturalidad. Dise\u00f1os org\u00e1nicos y desenfadados con fibras naturales que nos tranzmiten artesan\u00eda.\",\"breadcrumb\":{\"@id\":\"https:\/\/www.luzeco.com\/blog\/tendencias-en-iluminacion-primavera-verano-2021\/#breadcrumb\"},\"inLanguage\":\"es\",\"potentialAction\":[{\"@type\":\"ReadAction\",\"target\":[\"https:\/\/www.luzeco.com\/blog\/tendencias-en-iluminacion-primavera-verano-2021\/\"]}]},{\"@type\":\"BreadcrumbList\",\"@id\":\"https:\/\/www.luzeco.com\/blog\/tendencias-en-iluminacion-primavera-verano-2021\/#breadcrumb\",\"itemListElement\":[{\"@type\":\"ListItem\",\"position\":1,\"name\":\"Home\",\"item\":\"https:\/\/www.luzeco.com\/blog\/\"},{\"@type\":\"ListItem\",\"position\":2,\"name\":\"Tendencias en iluminaci\u00f3n Primavera\/Verano 2021\"}]},{\"@type\":\"WebSite\",\"@id\":\"https:\/\/www.luzeco.com\/blog\/#website\",\"url\":\"https:\/\/www.luzeco.com\/blog\/\",\"name\":\"Blog LUZECO\",\"description\":\"L\u00edder en iluminaci\u00f3n y decoraci\u00f3n\",\"publisher\":{\"@id\":\"https:\/\/www.luzeco.com\/blog\/#organization\"},\"potentialAction\":[{\"@type\":\"SearchAction\",\"target\":{\"@type\":\"EntryPoint\",\"urlTemplate\":\"https:\/\/www.luzeco.com\/blog\/?s={search_term_string}\"},\"query-input\":\"required name=search_term_string\"}],\"inLanguage\":\"es\"},{\"@type\":\"Organization\",\"@id\":\"https:\/\/www.luzeco.com\/blog\/#organization\",\"name\":\"LUZECO LIGHTING\",\"url\":\"https:\/\/www.luzeco.com\/blog\/\",\"logo\":{\"@type\":\"ImageObject\",\"inLanguage\":\"es\",\"@id\":\"https:\/\/www.luzeco.com\/blog\/#\/schema\/logo\/image\/\",\"url\":\"https:\/\/www.luzeco.com\/blog\/wp-content\/uploads\/2020\/09\/cropped-luzeco-icono.png\",\"contentUrl\":\"https:\/\/www.luzeco.com\/blog\/wp-content\/uploads\/2020\/09\/cropped-luzeco-icono.png\",\"width\":512,\"height\":512,\"caption\":\"LUZECO LIGHTING\"},\"image\":{\"@id\":\"https:\/\/www.luzeco.com\/blog\/#\/schema\/logo\/image\/\"}},{\"@type\":\"Person\",\"@id\":\"https:\/\/www.luzeco.com\/blog\/#\/schema\/person\/1fcf316166a5c59805f56fcacd66f42a\",\"name\":\"luzeco\",\"image\":{\"@type\":\"ImageObject\",\"inLanguage\":\"es\",\"@id\":\"https:\/\/www.luzeco.com\/blog\/#\/schema\/person\/image\/\",\"url\":\"https:\/\/secure.gravatar.com\/avatar\/50258ce9bf6774e06410b8db81d34f8a?s=96&d=mm&r=g\",\"contentUrl\":\"https:\/\/secure.gravatar.com\/avatar\/50258ce9bf6774e06410b8db81d34f8a?s=96&d=mm&r=g\",\"caption\":\"luzeco\"},\"sameAs\":[\"https:\/\/www.luzeco.com\/blog\"],\"url\":\"https:\/\/www.luzeco.com\/blog\/author\/luzeco\/\"}]}<\/script>\n<!-- \/ Yoast SEO plugin. -->","yoast_head_json":{"title":"Tendencias en iluminaci\u00f3n Primavera\/Verano 2021 - Blog LUZECO","description":"Esta primavera nuestro hogar se llena de naturalidad. Dise\u00f1os org\u00e1nicos y desenfadados con fibras naturales que nos tranzmiten artesan\u00eda.","robots":{"index":"index","follow":"follow","max-snippet":"max-snippet:-1","max-image-preview":"max-image-preview:large","max-video-preview":"max-video-preview:-1"},"canonical":"https:\/\/www.luzeco.com\/blog\/tendencias-en-iluminacion-primavera-verano-2021\/","og_locale":"es_ES","og_type":"article","og_title":"Tendencias en iluminaci\u00f3n Primavera\/Verano 2021 - Blog LUZECO","og_description":"Esta primavera nuestro hogar se llena de naturalidad. Dise\u00f1os org\u00e1nicos y desenfadados con fibras naturales que nos tranzmiten artesan\u00eda.","og_url":"https:\/\/www.luzeco.com\/blog\/tendencias-en-iluminacion-primavera-verano-2021\/","og_site_name":"Blog LUZECO","article_published_time":"2021-04-05T17:00:00+00:00","article_modified_time":"2022-02-09T15:35:03+00:00","og_image":[{"width":1100,"height":615,"url":"https:\/\/www.luzeco.com\/blog\/wp-content\/uploads\/2021\/03\/tendencias-decoracion-primavera-2021.jpg","type":"image\/jpeg"}],"author":"luzeco","twitter_card":"summary_large_image","twitter_misc":{"Escrito por":"luzeco","Tiempo de lectura":"3 minutos"},"schema":{"@context":"https:\/\/schema.org","@graph":[{"@type":"Article","@id":"https:\/\/www.luzeco.com\/blog\/tendencias-en-iluminacion-primavera-verano-2021\/#article","isPartOf":{"@id":"https:\/\/www.luzeco.com\/blog\/tendencias-en-iluminacion-primavera-verano-2021\/"},"author":{"name":"luzeco","@id":"https:\/\/www.luzeco.com\/blog\/#\/schema\/person\/1fcf316166a5c59805f56fcacd66f42a"},"headline":"Tendencias en iluminaci\u00f3n Primavera\/Verano 2021","datePublished":"2021-04-05T17:00:00+00:00","dateModified":"2022-02-09T15:35:03+00:00","mainEntityOfPage":{"@id":"https:\/\/www.luzeco.com\/blog\/tendencias-en-iluminacion-primavera-verano-2021\/"},"wordCount":377,"publisher":{"@id":"https:\/\/www.luzeco.com\/blog\/#organization"},"articleSection":["Decoraci\u00f3n"],"inLanguage":"es"},{"@type":"WebPage","@id":"https:\/\/www.luzeco.com\/blog\/tendencias-en-iluminacion-primavera-verano-2021\/","url":"https:\/\/www.luzeco.com\/blog\/tendencias-en-iluminacion-primavera-verano-2021\/","name":"Tendencias en iluminaci\u00f3n Primavera\/Verano 2021 - Blog LUZECO","isPartOf":{"@id":"https:\/\/www.luzeco.com\/blog\/#website"},"datePublished":"2021-04-05T17:00:00+00:00","dateModified":"2022-02-09T15:35:03+00:00","description":"Esta primavera nuestro hogar se llena de naturalidad. Dise\u00f1os org\u00e1nicos y desenfadados con fibras naturales que nos tranzmiten artesan\u00eda.","breadcrumb":{"@id":"https:\/\/www.luzeco.com\/blog\/tendencias-en-iluminacion-primavera-verano-2021\/#breadcrumb"},"inLanguage":"es","potentialAction":[{"@type":"ReadAction","target":["https:\/\/www.luzeco.com\/blog\/tendencias-en-iluminacion-primavera-verano-2021\/"]}]},{"@type":"BreadcrumbList","@id":"https:\/\/www.luzeco.com\/blog\/tendencias-en-iluminacion-primavera-verano-2021\/#breadcrumb","itemListElement":[{"@type":"ListItem","position":1,"name":"Home","item":"https:\/\/www.luzeco.com\/blog\/"},{"@type":"ListItem","position":2,"name":"Tendencias en iluminaci\u00f3n Primavera\/Verano 2021"}]},{"@type":"WebSite","@id":"https:\/\/www.luzeco.com\/blog\/#website","url":"https:\/\/www.luzeco.com\/blog\/","name":"Blog LUZECO","description":"L\u00edder en iluminaci\u00f3n y decoraci\u00f3n","publisher":{"@id":"https:\/\/www.luzeco.com\/blog\/#organization"},"potentialAction":[{"@type":"SearchAction","target":{"@type":"EntryPoint","urlTemplate":"https:\/\/www.luzeco.com\/blog\/?s={search_term_string}"},"query-input":"required name=search_term_string"}],"inLanguage":"es"},{"@type":"Organization","@id":"https:\/\/www.luzeco.com\/blog\/#organization","name":"LUZECO LIGHTING","url":"https:\/\/www.luzeco.com\/blog\/","logo":{"@type":"ImageObject","inLanguage":"es","@id":"https:\/\/www.luzeco.com\/blog\/#\/schema\/logo\/image\/","url":"https:\/\/www.luzeco.com\/blog\/wp-content\/uploads\/2020\/09\/cropped-luzeco-icono.png","contentUrl":"https:\/\/www.luzeco.com\/blog\/wp-content\/uploads\/2020\/09\/cropped-luzeco-icono.png","width":512,"height":512,"caption":"LUZECO LIGHTING"},"image":{"@id":"https:\/\/www.luzeco.com\/blog\/#\/schema\/logo\/image\/"}},{"@type":"Person","@id":"https:\/\/www.luzeco.com\/blog\/#\/schema\/person\/1fcf316166a5c59805f56fcacd66f42a","name":"luzeco","image":{"@type":"ImageObject","inLanguage":"es","@id":"https:\/\/www.luzeco.com\/blog\/#\/schema\/person\/image\/","url":"https:\/\/secure.gravatar.com\/avatar\/50258ce9bf6774e06410b8db81d34f8a?s=96&d=mm&r=g","contentUrl":"https:\/\/secure.gravatar.com\/avatar\/50258ce9bf6774e06410b8db81d34f8a?s=96&d=mm&r=g","caption":"luzeco"},"sameAs":["https:\/\/www.luzeco.com\/blog"],"url":"https:\/\/www.luzeco.com\/blog\/author\/luzeco\/"}]}},"_links":{"self":[{"href":"https:\/\/www.luzeco.com\/blog\/wp-json\/wp\/v2\/posts\/484"}],"collection":[{"href":"https:\/\/www.luzeco.com\/blog\/wp-json\/wp\/v2\/posts"}],"about":[{"href":"https:\/\/www.luzeco.com\/blog\/wp-json\/wp\/v2\/types\/post"}],"author":[{"embeddable":true,"href":"https:\/\/www.luzeco.com\/blog\/wp-json\/wp\/v2\/users\/1"}],"replies":[{"embeddable":true,"href":"https:\/\/www.luzeco.com\/blog\/wp-json\/wp\/v2\/comments?post=484"}],"version-history":[{"count":44,"href":"https:\/\/www.luzeco.com\/blog\/wp-json\/wp\/v2\/posts\/484\/revisions"}],"predecessor-version":[{"id":557,"href":"https:\/\/www.luzeco.com\/blog\/wp-json\/wp\/v2\/posts\/484\/revisions\/557"}],"wp:featuredmedia":[{"embeddable":true,"href":"https:\/\/www.luzeco.com\/blog\/wp-json\/wp\/v2\/media\/488"}],"wp:attachment":[{"href":"https:\/\/www.luzeco.com\/blog\/wp-json\/wp\/v2\/media?parent=484"}],"wp:term":[{"taxonomy":"category","embeddable":true,"href":"https:\/\/www.luzeco.com\/blog\/wp-json\/wp\/v2\/categories?post=484"},{"taxonomy":"post_tag","embeddable":true,"href":"https:\/\/www.luzeco.com\/blog\/wp-json\/wp\/v2\/tags?post=484"}],"curies":[{"name":"wp","href":"https:\/\/api.w.org\/{rel}","templated":true}]}}