{"id":431,"date":"2021-02-02T11:55:00","date_gmt":"2021-02-02T11:55:00","guid":{"rendered":"https:\/\/www.luzeco.com\/blog\/?p=431"},"modified":"2022-02-09T15:35:03","modified_gmt":"2022-02-09T15:35:03","slug":"tenemos-las-lamparas-de-dar-cera-pulir-0","status":"publish","type":"post","link":"https:\/\/www.luzeco.com\/blog\/tenemos-las-lamparas-de-dar-cera-pulir-0\/","title":{"rendered":"Tenemos las l\u00e1mparas de \u201cDar cera, pulir #0\u201d"},"content":{"rendered":"\n<p>Si eres un fiel seguidor del programa presentado por Patricia Conde y \u00c1ngel Mart\u00edn te habr\u00e1s fijado en las l\u00e1mparas que siempre acompa\u00f1an la mesita que tiene la presentadora junto a su sof\u00e1 rosa. Pues bien, nosotros te desvelamos de donde son las luminarias. <\/p>\n\n\n\n<p>Las l\u00e1mparas pertenecen a la colecci\u00f3n CASTELLATO Y RONDO de la marca EGLO. \u00a0La <a href=\"https:\/\/www.luzeco.com\/es\/lamparas-de-sobremesa\/2000-eglo-97332-castellato-1-lampara-de-mesa-en-acero-y-vidrio-opalino-mate-9002759973322.html\">l\u00e1mpara Castellano<\/a> es una sobremesa fabricada en un delicado acero color champan y una pantalla de cristal en blanco mate. Como puedes ver tiene un toque moderno que queda perfecto en cualquier tipo de estancia.<\/p>\n\n\n\n<p>El plat\u00f3 de \u201cDar cera, pulir #0\u201d ha creado un espacio de lo m\u00e1s coqueto con el sof\u00e1 en rosa y las l\u00e1mparas. Aunque el espacio es s\u00faper di\u00e1fano y muy industrial, cuando miras a Patricia Conde percibes esa sensaci\u00f3n acogedora gracias a luz c\u00e1lida de la l\u00e1mpara y los colores c\u00e1lidos del sof\u00e1. Una idea estupenda que puedes copiar para crear un rinc\u00f3n de relax en casa.<\/p>\n\n\n\n<div class=\"wp-block-image\"><figure class=\"aligncenter size-large\"><img decoding=\"async\" loading=\"lazy\" width=\"1024\" height=\"515\" src=\"https:\/\/www.luzeco.com\/blog\/wp-content\/uploads\/2021\/02\/dar-cera-puli-0-eglo-1024x515.jpg\" alt=\"\" class=\"wp-image-433\" srcset=\"https:\/\/www.luzeco.com\/blog\/wp-content\/uploads\/2021\/02\/dar-cera-puli-0-eglo-1024x515.jpg 1024w, https:\/\/www.luzeco.com\/blog\/wp-content\/uploads\/2021\/02\/dar-cera-puli-0-eglo-300x151.jpg 300w, https:\/\/www.luzeco.com\/blog\/wp-content\/uploads\/2021\/02\/dar-cera-puli-0-eglo-768x387.jpg 768w, https:\/\/www.luzeco.com\/blog\/wp-content\/uploads\/2021\/02\/dar-cera-puli-0-eglo-1140x574.jpg 1140w, https:\/\/www.luzeco.com\/blog\/wp-content\/uploads\/2021\/02\/dar-cera-puli-0-eglo.jpg 1200w\" sizes=\"(max-width: 1024px) 100vw, 1024px\" \/><\/figure><\/div>\n\n\n\n<p>Otras de las l\u00e1mparas que acompa\u00f1an cada d\u00eda a nuestra querida Patricia es la <a href=\"https:\/\/www.luzeco.com\/es\/lamparas-de-sobremesa\/915-eglo-85264-rondo-lampara-de-mesa-en-acrilico-y-vidrio-opalino-mate-9002759852641.html\">l\u00e1mpara de mesa RONDO<\/a>. Como su nombre indica es una esfera de vidrio opalino en blanco. Lo mejor de esta colecci\u00f3n es que tambi\u00e9n est\u00e1 disponible en la versi\u00f3n colgante y el plaf\u00f3n de techo. As\u00ed que si quieres copiarles el dise\u00f1o a los chicos de Movistar ahora puedes hacer de forma econ\u00f3mica y sencilla. <\/p>\n\n\n\n<p>Lo que nos preguntamos es porque han dejado al pobre \u00c1ngel Martin sin ning\u00fan tipo de iluminaci\u00f3n. Como pod\u00e9is ver ambos presentadores han marcado su personalidad por medio de su asiento. <\/p>\n\n\n\n<p>Patricia ha creado un espacio acogedor con iluminaci\u00f3n y una alfombra. En cambio, \u00c1ngel ha optado por una silla de ruedas en piel estilo industrial. Creemos que para completar su zona deber\u00eda a\u00f1adir una l\u00e1mpara de piel que vaya con su estilo. Mi recomendaci\u00f3n para nuestro gran humorista ser\u00eda la <a href=\"https:\/\/www.luzeco.com\/es\/lamparas-de-pie\/796-eglo-49722-barnstaple-lampara-de-pie-en-madera-acero-y-acero-9002759497224.html\">l\u00e1mpara de pie Barnstaple<\/a>.<\/p>\n\n\n\n<figure class=\"wp-block-image size-large\"><img decoding=\"async\" loading=\"lazy\" width=\"1024\" height=\"576\" src=\"https:\/\/www.luzeco.com\/blog\/wp-content\/uploads\/2021\/02\/dar-cera-puli-0-1024x576.jpg\" alt=\"\" class=\"wp-image-434\" srcset=\"https:\/\/www.luzeco.com\/blog\/wp-content\/uploads\/2021\/02\/dar-cera-puli-0-1024x576.jpg 1024w, https:\/\/www.luzeco.com\/blog\/wp-content\/uploads\/2021\/02\/dar-cera-puli-0-300x169.jpg 300w, https:\/\/www.luzeco.com\/blog\/wp-content\/uploads\/2021\/02\/dar-cera-puli-0-768x432.jpg 768w, https:\/\/www.luzeco.com\/blog\/wp-content\/uploads\/2021\/02\/dar-cera-puli-0-1140x641.jpg 1140w, https:\/\/www.luzeco.com\/blog\/wp-content\/uploads\/2021\/02\/dar-cera-puli-0.jpg 1200w\" sizes=\"(max-width: 1024px) 100vw, 1024px\" \/><\/figure>\n\n\n\n<p>Otra opci\u00f3n tambi\u00e9n muy original y que le ir\u00eda perfecto con su estilo ser\u00eda la <a href=\"https:\/\/www.luzeco.com\/es\/lamparas-de-pie\/563-eglo-43166-lubenham-lampara-de-pie-en-acero-madera-9002759431662.html\">l\u00e1mpara de pie Lubenham<\/a>. \u00bfVosotros que pens\u00e1is?<\/p>\n","protected":false},"excerpt":{"rendered":"<p>Si eres un fiel seguidor del programa presentado por Patricia Conde y \u00c1ngel Mart\u00edn te habr\u00e1s fijado en las l\u00e1mparas que siempre acompa\u00f1an la mesita que tiene la presentadora junto a su sof\u00e1 rosa. Pues bien, nosotros te desvelamos de donde son las luminarias. Las l\u00e1mparas pertenecen a la colecci\u00f3n CASTELLATO Y RONDO de la marca EGLO. \u00a0La l\u00e1mpara Castellano es una sobremesa fabricada en un delicado acero color champan y una pantalla de cristal en blanco mate. Como puedes ver tiene un toque moderno que queda perfecto en cualquier tipo de estancia. El plat\u00f3 de \u201cDar cera, pulir #0\u201d ha creado un espacio de lo m\u00e1s coqueto con el sof\u00e1 en rosa y las l\u00e1mparas. Aunque el espacio es s\u00faper di\u00e1fano y muy industrial, cuando miras a Patricia Conde percibes esa sensaci\u00f3n acogedora gracias [&hellip;]<\/p>\n","protected":false},"author":1,"featured_media":432,"comment_status":"closed","ping_status":"open","sticky":false,"template":"","format":"standard","meta":[],"categories":[9],"tags":[],"yoast_head":"<!-- This site is optimized with the Yoast SEO plugin v19.14 - https:\/\/yoast.com\/wordpress\/plugins\/seo\/ -->\n<title>Tenemos las l\u00e1mparas de \u201cDar cera, pulir #0\u201d - Blog LUZECO<\/title>\n<meta name=\"robots\" content=\"index, follow, max-snippet:-1, max-image-preview:large, max-video-preview:-1\" \/>\n<link rel=\"canonical\" href=\"https:\/\/www.luzeco.com\/blog\/tenemos-las-lamparas-de-dar-cera-pulir-0\/\" \/>\n<meta property=\"og:locale\" content=\"es_ES\" \/>\n<meta property=\"og:type\" content=\"article\" \/>\n<meta property=\"og:title\" content=\"Tenemos las l\u00e1mparas de \u201cDar cera, pulir #0\u201d - Blog LUZECO\" \/>\n<meta property=\"og:description\" content=\"Si eres un fiel seguidor del programa presentado por Patricia Conde y \u00c1ngel Mart\u00edn te habr\u00e1s fijado en las l\u00e1mparas que siempre acompa\u00f1an la mesita que tiene la presentadora junto a su sof\u00e1 rosa. Pues bien, nosotros te desvelamos de donde son las luminarias. Las l\u00e1mparas pertenecen a la colecci\u00f3n CASTELLATO Y RONDO de la marca EGLO. \u00a0La l\u00e1mpara Castellano es una sobremesa fabricada en un delicado acero color champan y una pantalla de cristal en blanco mate. Como puedes ver tiene un toque moderno que queda perfecto en cualquier tipo de estancia. El plat\u00f3 de \u201cDar cera, pulir #0\u201d ha creado un espacio de lo m\u00e1s coqueto con el sof\u00e1 en rosa y las l\u00e1mparas. Aunque el espacio es s\u00faper di\u00e1fano y muy industrial, cuando miras a Patricia Conde percibes esa sensaci\u00f3n acogedora gracias [&hellip;]\" \/>\n<meta property=\"og:url\" content=\"https:\/\/www.luzeco.com\/blog\/tenemos-las-lamparas-de-dar-cera-pulir-0\/\" \/>\n<meta property=\"og:site_name\" content=\"Blog LUZECO\" \/>\n<meta property=\"article:published_time\" content=\"2021-02-02T11:55:00+00:00\" \/>\n<meta property=\"article:modified_time\" content=\"2022-02-09T15:35:03+00:00\" \/>\n<meta property=\"og:image\" content=\"https:\/\/www.luzeco.com\/blog\/wp-content\/uploads\/2021\/02\/eglo-dar-cera-pulir-cero.jpg\" \/>\n\t<meta property=\"og:image:width\" content=\"1200\" \/>\n\t<meta property=\"og:image:height\" content=\"604\" \/>\n\t<meta property=\"og:image:type\" content=\"image\/jpeg\" \/>\n<meta name=\"author\" content=\"luzeco\" \/>\n<meta name=\"twitter:card\" content=\"summary_large_image\" \/>\n<meta name=\"twitter:label1\" content=\"Escrito por\" \/>\n\t<meta name=\"twitter:data1\" content=\"luzeco\" \/>\n\t<meta name=\"twitter:label2\" content=\"Tiempo de lectura\" \/>\n\t<meta name=\"twitter:data2\" content=\"2 minutos\" \/>\n<script type=\"application\/ld+json\" class=\"yoast-schema-graph\">{\"@context\":\"https:\/\/schema.org\",\"@graph\":[{\"@type\":\"Article\",\"@id\":\"https:\/\/www.luzeco.com\/blog\/tenemos-las-lamparas-de-dar-cera-pulir-0\/#article\",\"isPartOf\":{\"@id\":\"https:\/\/www.luzeco.com\/blog\/tenemos-las-lamparas-de-dar-cera-pulir-0\/\"},\"author\":{\"name\":\"luzeco\",\"@id\":\"https:\/\/www.luzeco.com\/blog\/#\/schema\/person\/1fcf316166a5c59805f56fcacd66f42a\"},\"headline\":\"Tenemos las l\u00e1mparas de \u201cDar cera, pulir #0\u201d\",\"datePublished\":\"2021-02-02T11:55:00+00:00\",\"dateModified\":\"2022-02-09T15:35:03+00:00\",\"mainEntityOfPage\":{\"@id\":\"https:\/\/www.luzeco.com\/blog\/tenemos-las-lamparas-de-dar-cera-pulir-0\/\"},\"wordCount\":386,\"publisher\":{\"@id\":\"https:\/\/www.luzeco.com\/blog\/#organization\"},\"articleSection\":[\"Visto en\"],\"inLanguage\":\"es\"},{\"@type\":\"WebPage\",\"@id\":\"https:\/\/www.luzeco.com\/blog\/tenemos-las-lamparas-de-dar-cera-pulir-0\/\",\"url\":\"https:\/\/www.luzeco.com\/blog\/tenemos-las-lamparas-de-dar-cera-pulir-0\/\",\"name\":\"Tenemos las l\u00e1mparas de \u201cDar cera, pulir #0\u201d - Blog LUZECO\",\"isPartOf\":{\"@id\":\"https:\/\/www.luzeco.com\/blog\/#website\"},\"datePublished\":\"2021-02-02T11:55:00+00:00\",\"dateModified\":\"2022-02-09T15:35:03+00:00\",\"breadcrumb\":{\"@id\":\"https:\/\/www.luzeco.com\/blog\/tenemos-las-lamparas-de-dar-cera-pulir-0\/#breadcrumb\"},\"inLanguage\":\"es\",\"potentialAction\":[{\"@type\":\"ReadAction\",\"target\":[\"https:\/\/www.luzeco.com\/blog\/tenemos-las-lamparas-de-dar-cera-pulir-0\/\"]}]},{\"@type\":\"BreadcrumbList\",\"@id\":\"https:\/\/www.luzeco.com\/blog\/tenemos-las-lamparas-de-dar-cera-pulir-0\/#breadcrumb\",\"itemListElement\":[{\"@type\":\"ListItem\",\"position\":1,\"name\":\"Home\",\"item\":\"https:\/\/www.luzeco.com\/blog\/\"},{\"@type\":\"ListItem\",\"position\":2,\"name\":\"Tenemos las l\u00e1mparas de \u201cDar cera, pulir #0\u201d\"}]},{\"@type\":\"WebSite\",\"@id\":\"https:\/\/www.luzeco.com\/blog\/#website\",\"url\":\"https:\/\/www.luzeco.com\/blog\/\",\"name\":\"Blog LUZECO\",\"description\":\"L\u00edder en iluminaci\u00f3n y decoraci\u00f3n\",\"publisher\":{\"@id\":\"https:\/\/www.luzeco.com\/blog\/#organization\"},\"potentialAction\":[{\"@type\":\"SearchAction\",\"target\":{\"@type\":\"EntryPoint\",\"urlTemplate\":\"https:\/\/www.luzeco.com\/blog\/?s={search_term_string}\"},\"query-input\":\"required name=search_term_string\"}],\"inLanguage\":\"es\"},{\"@type\":\"Organization\",\"@id\":\"https:\/\/www.luzeco.com\/blog\/#organization\",\"name\":\"LUZECO LIGHTING\",\"url\":\"https:\/\/www.luzeco.com\/blog\/\",\"logo\":{\"@type\":\"ImageObject\",\"inLanguage\":\"es\",\"@id\":\"https:\/\/www.luzeco.com\/blog\/#\/schema\/logo\/image\/\",\"url\":\"https:\/\/www.luzeco.com\/blog\/wp-content\/uploads\/2020\/09\/cropped-luzeco-icono.png\",\"contentUrl\":\"https:\/\/www.luzeco.com\/blog\/wp-content\/uploads\/2020\/09\/cropped-luzeco-icono.png\",\"width\":512,\"height\":512,\"caption\":\"LUZECO LIGHTING\"},\"image\":{\"@id\":\"https:\/\/www.luzeco.com\/blog\/#\/schema\/logo\/image\/\"}},{\"@type\":\"Person\",\"@id\":\"https:\/\/www.luzeco.com\/blog\/#\/schema\/person\/1fcf316166a5c59805f56fcacd66f42a\",\"name\":\"luzeco\",\"image\":{\"@type\":\"ImageObject\",\"inLanguage\":\"es\",\"@id\":\"https:\/\/www.luzeco.com\/blog\/#\/schema\/person\/image\/\",\"url\":\"https:\/\/secure.gravatar.com\/avatar\/50258ce9bf6774e06410b8db81d34f8a?s=96&d=mm&r=g\",\"contentUrl\":\"https:\/\/secure.gravatar.com\/avatar\/50258ce9bf6774e06410b8db81d34f8a?s=96&d=mm&r=g\",\"caption\":\"luzeco\"},\"sameAs\":[\"https:\/\/www.luzeco.com\/blog\"],\"url\":\"https:\/\/www.luzeco.com\/blog\/author\/luzeco\/\"}]}<\/script>\n<!-- \/ Yoast SEO plugin. -->","yoast_head_json":{"title":"Tenemos las l\u00e1mparas de \u201cDar cera, pulir #0\u201d - Blog LUZECO","robots":{"index":"index","follow":"follow","max-snippet":"max-snippet:-1","max-image-preview":"max-image-preview:large","max-video-preview":"max-video-preview:-1"},"canonical":"https:\/\/www.luzeco.com\/blog\/tenemos-las-lamparas-de-dar-cera-pulir-0\/","og_locale":"es_ES","og_type":"article","og_title":"Tenemos las l\u00e1mparas de \u201cDar cera, pulir #0\u201d - Blog LUZECO","og_description":"Si eres un fiel seguidor del programa presentado por Patricia Conde y \u00c1ngel Mart\u00edn te habr\u00e1s fijado en las l\u00e1mparas que siempre acompa\u00f1an la mesita que tiene la presentadora junto a su sof\u00e1 rosa. Pues bien, nosotros te desvelamos de donde son las luminarias. Las l\u00e1mparas pertenecen a la colecci\u00f3n CASTELLATO Y RONDO de la marca EGLO. \u00a0La l\u00e1mpara Castellano es una sobremesa fabricada en un delicado acero color champan y una pantalla de cristal en blanco mate. Como puedes ver tiene un toque moderno que queda perfecto en cualquier tipo de estancia. El plat\u00f3 de \u201cDar cera, pulir #0\u201d ha creado un espacio de lo m\u00e1s coqueto con el sof\u00e1 en rosa y las l\u00e1mparas. Aunque el espacio es s\u00faper di\u00e1fano y muy industrial, cuando miras a Patricia Conde percibes esa sensaci\u00f3n acogedora gracias [&hellip;]","og_url":"https:\/\/www.luzeco.com\/blog\/tenemos-las-lamparas-de-dar-cera-pulir-0\/","og_site_name":"Blog LUZECO","article_published_time":"2021-02-02T11:55:00+00:00","article_modified_time":"2022-02-09T15:35:03+00:00","og_image":[{"width":1200,"height":604,"url":"https:\/\/www.luzeco.com\/blog\/wp-content\/uploads\/2021\/02\/eglo-dar-cera-pulir-cero.jpg","type":"image\/jpeg"}],"author":"luzeco","twitter_card":"summary_large_image","twitter_misc":{"Escrito por":"luzeco","Tiempo de lectura":"2 minutos"},"schema":{"@context":"https:\/\/schema.org","@graph":[{"@type":"Article","@id":"https:\/\/www.luzeco.com\/blog\/tenemos-las-lamparas-de-dar-cera-pulir-0\/#article","isPartOf":{"@id":"https:\/\/www.luzeco.com\/blog\/tenemos-las-lamparas-de-dar-cera-pulir-0\/"},"author":{"name":"luzeco","@id":"https:\/\/www.luzeco.com\/blog\/#\/schema\/person\/1fcf316166a5c59805f56fcacd66f42a"},"headline":"Tenemos las l\u00e1mparas de \u201cDar cera, pulir #0\u201d","datePublished":"2021-02-02T11:55:00+00:00","dateModified":"2022-02-09T15:35:03+00:00","mainEntityOfPage":{"@id":"https:\/\/www.luzeco.com\/blog\/tenemos-las-lamparas-de-dar-cera-pulir-0\/"},"wordCount":386,"publisher":{"@id":"https:\/\/www.luzeco.com\/blog\/#organization"},"articleSection":["Visto en"],"inLanguage":"es"},{"@type":"WebPage","@id":"https:\/\/www.luzeco.com\/blog\/tenemos-las-lamparas-de-dar-cera-pulir-0\/","url":"https:\/\/www.luzeco.com\/blog\/tenemos-las-lamparas-de-dar-cera-pulir-0\/","name":"Tenemos las l\u00e1mparas de \u201cDar cera, pulir #0\u201d - Blog LUZECO","isPartOf":{"@id":"https:\/\/www.luzeco.com\/blog\/#website"},"datePublished":"2021-02-02T11:55:00+00:00","dateModified":"2022-02-09T15:35:03+00:00","breadcrumb":{"@id":"https:\/\/www.luzeco.com\/blog\/tenemos-las-lamparas-de-dar-cera-pulir-0\/#breadcrumb"},"inLanguage":"es","potentialAction":[{"@type":"ReadAction","target":["https:\/\/www.luzeco.com\/blog\/tenemos-las-lamparas-de-dar-cera-pulir-0\/"]}]},{"@type":"BreadcrumbList","@id":"https:\/\/www.luzeco.com\/blog\/tenemos-las-lamparas-de-dar-cera-pulir-0\/#breadcrumb","itemListElement":[{"@type":"ListItem","position":1,"name":"Home","item":"https:\/\/www.luzeco.com\/blog\/"},{"@type":"ListItem","position":2,"name":"Tenemos las l\u00e1mparas de \u201cDar cera, pulir #0\u201d"}]},{"@type":"WebSite","@id":"https:\/\/www.luzeco.com\/blog\/#website","url":"https:\/\/www.luzeco.com\/blog\/","name":"Blog LUZECO","description":"L\u00edder en iluminaci\u00f3n y decoraci\u00f3n","publisher":{"@id":"https:\/\/www.luzeco.com\/blog\/#organization"},"potentialAction":[{"@type":"SearchAction","target":{"@type":"EntryPoint","urlTemplate":"https:\/\/www.luzeco.com\/blog\/?s={search_term_string}"},"query-input":"required name=search_term_string"}],"inLanguage":"es"},{"@type":"Organization","@id":"https:\/\/www.luzeco.com\/blog\/#organization","name":"LUZECO LIGHTING","url":"https:\/\/www.luzeco.com\/blog\/","logo":{"@type":"ImageObject","inLanguage":"es","@id":"https:\/\/www.luzeco.com\/blog\/#\/schema\/logo\/image\/","url":"https:\/\/www.luzeco.com\/blog\/wp-content\/uploads\/2020\/09\/cropped-luzeco-icono.png","contentUrl":"https:\/\/www.luzeco.com\/blog\/wp-content\/uploads\/2020\/09\/cropped-luzeco-icono.png","width":512,"height":512,"caption":"LUZECO LIGHTING"},"image":{"@id":"https:\/\/www.luzeco.com\/blog\/#\/schema\/logo\/image\/"}},{"@type":"Person","@id":"https:\/\/www.luzeco.com\/blog\/#\/schema\/person\/1fcf316166a5c59805f56fcacd66f42a","name":"luzeco","image":{"@type":"ImageObject","inLanguage":"es","@id":"https:\/\/www.luzeco.com\/blog\/#\/schema\/person\/image\/","url":"https:\/\/secure.gravatar.com\/avatar\/50258ce9bf6774e06410b8db81d34f8a?s=96&d=mm&r=g","contentUrl":"https:\/\/secure.gravatar.com\/avatar\/50258ce9bf6774e06410b8db81d34f8a?s=96&d=mm&r=g","caption":"luzeco"},"sameAs":["https:\/\/www.luzeco.com\/blog"],"url":"https:\/\/www.luzeco.com\/blog\/author\/luzeco\/"}]}},"_links":{"self":[{"href":"https:\/\/www.luzeco.com\/blog\/wp-json\/wp\/v2\/posts\/431"}],"collection":[{"href":"https:\/\/www.luzeco.com\/blog\/wp-json\/wp\/v2\/posts"}],"about":[{"href":"https:\/\/www.luzeco.com\/blog\/wp-json\/wp\/v2\/types\/post"}],"author":[{"embeddable":true,"href":"https:\/\/www.luzeco.com\/blog\/wp-json\/wp\/v2\/users\/1"}],"replies":[{"embeddable":true,"href":"https:\/\/www.luzeco.com\/blog\/wp-json\/wp\/v2\/comments?post=431"}],"version-history":[{"count":13,"href":"https:\/\/www.luzeco.com\/blog\/wp-json\/wp\/v2\/posts\/431\/revisions"}],"predecessor-version":[{"id":483,"href":"https:\/\/www.luzeco.com\/blog\/wp-json\/wp\/v2\/posts\/431\/revisions\/483"}],"wp:featuredmedia":[{"embeddable":true,"href":"https:\/\/www.luzeco.com\/blog\/wp-json\/wp\/v2\/media\/432"}],"wp:attachment":[{"href":"https:\/\/www.luzeco.com\/blog\/wp-json\/wp\/v2\/media?parent=431"}],"wp:term":[{"taxonomy":"category","embeddable":true,"href":"https:\/\/www.luzeco.com\/blog\/wp-json\/wp\/v2\/categories?post=431"},{"taxonomy":"post_tag","embeddable":true,"href":"https:\/\/www.luzeco.com\/blog\/wp-json\/wp\/v2\/tags?post=431"}],"curies":[{"name":"wp","href":"https:\/\/api.w.org\/{rel}","templated":true}]}}