{"id":373,"date":"2021-01-18T12:00:00","date_gmt":"2021-01-18T12:00:00","guid":{"rendered":"https:\/\/www.luzeco.com\/blog\/?p=373"},"modified":"2022-02-09T15:35:03","modified_gmt":"2022-02-09T15:35:03","slug":"reduce-tu-factura-de-la-luz","status":"publish","type":"post","link":"https:\/\/www.luzeco.com\/blog\/reduce-tu-factura-de-la-luz\/","title":{"rendered":"Reduce tu factura de la luz"},"content":{"rendered":"\n<p>Un simple gesto puede reducir notablemente el gasto de tu factura de la luz. Como todos hemos escuchado durante las \u00faltimas semanas, el precio del kWh ha subido una media de 5 c\u00e9ntimos. Esto supondr\u00e1 un aumento de unos 20 euros en nuestra factura de la luz.<\/p>\n\n\n\n<h2>C\u00f3mo puedo ahorrar en la factura de la luz<\/h2>\n\n\n\n<p>Antes de darte algunos consejos, nos gustar\u00eda que conocieras algunos datos sobre tu factura de la luz. Seguro que despu\u00e9s de esta informaci\u00f3n te ser\u00e1 m\u00e1s f\u00e1cil ver lo importante que puede llegar a ser un gesto tan sencillo como comprar una bombilla.<\/p>\n\n\n\n<p>\u00bfSab\u00edas que <strong>la iluminaci\u00f3n de tu hogar supone el 16% del consumo total de tu factura de la luz<\/strong>? Aunque nos parezca mentira la iluminaci\u00f3n de nuestro hogar consumo m\u00e1s electricidad que la lavadora o el lavavajillas. Tienes que saber que estipo de electrodom\u00e9sticos solo suponen un 3% de nuestro gasto total. Por eso, es muy importante que elijamos siempre bombillas LED para todas las l\u00e1mparas de nuestro hogar. Esto har\u00e1 que nuestro consumo se reduzca considerablemente. <\/p>\n\n\n\n<figure class=\"wp-block-image size-large\"><a href=\"https:\/\/www.luzeco.com\/es\/493-bombillas-led-3-x-2\"><img decoding=\"async\" loading=\"lazy\" width=\"1024\" height=\"244\" src=\"https:\/\/www.luzeco.com\/blog\/wp-content\/uploads\/2021\/01\/promo-bombillas-led-1024x244.jpg\" alt=\"\" class=\"wp-image-418\" srcset=\"https:\/\/www.luzeco.com\/blog\/wp-content\/uploads\/2021\/01\/promo-bombillas-led-1024x244.jpg 1024w, https:\/\/www.luzeco.com\/blog\/wp-content\/uploads\/2021\/01\/promo-bombillas-led-300x72.jpg 300w, https:\/\/www.luzeco.com\/blog\/wp-content\/uploads\/2021\/01\/promo-bombillas-led-768x183.jpg 768w, https:\/\/www.luzeco.com\/blog\/wp-content\/uploads\/2021\/01\/promo-bombillas-led-1140x272.jpg 1140w, https:\/\/www.luzeco.com\/blog\/wp-content\/uploads\/2021\/01\/promo-bombillas-led.jpg 1200w\" sizes=\"(max-width: 1024px) 100vw, 1024px\" \/><\/a><\/figure>\n\n\n\n<h2>\u00bfPor qu\u00e9 debemos utilizar bombillas LED?<\/h2>\n\n\n\n<p>Las bombillas LED tienen numerosas ventajas. La m\u00e1s importante es que <strong>son m\u00e1s eficientes<\/strong> que cualquier otro tipo de bombilla. \u00bfPor qu\u00e9? Porque nos proporcionan m\u00e1s luz con menos potencia.<\/p>\n\n\n\n<p>Otra de las grandes ventajas de las bombillas LED es su <strong>durabilidad<\/strong>. Su <strong>vida media es de entre 20.000 y 50.000 horas<\/strong>. Gracias a esto tendremos que comprar bombillas con menos frecuencia. Ahorraremos dinero en nuestro ticket de la compra y generaremos menos residuos. <\/p>\n\n\n\n<p>Por \u00faltimo, podemos destacar que<strong> no generan calor<\/strong>. \u00bfRecuerdas cuando tocabas el flexo de tu escritorio y te quemabas? Esto se deb\u00eda al calor que generaban las bombillas incandescentes, pero con las bombillas LED esto ya no sucede.<\/p>\n\n\n\n<p>\u00bfQu\u00e9 m\u00e1s se puede pedir? Duran m\u00e1s, gastan menos y generan menos residuos. Las bombillas LED son la herramienta perfecta para <strong>reducir el consumo de luz<\/strong> en tu factura y las compa\u00f1eras perfectas para generar luz m\u00e1s ecol\u00f3gica.<\/p>\n","protected":false},"excerpt":{"rendered":"<p>Un simple gesto puede reducir notablemente el gasto de tu factura de la luz. Como todos hemos escuchado durante las \u00faltimas semanas, el precio del kWh ha subido una media de 5 c\u00e9ntimos. Esto supondr\u00e1 un aumento de unos 20 euros en nuestra factura de la luz. C\u00f3mo puedo ahorrar en la factura de la luz Antes de darte algunos consejos, nos gustar\u00eda que conocieras algunos datos sobre tu factura de la luz. Seguro que despu\u00e9s de esta informaci\u00f3n te ser\u00e1 m\u00e1s f\u00e1cil ver lo importante que puede llegar a ser un gesto tan sencillo como comprar una bombilla. \u00bfSab\u00edas que la iluminaci\u00f3n de tu hogar supone el 16% del consumo total de tu factura de la luz? Aunque nos parezca mentira la iluminaci\u00f3n de nuestro hogar consumo m\u00e1s electricidad que la lavadora o el [&hellip;]<\/p>\n","protected":false},"author":1,"featured_media":419,"comment_status":"closed","ping_status":"open","sticky":false,"template":"","format":"standard","meta":[],"categories":[5],"tags":[],"yoast_head":"<!-- This site is optimized with the Yoast SEO plugin v19.14 - https:\/\/yoast.com\/wordpress\/plugins\/seo\/ -->\n<title>Reduce tu factura de la luz - Blog LUZECO<\/title>\n<meta name=\"description\" content=\"La lavadora consume un 3% del total de la factura de luz mientras la iluminaci\u00f3n un 16%. Para reducir este gasto solo tendr\u00edas que...\" \/>\n<meta name=\"robots\" content=\"index, follow, max-snippet:-1, max-image-preview:large, max-video-preview:-1\" \/>\n<link rel=\"canonical\" href=\"https:\/\/www.luzeco.com\/blog\/reduce-tu-factura-de-la-luz\/\" \/>\n<meta property=\"og:locale\" content=\"es_ES\" \/>\n<meta property=\"og:type\" content=\"article\" \/>\n<meta property=\"og:title\" content=\"Reduce tu factura de la luz - Blog LUZECO\" \/>\n<meta property=\"og:description\" content=\"La lavadora consume un 3% del total de la factura de luz mientras la iluminaci\u00f3n un 16%. Para reducir este gasto solo tendr\u00edas que...\" \/>\n<meta property=\"og:url\" content=\"https:\/\/www.luzeco.com\/blog\/reduce-tu-factura-de-la-luz\/\" \/>\n<meta property=\"og:site_name\" content=\"Blog LUZECO\" \/>\n<meta property=\"article:published_time\" content=\"2021-01-18T12:00:00+00:00\" \/>\n<meta property=\"article:modified_time\" content=\"2022-02-09T15:35:03+00:00\" \/>\n<meta property=\"og:image\" content=\"https:\/\/www.luzeco.com\/blog\/wp-content\/uploads\/2021\/01\/gastos-de-la-luz-1.jpg\" \/>\n\t<meta property=\"og:image:width\" content=\"1100\" \/>\n\t<meta property=\"og:image:height\" content=\"600\" \/>\n\t<meta property=\"og:image:type\" content=\"image\/jpeg\" \/>\n<meta name=\"author\" content=\"luzeco\" \/>\n<meta name=\"twitter:card\" content=\"summary_large_image\" \/>\n<meta name=\"twitter:label1\" content=\"Escrito por\" \/>\n\t<meta name=\"twitter:data1\" content=\"luzeco\" \/>\n\t<meta name=\"twitter:label2\" content=\"Tiempo de lectura\" \/>\n\t<meta name=\"twitter:data2\" content=\"2 minutos\" \/>\n<script type=\"application\/ld+json\" class=\"yoast-schema-graph\">{\"@context\":\"https:\/\/schema.org\",\"@graph\":[{\"@type\":\"Article\",\"@id\":\"https:\/\/www.luzeco.com\/blog\/reduce-tu-factura-de-la-luz\/#article\",\"isPartOf\":{\"@id\":\"https:\/\/www.luzeco.com\/blog\/reduce-tu-factura-de-la-luz\/\"},\"author\":{\"name\":\"luzeco\",\"@id\":\"https:\/\/www.luzeco.com\/blog\/#\/schema\/person\/1fcf316166a5c59805f56fcacd66f42a\"},\"headline\":\"Reduce tu factura de la luz\",\"datePublished\":\"2021-01-18T12:00:00+00:00\",\"dateModified\":\"2022-02-09T15:35:03+00:00\",\"mainEntityOfPage\":{\"@id\":\"https:\/\/www.luzeco.com\/blog\/reduce-tu-factura-de-la-luz\/\"},\"wordCount\":354,\"publisher\":{\"@id\":\"https:\/\/www.luzeco.com\/blog\/#organization\"},\"articleSection\":[\"Consejos\"],\"inLanguage\":\"es\"},{\"@type\":\"WebPage\",\"@id\":\"https:\/\/www.luzeco.com\/blog\/reduce-tu-factura-de-la-luz\/\",\"url\":\"https:\/\/www.luzeco.com\/blog\/reduce-tu-factura-de-la-luz\/\",\"name\":\"Reduce tu factura de la luz - Blog LUZECO\",\"isPartOf\":{\"@id\":\"https:\/\/www.luzeco.com\/blog\/#website\"},\"datePublished\":\"2021-01-18T12:00:00+00:00\",\"dateModified\":\"2022-02-09T15:35:03+00:00\",\"description\":\"La lavadora consume un 3% del total de la factura de luz mientras la iluminaci\u00f3n un 16%. Para reducir este gasto solo tendr\u00edas que...\",\"breadcrumb\":{\"@id\":\"https:\/\/www.luzeco.com\/blog\/reduce-tu-factura-de-la-luz\/#breadcrumb\"},\"inLanguage\":\"es\",\"potentialAction\":[{\"@type\":\"ReadAction\",\"target\":[\"https:\/\/www.luzeco.com\/blog\/reduce-tu-factura-de-la-luz\/\"]}]},{\"@type\":\"BreadcrumbList\",\"@id\":\"https:\/\/www.luzeco.com\/blog\/reduce-tu-factura-de-la-luz\/#breadcrumb\",\"itemListElement\":[{\"@type\":\"ListItem\",\"position\":1,\"name\":\"Home\",\"item\":\"https:\/\/www.luzeco.com\/blog\/\"},{\"@type\":\"ListItem\",\"position\":2,\"name\":\"Reduce tu factura de la luz\"}]},{\"@type\":\"WebSite\",\"@id\":\"https:\/\/www.luzeco.com\/blog\/#website\",\"url\":\"https:\/\/www.luzeco.com\/blog\/\",\"name\":\"Blog LUZECO\",\"description\":\"L\u00edder en iluminaci\u00f3n y decoraci\u00f3n\",\"publisher\":{\"@id\":\"https:\/\/www.luzeco.com\/blog\/#organization\"},\"potentialAction\":[{\"@type\":\"SearchAction\",\"target\":{\"@type\":\"EntryPoint\",\"urlTemplate\":\"https:\/\/www.luzeco.com\/blog\/?s={search_term_string}\"},\"query-input\":\"required name=search_term_string\"}],\"inLanguage\":\"es\"},{\"@type\":\"Organization\",\"@id\":\"https:\/\/www.luzeco.com\/blog\/#organization\",\"name\":\"LUZECO LIGHTING\",\"url\":\"https:\/\/www.luzeco.com\/blog\/\",\"logo\":{\"@type\":\"ImageObject\",\"inLanguage\":\"es\",\"@id\":\"https:\/\/www.luzeco.com\/blog\/#\/schema\/logo\/image\/\",\"url\":\"https:\/\/www.luzeco.com\/blog\/wp-content\/uploads\/2020\/09\/cropped-luzeco-icono.png\",\"contentUrl\":\"https:\/\/www.luzeco.com\/blog\/wp-content\/uploads\/2020\/09\/cropped-luzeco-icono.png\",\"width\":512,\"height\":512,\"caption\":\"LUZECO LIGHTING\"},\"image\":{\"@id\":\"https:\/\/www.luzeco.com\/blog\/#\/schema\/logo\/image\/\"}},{\"@type\":\"Person\",\"@id\":\"https:\/\/www.luzeco.com\/blog\/#\/schema\/person\/1fcf316166a5c59805f56fcacd66f42a\",\"name\":\"luzeco\",\"image\":{\"@type\":\"ImageObject\",\"inLanguage\":\"es\",\"@id\":\"https:\/\/www.luzeco.com\/blog\/#\/schema\/person\/image\/\",\"url\":\"https:\/\/secure.gravatar.com\/avatar\/50258ce9bf6774e06410b8db81d34f8a?s=96&d=mm&r=g\",\"contentUrl\":\"https:\/\/secure.gravatar.com\/avatar\/50258ce9bf6774e06410b8db81d34f8a?s=96&d=mm&r=g\",\"caption\":\"luzeco\"},\"sameAs\":[\"https:\/\/www.luzeco.com\/blog\"],\"url\":\"https:\/\/www.luzeco.com\/blog\/author\/luzeco\/\"}]}<\/script>\n<!-- \/ Yoast SEO plugin. -->","yoast_head_json":{"title":"Reduce tu factura de la luz - Blog LUZECO","description":"La lavadora consume un 3% del total de la factura de luz mientras la iluminaci\u00f3n un 16%. Para reducir este gasto solo tendr\u00edas que...","robots":{"index":"index","follow":"follow","max-snippet":"max-snippet:-1","max-image-preview":"max-image-preview:large","max-video-preview":"max-video-preview:-1"},"canonical":"https:\/\/www.luzeco.com\/blog\/reduce-tu-factura-de-la-luz\/","og_locale":"es_ES","og_type":"article","og_title":"Reduce tu factura de la luz - Blog LUZECO","og_description":"La lavadora consume un 3% del total de la factura de luz mientras la iluminaci\u00f3n un 16%. Para reducir este gasto solo tendr\u00edas que...","og_url":"https:\/\/www.luzeco.com\/blog\/reduce-tu-factura-de-la-luz\/","og_site_name":"Blog LUZECO","article_published_time":"2021-01-18T12:00:00+00:00","article_modified_time":"2022-02-09T15:35:03+00:00","og_image":[{"width":1100,"height":600,"url":"https:\/\/www.luzeco.com\/blog\/wp-content\/uploads\/2021\/01\/gastos-de-la-luz-1.jpg","type":"image\/jpeg"}],"author":"luzeco","twitter_card":"summary_large_image","twitter_misc":{"Escrito por":"luzeco","Tiempo de lectura":"2 minutos"},"schema":{"@context":"https:\/\/schema.org","@graph":[{"@type":"Article","@id":"https:\/\/www.luzeco.com\/blog\/reduce-tu-factura-de-la-luz\/#article","isPartOf":{"@id":"https:\/\/www.luzeco.com\/blog\/reduce-tu-factura-de-la-luz\/"},"author":{"name":"luzeco","@id":"https:\/\/www.luzeco.com\/blog\/#\/schema\/person\/1fcf316166a5c59805f56fcacd66f42a"},"headline":"Reduce tu factura de la luz","datePublished":"2021-01-18T12:00:00+00:00","dateModified":"2022-02-09T15:35:03+00:00","mainEntityOfPage":{"@id":"https:\/\/www.luzeco.com\/blog\/reduce-tu-factura-de-la-luz\/"},"wordCount":354,"publisher":{"@id":"https:\/\/www.luzeco.com\/blog\/#organization"},"articleSection":["Consejos"],"inLanguage":"es"},{"@type":"WebPage","@id":"https:\/\/www.luzeco.com\/blog\/reduce-tu-factura-de-la-luz\/","url":"https:\/\/www.luzeco.com\/blog\/reduce-tu-factura-de-la-luz\/","name":"Reduce tu factura de la luz - Blog LUZECO","isPartOf":{"@id":"https:\/\/www.luzeco.com\/blog\/#website"},"datePublished":"2021-01-18T12:00:00+00:00","dateModified":"2022-02-09T15:35:03+00:00","description":"La lavadora consume un 3% del total de la factura de luz mientras la iluminaci\u00f3n un 16%. Para reducir este gasto solo tendr\u00edas que...","breadcrumb":{"@id":"https:\/\/www.luzeco.com\/blog\/reduce-tu-factura-de-la-luz\/#breadcrumb"},"inLanguage":"es","potentialAction":[{"@type":"ReadAction","target":["https:\/\/www.luzeco.com\/blog\/reduce-tu-factura-de-la-luz\/"]}]},{"@type":"BreadcrumbList","@id":"https:\/\/www.luzeco.com\/blog\/reduce-tu-factura-de-la-luz\/#breadcrumb","itemListElement":[{"@type":"ListItem","position":1,"name":"Home","item":"https:\/\/www.luzeco.com\/blog\/"},{"@type":"ListItem","position":2,"name":"Reduce tu factura de la luz"}]},{"@type":"WebSite","@id":"https:\/\/www.luzeco.com\/blog\/#website","url":"https:\/\/www.luzeco.com\/blog\/","name":"Blog LUZECO","description":"L\u00edder en iluminaci\u00f3n y decoraci\u00f3n","publisher":{"@id":"https:\/\/www.luzeco.com\/blog\/#organization"},"potentialAction":[{"@type":"SearchAction","target":{"@type":"EntryPoint","urlTemplate":"https:\/\/www.luzeco.com\/blog\/?s={search_term_string}"},"query-input":"required name=search_term_string"}],"inLanguage":"es"},{"@type":"Organization","@id":"https:\/\/www.luzeco.com\/blog\/#organization","name":"LUZECO LIGHTING","url":"https:\/\/www.luzeco.com\/blog\/","logo":{"@type":"ImageObject","inLanguage":"es","@id":"https:\/\/www.luzeco.com\/blog\/#\/schema\/logo\/image\/","url":"https:\/\/www.luzeco.com\/blog\/wp-content\/uploads\/2020\/09\/cropped-luzeco-icono.png","contentUrl":"https:\/\/www.luzeco.com\/blog\/wp-content\/uploads\/2020\/09\/cropped-luzeco-icono.png","width":512,"height":512,"caption":"LUZECO LIGHTING"},"image":{"@id":"https:\/\/www.luzeco.com\/blog\/#\/schema\/logo\/image\/"}},{"@type":"Person","@id":"https:\/\/www.luzeco.com\/blog\/#\/schema\/person\/1fcf316166a5c59805f56fcacd66f42a","name":"luzeco","image":{"@type":"ImageObject","inLanguage":"es","@id":"https:\/\/www.luzeco.com\/blog\/#\/schema\/person\/image\/","url":"https:\/\/secure.gravatar.com\/avatar\/50258ce9bf6774e06410b8db81d34f8a?s=96&d=mm&r=g","contentUrl":"https:\/\/secure.gravatar.com\/avatar\/50258ce9bf6774e06410b8db81d34f8a?s=96&d=mm&r=g","caption":"luzeco"},"sameAs":["https:\/\/www.luzeco.com\/blog"],"url":"https:\/\/www.luzeco.com\/blog\/author\/luzeco\/"}]}},"_links":{"self":[{"href":"https:\/\/www.luzeco.com\/blog\/wp-json\/wp\/v2\/posts\/373"}],"collection":[{"href":"https:\/\/www.luzeco.com\/blog\/wp-json\/wp\/v2\/posts"}],"about":[{"href":"https:\/\/www.luzeco.com\/blog\/wp-json\/wp\/v2\/types\/post"}],"author":[{"embeddable":true,"href":"https:\/\/www.luzeco.com\/blog\/wp-json\/wp\/v2\/users\/1"}],"replies":[{"embeddable":true,"href":"https:\/\/www.luzeco.com\/blog\/wp-json\/wp\/v2\/comments?post=373"}],"version-history":[{"count":18,"href":"https:\/\/www.luzeco.com\/blog\/wp-json\/wp\/v2\/posts\/373\/revisions"}],"predecessor-version":[{"id":731,"href":"https:\/\/www.luzeco.com\/blog\/wp-json\/wp\/v2\/posts\/373\/revisions\/731"}],"wp:featuredmedia":[{"embeddable":true,"href":"https:\/\/www.luzeco.com\/blog\/wp-json\/wp\/v2\/media\/419"}],"wp:attachment":[{"href":"https:\/\/www.luzeco.com\/blog\/wp-json\/wp\/v2\/media?parent=373"}],"wp:term":[{"taxonomy":"category","embeddable":true,"href":"https:\/\/www.luzeco.com\/blog\/wp-json\/wp\/v2\/categories?post=373"},{"taxonomy":"post_tag","embeddable":true,"href":"https:\/\/www.luzeco.com\/blog\/wp-json\/wp\/v2\/tags?post=373"}],"curies":[{"name":"wp","href":"https:\/\/api.w.org\/{rel}","templated":true}]}}