{"id":34,"date":"2020-04-06T17:00:00","date_gmt":"2020-04-06T17:00:00","guid":{"rendered":"https:\/\/www.luzeco.com\/blog\/?p=34"},"modified":"2022-02-09T15:35:22","modified_gmt":"2022-02-09T15:35:22","slug":"luz-calida-o-luz-fria","status":"publish","type":"post","link":"https:\/\/www.luzeco.com\/blog\/luz-calida-o-luz-fria\/","title":{"rendered":"Luz c\u00e1lida o luz fr\u00eda: depende del ambiente"},"content":{"rendered":"\n<p>En alguna ocasi\u00f3n habr\u00e1s o\u00eddo hablar de luz fr\u00eda, luz neutra y luz c\u00e1lida, pero \u00bfsabes a qu\u00e9 se refieren? \u00bfqu\u00e9 tipo de luz te conviene elegir? Seguro te has planteado en alg\u00fan momento esta pregunta \u00bfpara mi cocina es mejor usar luz c\u00e1lida o fr\u00eda?<\/p>\n\n\n\n<p>En cada estancia de tu hogar llevas a cabo una actividad distinta por lo que necesitas una luz diferente que te ayude a crear el ambiente con el que m\u00e1s a gusto te encuentres.<\/p>\n\n\n\n<p>Presta atenci\u00f3n porque el tipo de luz elegido para cada rinc\u00f3n de tu hogar junto con algunas buenas ideas de decoraci\u00f3n, te har\u00e1n marcar la diferencia.<\/p>\n\n\n\n<h2>Diferencia entre luz c\u00e1lida y luz fr\u00eda<\/h2>\n\n\n\n<p>Estos t\u00e9rminos hacen referencia a la temperatura de color de la luz. Y, \u00bfqu\u00e9 significa esto? Viene a medir la sensaci\u00f3n que tiene tu ojo al ver una luz. Hablamos de luz c\u00e1lida cuando predomina el tono \u00e1mbar y de luz fr\u00eda cuando el tono predominante es el azul.<\/p>\n\n\n\n<p>La caja de las bombillas indican, entre otra cosas, la temperatura de color de luz. \u00c9stas vienen acompa\u00f1adas de la letra \u201cK\u201d, puesto que esta magnitud se mide en Kelvin. Algunos valores que puedes encontrar son 2.300K, 2.700K, 3.000K, 4.000K, 5.000K, 6.500K, por ejemplo.<\/p>\n\n\n\n<h2>Kelvin \u00bfqu\u00e9 quieren decir?<\/h2>\n\n\n\n<p>Puesto que la temperatura de color se mide en Kelvin, debes fijarte en este dato cuando busques una luz concreta para una estancia. Ten en cuenta que los tonos c\u00e1lidos son los que tienen menos Kelvin y los tonos m\u00e1s fr\u00edos son los de mayor Kelvin.<\/p>\n\n\n\n<div class=\"wp-block-image\"><figure class=\"aligncenter size-large\"><a href=\"https:\/\/www.luzeco.com\/es\/38-bombillas-led\"><img decoding=\"async\" loading=\"lazy\" width=\"500\" height=\"1000\" src=\"https:\/\/www.luzeco.com\/blog\/wp-content\/uploads\/2020\/09\/Temperatura-de-color-Kelvin.png\" alt=\"\" class=\"wp-image-182\" srcset=\"https:\/\/www.luzeco.com\/blog\/wp-content\/uploads\/2020\/09\/Temperatura-de-color-Kelvin.png 500w, https:\/\/www.luzeco.com\/blog\/wp-content\/uploads\/2020\/09\/Temperatura-de-color-Kelvin-150x300.png 150w\" sizes=\"(max-width: 500px) 100vw, 500px\" \/><\/a><\/figure><\/div>\n\n\n\n<p>En la imagen puedes ver arriba los tonos m\u00e1s \u00e1mbar, relacionados con la luz c\u00e1lida, y abajo los tonos m\u00e1s azulados, asociados con la luz fr\u00eda. En la parte central, puedes distinguir una zona de transici\u00f3n neutra que no se identifica con ninguno de los colores anteriormente mencionados. En este rango, entre 3.800K a 4.500K, es donde tiene cabida la luz neutra. Para una luz natural deber\u00e1s optar por 6.000k.<\/p>\n\n\n\n<h2>Temperatura de la luz y sus caracter\u00edsticas<\/h2>\n\n\n\n<p><strong>Luz c\u00e1lida:<\/strong> la iluminaci\u00f3n c\u00e1lida emite el color m\u00e1s parecido a una luz incandescente tradicional. Su tonalidad te recordar\u00e1 al color \u00e1mbar o al que emite la luz de una vela. Se encuentra por debajo de los 3.000K.<\/p>\n\n\n\n<p><strong>Luz neutra:<\/strong> es lo m\u00e1s parecido a la luz natural que tienes al medio d\u00eda. Luz blanca neutra que no alterar\u00e1 tu percepci\u00f3n de los colores. Alrededor de los 4.000K.<\/p>\n\n\n\n<p><strong>Luz fr\u00eda:<\/strong> desprende luz con tonos azulados, cu\u00e1nto m\u00e1s fr\u00eda es m\u00e1s luminosidad aporta.Se considera a toda aquella luz por encima de los 5.000K.<\/p>\n\n\n\n<div class=\"wp-block-image\"><figure class=\"aligncenter size-large\"><a href=\"https:\/\/www.luzeco.com\/es\/38-bombillas-led\"><img decoding=\"async\" loading=\"lazy\" width=\"594\" height=\"405\" src=\"https:\/\/www.luzeco.com\/blog\/wp-content\/uploads\/2020\/04\/ejemplos-colores-de-luz-lampara-led.jpg\" alt=\"luz c\u00e1lida fr\u00eda\" class=\"wp-image-187\" srcset=\"https:\/\/www.luzeco.com\/blog\/wp-content\/uploads\/2020\/04\/ejemplos-colores-de-luz-lampara-led.jpg 594w, https:\/\/www.luzeco.com\/blog\/wp-content\/uploads\/2020\/04\/ejemplos-colores-de-luz-lampara-led-300x205.jpg 300w\" sizes=\"(max-width: 594px) 100vw, 594px\" \/><\/a><\/figure><\/div>\n\n\n\n<h2>\u00bfPuedo combinar luz c\u00e1lida con fr\u00eda?<\/h2>\n\n\n\n<p>As\u00ed es, no tienes por qu\u00e9 elegir un tipo concreto de luz y que ese tono sea el \u00fanico en toda la estancia. En una misma zona puedes combinar distintos tipos de luz creando ambientes. <\/p>\n\n\n\n<p>Por ejemplo, en el comedor nos suele gustar la luz natural. Una luz que nos permita disfrutar de nuestros platos y de una buena conversaci\u00f3n junto al resto de comensales. Suele tratarse de una zona mucho m\u00e1s vers\u00e1til que permite jugar con diferentes ambientes. Si en tu caso compartes sal\u00f3n y comedor en la misma habitaci\u00f3n, <\/p>\n\n\n\n<p>La iluminaci\u00f3n ser\u00e1 tu aliada para diferenciar zonas dentro de un mismo espacio. Si tienes sal\u00f3n-comerdor, haz uso de la m\u00e1s neutra para la zona de comedor y reserva la m\u00e1s c\u00e1lida para el sal\u00f3n.<\/p>\n\n\n\n<div class=\"wp-block-image\"><figure class=\"aligncenter size-large\"><a href=\"https:\/\/www.luzeco.com\/es\/144-lamparas-para-salon\"><img decoding=\"async\" loading=\"lazy\" width=\"1024\" height=\"559\" src=\"https:\/\/www.luzeco.com\/blog\/wp-content\/uploads\/2020\/03\/iluminacion-hogar-lampara-techo-1024x559.jpg\" alt=\"\" class=\"wp-image-47\" srcset=\"https:\/\/www.luzeco.com\/blog\/wp-content\/uploads\/2020\/03\/iluminacion-hogar-lampara-techo-1024x559.jpg 1024w, https:\/\/www.luzeco.com\/blog\/wp-content\/uploads\/2020\/03\/iluminacion-hogar-lampara-techo-300x164.jpg 300w, https:\/\/www.luzeco.com\/blog\/wp-content\/uploads\/2020\/03\/iluminacion-hogar-lampara-techo-768x419.jpg 768w, https:\/\/www.luzeco.com\/blog\/wp-content\/uploads\/2020\/03\/iluminacion-hogar-lampara-techo.jpg 1100w\" sizes=\"(max-width: 1024px) 100vw, 1024px\" \/><\/a><\/figure><\/div>\n\n\n\n<p>En tu oficina o lugar de trabajo puedes aplicar lo mismo. Hay zonas en donde te interesar\u00e1 impulsar la actividad, mientras en otras buscar\u00e1s evitar a toda costa que se produzca el estr\u00e9s de tu equipo. Todo depende del objetivo que te propongas en cada caso. <\/p>\n\n\n\n<h2>Qu\u00e9 luz usar en cada estancia<\/h2>\n\n\n\n<p>La mejor forma de entender todo lo que hemos explicado anteriormente es aplic\u00e1ndolo a cada una de nuestras estancias, as\u00ed que vamos a ver paso a paso c\u00f3mo lo aplicar\u00edamos en los distintos espacios de nuestro hogar. <\/p>\n\n\n\n<h3>Luz fr\u00eda para la cocina<\/h3>\n\n\n\n<p>Esta es una de las estancias m\u00e1s f\u00e1ciles, necesitamos <a href=\"https:\/\/www.luzeco.com\/es\/384-bombillas-luz-fria\" target=\"_blank\" rel=\"noreferrer noopener\">luz fr\u00eda<\/a> por encima de los 5.000k. La cocina es una estancia que necesita mucha luz. All\u00ed preparamos nuestras recetas favoritas y trabajamos con utensilios cortantes. No podemos permitirnos tener poca luz porque trabajar\u00edamos de forma poco segura. A\u00fan as\u00ed, todo depende de c\u00f3mo sea tu cocina y el espacio que tengas, cada casa tiene sus propias particularidades. Si quieres sacarle el m\u00e1ximo partido a esta estancia no te pierdas nuestro art\u00edculo de c\u00f3mo <a href=\"https:\/\/www.luzeco.com\/blog\/sabes-como-iluminar-tu-cocina\/\">iluminar correctamente la cocina<\/a>. <\/p>\n\n\n\n<div class=\"wp-block-image\"><figure class=\"aligncenter size-large\"><a href=\"https:\/\/www.luzeco.com\/es\/195-lamparas-para-cocina\"><img decoding=\"async\" loading=\"lazy\" width=\"1024\" height=\"559\" src=\"https:\/\/www.luzeco.com\/blog\/wp-content\/uploads\/2020\/09\/tipo-de-luz-cocina-1024x559.jpg\" alt=\"\" class=\"wp-image-173\" srcset=\"https:\/\/www.luzeco.com\/blog\/wp-content\/uploads\/2020\/09\/tipo-de-luz-cocina-1024x559.jpg 1024w, https:\/\/www.luzeco.com\/blog\/wp-content\/uploads\/2020\/09\/tipo-de-luz-cocina-300x164.jpg 300w, https:\/\/www.luzeco.com\/blog\/wp-content\/uploads\/2020\/09\/tipo-de-luz-cocina-768x419.jpg 768w, https:\/\/www.luzeco.com\/blog\/wp-content\/uploads\/2020\/09\/tipo-de-luz-cocina.jpg 1100w\" sizes=\"(max-width: 1024px) 100vw, 1024px\" \/><\/a><\/figure><\/div>\n\n\n\n<h3>Luz c\u00e1lida para sal\u00f3n<\/h3>\n\n\n\n<p>La mejor opci\u00f3n para disfrutar de un ambiente acogedor y relajado en tu sal\u00f3n es contar con luz m\u00e1s c\u00e1lida y tenue. Si haces diferentes usos de esta sala, necesitar\u00e1s puntualmente una luz mayor en algunas zonas. En Luzeco.com, por ejemplo, recomendamos una luz algo m\u00e1s fr\u00eda o neutra en la zona del escritorio.<\/p>\n\n\n\n<p>Si te gusta crear diferentes ambientes usa l\u00e1mparas auxiliares como apliques, pies de sal\u00f3n o l\u00e1mparas de sobremesa. Toma nota: La luz id\u00f3nea para el sal\u00f3n es la <a href=\"https:\/\/www.luzeco.com\/es\/385-bombillas-luz-calida\" target=\"_blank\" rel=\"noreferrer noopener\">luz c\u00e1lida<\/a> (en torno a los 2.700K).<\/p>\n\n\n\n<h3>Luz neutra para el ba\u00f1o<\/h3>\n\n\n\n<p>En aseos y ba\u00f1os agradecer\u00e1s una luz que permita verte con claridad, sobre todo a la hora del maquillaje, depilaci\u00f3n o afeitado. Es en estos momentos donde m\u00e1s valorar\u00e1s que luz sea la correcta. <\/p>\n\n\n\n<p>Una luz que ilumine bastante, pero sin llegar a distorsionar nuestro aspecto a la luz natural. Esto es primordial a la hora del maquillaje. Una luz fr\u00eda puede aportar mayor luminosidad, pero favorecer\u00e1 que ante el espejo te maquilles de m\u00e1s. Toma nota: La luz id\u00f3nea para el ba\u00f1o es <a href=\"https:\/\/www.luzeco.com\/es\/386-bombillas-luz-neutra\" target=\"_blank\" rel=\"noreferrer noopener\">la  luz neutra<\/a> (en torno a los 4.000K).<\/p>\n\n\n\n<h3>Luz c\u00e1lida y neutra para el dormitorio<\/h3>\n\n\n\n<p>Al elegir la iluminaci\u00f3n para el dormitorio piensa en una luz general c\u00e1lida, que conseguir\u00e1s por medio de l\u00e1mparas de techo, plafones o empotrables (normalmente al centro de la habitaci\u00f3n); luz neutra para rincones espec\u00edficos, querr\u00e1s iluminar zonas con actividades concretas, por ejemplo, lectura; y luz decorativa; que es la que solemos utilizar para realzar determinados objetos o elementos decorativos.<\/p>\n\n\n\n<p>Toma nota: La luz id\u00f3nea para el dormitorio es la c\u00e1lida y neutra (en torno a los 2.700-4000K).<\/p>\n\n\n\n<p>Si quieres saber c\u00f3mo mejorar la luz en casa optimizando la luz natural y conseguir la mejor iluminaci\u00f3n en cada rinc\u00f3n de tu hogar, te recomiendo leer nuestro post: <a href=\"https:\/\/www.luzeco.com\/blog\/consejos-para-iluminar-tu-hogar\/\" target=\"_blank\" rel=\"noreferrer noopener\">Consejos para iluminar tu hogar<\/a>.<\/p>\n\n\n\n<figure class=\"wp-block-image size-large\"><a href=\"https:\/\/www.luzeco.com\/es\/\"><img decoding=\"async\" loading=\"lazy\" width=\"1024\" height=\"559\" src=\"https:\/\/www.luzeco.com\/blog\/wp-content\/uploads\/2021\/09\/color-luz-final-49927-2.jpg\" alt=\"\" class=\"wp-image-760\" srcset=\"https:\/\/www.luzeco.com\/blog\/wp-content\/uploads\/2021\/09\/color-luz-final-49927-2.jpg 1024w, https:\/\/www.luzeco.com\/blog\/wp-content\/uploads\/2021\/09\/color-luz-final-49927-2-300x164.jpg 300w, https:\/\/www.luzeco.com\/blog\/wp-content\/uploads\/2021\/09\/color-luz-final-49927-2-768x419.jpg 768w\" sizes=\"(max-width: 1024px) 100vw, 1024px\" \/><\/a><\/figure>\n","protected":false},"excerpt":{"rendered":"<p>En alguna ocasi\u00f3n habr\u00e1s o\u00eddo hablar de luz fr\u00eda, luz neutra y luz c\u00e1lida, pero \u00bfsabes a qu\u00e9 se refieren? \u00bfqu\u00e9 tipo de luz te conviene elegir? Seguro te has planteado en alg\u00fan momento esta pregunta \u00bfpara mi cocina es mejor usar luz c\u00e1lida o fr\u00eda? En cada estancia de tu hogar llevas a cabo una actividad distinta por lo que necesitas una luz diferente que te ayude a crear el ambiente con el que m\u00e1s a gusto te encuentres. Presta atenci\u00f3n porque el tipo de luz elegido para cada rinc\u00f3n de tu hogar junto con algunas buenas ideas de decoraci\u00f3n, te har\u00e1n marcar la diferencia. Diferencia entre luz c\u00e1lida y luz fr\u00eda Estos t\u00e9rminos hacen referencia a la temperatura de color de la luz. Y, \u00bfqu\u00e9 significa esto? Viene a medir la sensaci\u00f3n que [&hellip;]<\/p>\n","protected":false},"author":1,"featured_media":443,"comment_status":"closed","ping_status":"open","sticky":false,"template":"","format":"standard","meta":[],"categories":[5],"tags":[],"yoast_head":"<!-- This site is optimized with the Yoast SEO plugin v19.14 - https:\/\/yoast.com\/wordpress\/plugins\/seo\/ -->\n<title>Luz c\u00e1lida o luz fr\u00eda: depende del ambiente - Blog LUZECO<\/title>\n<meta name=\"description\" content=\"\u00bfSabes qu\u00e9 tipo de luz es mejor para cada estancia? Aprende a jugar con la luz c\u00e1lida y fr\u00eda para sacarles el m\u00e1ximo partido.\" \/>\n<meta name=\"robots\" content=\"index, follow, max-snippet:-1, max-image-preview:large, max-video-preview:-1\" \/>\n<link rel=\"canonical\" href=\"https:\/\/www.luzeco.com\/blog\/luz-calida-o-luz-fria\/\" \/>\n<meta property=\"og:locale\" content=\"es_ES\" \/>\n<meta property=\"og:type\" content=\"article\" \/>\n<meta property=\"og:title\" content=\"Luz c\u00e1lida o luz fr\u00eda: depende del ambiente - Blog LUZECO\" \/>\n<meta property=\"og:description\" content=\"\u00bfSabes qu\u00e9 tipo de luz es mejor para cada estancia? Aprende a jugar con la luz c\u00e1lida y fr\u00eda para sacarles el m\u00e1ximo partido.\" \/>\n<meta property=\"og:url\" content=\"https:\/\/www.luzeco.com\/blog\/luz-calida-o-luz-fria\/\" \/>\n<meta property=\"og:site_name\" content=\"Blog LUZECO\" \/>\n<meta property=\"article:published_time\" content=\"2020-04-06T17:00:00+00:00\" \/>\n<meta property=\"article:modified_time\" content=\"2022-02-09T15:35:22+00:00\" \/>\n<meta property=\"og:image\" content=\"https:\/\/www.luzeco.com\/blog\/wp-content\/uploads\/2021\/02\/estancias-color-de-la-luz.jpg\" \/>\n\t<meta property=\"og:image:width\" content=\"1100\" \/>\n\t<meta property=\"og:image:height\" content=\"578\" \/>\n\t<meta property=\"og:image:type\" content=\"image\/jpeg\" \/>\n<meta name=\"author\" content=\"luzeco\" \/>\n<meta name=\"twitter:card\" content=\"summary_large_image\" \/>\n<meta name=\"twitter:label1\" content=\"Escrito por\" \/>\n\t<meta name=\"twitter:data1\" content=\"luzeco\" \/>\n\t<meta name=\"twitter:label2\" content=\"Tiempo de lectura\" \/>\n\t<meta name=\"twitter:data2\" content=\"6 minutos\" \/>\n<script type=\"application\/ld+json\" class=\"yoast-schema-graph\">{\"@context\":\"https:\/\/schema.org\",\"@graph\":[{\"@type\":\"Article\",\"@id\":\"https:\/\/www.luzeco.com\/blog\/luz-calida-o-luz-fria\/#article\",\"isPartOf\":{\"@id\":\"https:\/\/www.luzeco.com\/blog\/luz-calida-o-luz-fria\/\"},\"author\":{\"name\":\"luzeco\",\"@id\":\"https:\/\/www.luzeco.com\/blog\/#\/schema\/person\/1fcf316166a5c59805f56fcacd66f42a\"},\"headline\":\"Luz c\u00e1lida o luz fr\u00eda: depende del ambiente\",\"datePublished\":\"2020-04-06T17:00:00+00:00\",\"dateModified\":\"2022-02-09T15:35:22+00:00\",\"mainEntityOfPage\":{\"@id\":\"https:\/\/www.luzeco.com\/blog\/luz-calida-o-luz-fria\/\"},\"wordCount\":1168,\"publisher\":{\"@id\":\"https:\/\/www.luzeco.com\/blog\/#organization\"},\"articleSection\":[\"Consejos\"],\"inLanguage\":\"es\"},{\"@type\":\"WebPage\",\"@id\":\"https:\/\/www.luzeco.com\/blog\/luz-calida-o-luz-fria\/\",\"url\":\"https:\/\/www.luzeco.com\/blog\/luz-calida-o-luz-fria\/\",\"name\":\"Luz c\u00e1lida o luz fr\u00eda: depende del ambiente - Blog LUZECO\",\"isPartOf\":{\"@id\":\"https:\/\/www.luzeco.com\/blog\/#website\"},\"datePublished\":\"2020-04-06T17:00:00+00:00\",\"dateModified\":\"2022-02-09T15:35:22+00:00\",\"description\":\"\u00bfSabes qu\u00e9 tipo de luz es mejor para cada estancia? Aprende a jugar con la luz c\u00e1lida y fr\u00eda para sacarles el m\u00e1ximo partido.\",\"breadcrumb\":{\"@id\":\"https:\/\/www.luzeco.com\/blog\/luz-calida-o-luz-fria\/#breadcrumb\"},\"inLanguage\":\"es\",\"potentialAction\":[{\"@type\":\"ReadAction\",\"target\":[\"https:\/\/www.luzeco.com\/blog\/luz-calida-o-luz-fria\/\"]}]},{\"@type\":\"BreadcrumbList\",\"@id\":\"https:\/\/www.luzeco.com\/blog\/luz-calida-o-luz-fria\/#breadcrumb\",\"itemListElement\":[{\"@type\":\"ListItem\",\"position\":1,\"name\":\"Home\",\"item\":\"https:\/\/www.luzeco.com\/blog\/\"},{\"@type\":\"ListItem\",\"position\":2,\"name\":\"Luz c\u00e1lida o luz fr\u00eda: depende del ambiente\"}]},{\"@type\":\"WebSite\",\"@id\":\"https:\/\/www.luzeco.com\/blog\/#website\",\"url\":\"https:\/\/www.luzeco.com\/blog\/\",\"name\":\"Blog LUZECO\",\"description\":\"L\u00edder en iluminaci\u00f3n y decoraci\u00f3n\",\"publisher\":{\"@id\":\"https:\/\/www.luzeco.com\/blog\/#organization\"},\"potentialAction\":[{\"@type\":\"SearchAction\",\"target\":{\"@type\":\"EntryPoint\",\"urlTemplate\":\"https:\/\/www.luzeco.com\/blog\/?s={search_term_string}\"},\"query-input\":\"required name=search_term_string\"}],\"inLanguage\":\"es\"},{\"@type\":\"Organization\",\"@id\":\"https:\/\/www.luzeco.com\/blog\/#organization\",\"name\":\"LUZECO LIGHTING\",\"url\":\"https:\/\/www.luzeco.com\/blog\/\",\"logo\":{\"@type\":\"ImageObject\",\"inLanguage\":\"es\",\"@id\":\"https:\/\/www.luzeco.com\/blog\/#\/schema\/logo\/image\/\",\"url\":\"https:\/\/www.luzeco.com\/blog\/wp-content\/uploads\/2020\/09\/cropped-luzeco-icono.png\",\"contentUrl\":\"https:\/\/www.luzeco.com\/blog\/wp-content\/uploads\/2020\/09\/cropped-luzeco-icono.png\",\"width\":512,\"height\":512,\"caption\":\"LUZECO LIGHTING\"},\"image\":{\"@id\":\"https:\/\/www.luzeco.com\/blog\/#\/schema\/logo\/image\/\"}},{\"@type\":\"Person\",\"@id\":\"https:\/\/www.luzeco.com\/blog\/#\/schema\/person\/1fcf316166a5c59805f56fcacd66f42a\",\"name\":\"luzeco\",\"image\":{\"@type\":\"ImageObject\",\"inLanguage\":\"es\",\"@id\":\"https:\/\/www.luzeco.com\/blog\/#\/schema\/person\/image\/\",\"url\":\"https:\/\/secure.gravatar.com\/avatar\/50258ce9bf6774e06410b8db81d34f8a?s=96&d=mm&r=g\",\"contentUrl\":\"https:\/\/secure.gravatar.com\/avatar\/50258ce9bf6774e06410b8db81d34f8a?s=96&d=mm&r=g\",\"caption\":\"luzeco\"},\"sameAs\":[\"https:\/\/www.luzeco.com\/blog\"],\"url\":\"https:\/\/www.luzeco.com\/blog\/author\/luzeco\/\"}]}<\/script>\n<!-- \/ Yoast SEO plugin. -->","yoast_head_json":{"title":"Luz c\u00e1lida o luz fr\u00eda: depende del ambiente - Blog LUZECO","description":"\u00bfSabes qu\u00e9 tipo de luz es mejor para cada estancia? Aprende a jugar con la luz c\u00e1lida y fr\u00eda para sacarles el m\u00e1ximo partido.","robots":{"index":"index","follow":"follow","max-snippet":"max-snippet:-1","max-image-preview":"max-image-preview:large","max-video-preview":"max-video-preview:-1"},"canonical":"https:\/\/www.luzeco.com\/blog\/luz-calida-o-luz-fria\/","og_locale":"es_ES","og_type":"article","og_title":"Luz c\u00e1lida o luz fr\u00eda: depende del ambiente - Blog LUZECO","og_description":"\u00bfSabes qu\u00e9 tipo de luz es mejor para cada estancia? Aprende a jugar con la luz c\u00e1lida y fr\u00eda para sacarles el m\u00e1ximo partido.","og_url":"https:\/\/www.luzeco.com\/blog\/luz-calida-o-luz-fria\/","og_site_name":"Blog LUZECO","article_published_time":"2020-04-06T17:00:00+00:00","article_modified_time":"2022-02-09T15:35:22+00:00","og_image":[{"width":1100,"height":578,"url":"https:\/\/www.luzeco.com\/blog\/wp-content\/uploads\/2021\/02\/estancias-color-de-la-luz.jpg","type":"image\/jpeg"}],"author":"luzeco","twitter_card":"summary_large_image","twitter_misc":{"Escrito por":"luzeco","Tiempo de lectura":"6 minutos"},"schema":{"@context":"https:\/\/schema.org","@graph":[{"@type":"Article","@id":"https:\/\/www.luzeco.com\/blog\/luz-calida-o-luz-fria\/#article","isPartOf":{"@id":"https:\/\/www.luzeco.com\/blog\/luz-calida-o-luz-fria\/"},"author":{"name":"luzeco","@id":"https:\/\/www.luzeco.com\/blog\/#\/schema\/person\/1fcf316166a5c59805f56fcacd66f42a"},"headline":"Luz c\u00e1lida o luz fr\u00eda: depende del ambiente","datePublished":"2020-04-06T17:00:00+00:00","dateModified":"2022-02-09T15:35:22+00:00","mainEntityOfPage":{"@id":"https:\/\/www.luzeco.com\/blog\/luz-calida-o-luz-fria\/"},"wordCount":1168,"publisher":{"@id":"https:\/\/www.luzeco.com\/blog\/#organization"},"articleSection":["Consejos"],"inLanguage":"es"},{"@type":"WebPage","@id":"https:\/\/www.luzeco.com\/blog\/luz-calida-o-luz-fria\/","url":"https:\/\/www.luzeco.com\/blog\/luz-calida-o-luz-fria\/","name":"Luz c\u00e1lida o luz fr\u00eda: depende del ambiente - Blog LUZECO","isPartOf":{"@id":"https:\/\/www.luzeco.com\/blog\/#website"},"datePublished":"2020-04-06T17:00:00+00:00","dateModified":"2022-02-09T15:35:22+00:00","description":"\u00bfSabes qu\u00e9 tipo de luz es mejor para cada estancia? Aprende a jugar con la luz c\u00e1lida y fr\u00eda para sacarles el m\u00e1ximo partido.","breadcrumb":{"@id":"https:\/\/www.luzeco.com\/blog\/luz-calida-o-luz-fria\/#breadcrumb"},"inLanguage":"es","potentialAction":[{"@type":"ReadAction","target":["https:\/\/www.luzeco.com\/blog\/luz-calida-o-luz-fria\/"]}]},{"@type":"BreadcrumbList","@id":"https:\/\/www.luzeco.com\/blog\/luz-calida-o-luz-fria\/#breadcrumb","itemListElement":[{"@type":"ListItem","position":1,"name":"Home","item":"https:\/\/www.luzeco.com\/blog\/"},{"@type":"ListItem","position":2,"name":"Luz c\u00e1lida o luz fr\u00eda: depende del ambiente"}]},{"@type":"WebSite","@id":"https:\/\/www.luzeco.com\/blog\/#website","url":"https:\/\/www.luzeco.com\/blog\/","name":"Blog LUZECO","description":"L\u00edder en iluminaci\u00f3n y decoraci\u00f3n","publisher":{"@id":"https:\/\/www.luzeco.com\/blog\/#organization"},"potentialAction":[{"@type":"SearchAction","target":{"@type":"EntryPoint","urlTemplate":"https:\/\/www.luzeco.com\/blog\/?s={search_term_string}"},"query-input":"required name=search_term_string"}],"inLanguage":"es"},{"@type":"Organization","@id":"https:\/\/www.luzeco.com\/blog\/#organization","name":"LUZECO LIGHTING","url":"https:\/\/www.luzeco.com\/blog\/","logo":{"@type":"ImageObject","inLanguage":"es","@id":"https:\/\/www.luzeco.com\/blog\/#\/schema\/logo\/image\/","url":"https:\/\/www.luzeco.com\/blog\/wp-content\/uploads\/2020\/09\/cropped-luzeco-icono.png","contentUrl":"https:\/\/www.luzeco.com\/blog\/wp-content\/uploads\/2020\/09\/cropped-luzeco-icono.png","width":512,"height":512,"caption":"LUZECO LIGHTING"},"image":{"@id":"https:\/\/www.luzeco.com\/blog\/#\/schema\/logo\/image\/"}},{"@type":"Person","@id":"https:\/\/www.luzeco.com\/blog\/#\/schema\/person\/1fcf316166a5c59805f56fcacd66f42a","name":"luzeco","image":{"@type":"ImageObject","inLanguage":"es","@id":"https:\/\/www.luzeco.com\/blog\/#\/schema\/person\/image\/","url":"https:\/\/secure.gravatar.com\/avatar\/50258ce9bf6774e06410b8db81d34f8a?s=96&d=mm&r=g","contentUrl":"https:\/\/secure.gravatar.com\/avatar\/50258ce9bf6774e06410b8db81d34f8a?s=96&d=mm&r=g","caption":"luzeco"},"sameAs":["https:\/\/www.luzeco.com\/blog"],"url":"https:\/\/www.luzeco.com\/blog\/author\/luzeco\/"}]}},"_links":{"self":[{"href":"https:\/\/www.luzeco.com\/blog\/wp-json\/wp\/v2\/posts\/34"}],"collection":[{"href":"https:\/\/www.luzeco.com\/blog\/wp-json\/wp\/v2\/posts"}],"about":[{"href":"https:\/\/www.luzeco.com\/blog\/wp-json\/wp\/v2\/types\/post"}],"author":[{"embeddable":true,"href":"https:\/\/www.luzeco.com\/blog\/wp-json\/wp\/v2\/users\/1"}],"replies":[{"embeddable":true,"href":"https:\/\/www.luzeco.com\/blog\/wp-json\/wp\/v2\/comments?post=34"}],"version-history":[{"count":26,"href":"https:\/\/www.luzeco.com\/blog\/wp-json\/wp\/v2\/posts\/34\/revisions"}],"predecessor-version":[{"id":762,"href":"https:\/\/www.luzeco.com\/blog\/wp-json\/wp\/v2\/posts\/34\/revisions\/762"}],"wp:featuredmedia":[{"embeddable":true,"href":"https:\/\/www.luzeco.com\/blog\/wp-json\/wp\/v2\/media\/443"}],"wp:attachment":[{"href":"https:\/\/www.luzeco.com\/blog\/wp-json\/wp\/v2\/media?parent=34"}],"wp:term":[{"taxonomy":"category","embeddable":true,"href":"https:\/\/www.luzeco.com\/blog\/wp-json\/wp\/v2\/categories?post=34"},{"taxonomy":"post_tag","embeddable":true,"href":"https:\/\/www.luzeco.com\/blog\/wp-json\/wp\/v2\/tags?post=34"}],"curies":[{"name":"wp","href":"https:\/\/api.w.org\/{rel}","templated":true}]}}