{"id":310,"date":"2020-12-07T17:00:00","date_gmt":"2020-12-07T17:00:00","guid":{"rendered":"https:\/\/www.luzeco.com\/blog\/?p=310"},"modified":"2022-02-09T15:35:03","modified_gmt":"2022-02-09T15:35:03","slug":"cuanta-luz-necesita-mi-habitacion","status":"publish","type":"post","link":"https:\/\/www.luzeco.com\/blog\/cuanta-luz-necesita-mi-habitacion\/","title":{"rendered":"\u00bfCu\u00e1nta luz necesita mi habitaci\u00f3n?"},"content":{"rendered":"\n<p>Calcular la luz que necesitan las estancias de nuestro hogar es muy sencillo. Podemos obtener el resultado con una simple multiplicaci\u00f3n. Pero antes de continuar, tienes que saber que los datos son orientativos y que por tus preferencias personales puedes preferir m\u00e1s o menos luz de la que se recomienda. Una vez dicho esto, vamos con la f\u00f3rmula para calcular la luz que necesita tu habitaci\u00f3n:<\/p>\n\n\n\n<pre class=\"wp-block-verse has-text-align-center\">L\u00famenes = Luxes x Metro cuadrado<\/pre>\n\n\n\n<p>Los luxes son un dato est\u00e1ndar que se ha establecido para cada estancia, es decir, es un dato que te damos nosotros (podr\u00e1s verlo en la tabla que te mostramos m\u00e1s adelante). Los metros cuadrados deber\u00e1s obtenerlos de tu estancia y los l\u00famenes son un el dato que deber\u00e1s buscar en tus bombillas.<\/p>\n\n\n\n<p>No te preocupes porque esta informaci\u00f3n suele estar a simple vista en el packaging de las bombillas y en nuestra web puedes encontrarlo en la ficha t\u00e9cnica del producto.<\/p>\n\n\n\n<h2>\u00bfCu\u00e1ntos l\u00famenes necesito si quiero poner varios puntos de luz?<\/h2>\n\n\n\n<p>Si quieres distribuir la luz en diferentes puntos de la estancia tendr\u00e1s que dividir los l\u00famenes por el n\u00famero de puntos de luz que quieras poner en tu estancia.<\/p>\n\n\n\n<pre class=\"wp-block-verse has-text-align-center\">L\u00famenes de la bombilla = L\u00famenes de la estancia \/ n\u00famero de puntos de luz<\/pre>\n\n\n\n<div class=\"wp-block-image\"><figure class=\"aligncenter size-large\"><img decoding=\"async\" loading=\"lazy\" width=\"1024\" height=\"559\" src=\"https:\/\/www.luzeco.com\/blog\/wp-content\/uploads\/2020\/03\/iluminacion-hogar-lampara-techo-1024x559.jpg\" alt=\"\" class=\"wp-image-47\" srcset=\"https:\/\/www.luzeco.com\/blog\/wp-content\/uploads\/2020\/03\/iluminacion-hogar-lampara-techo-1024x559.jpg 1024w, https:\/\/www.luzeco.com\/blog\/wp-content\/uploads\/2020\/03\/iluminacion-hogar-lampara-techo-300x164.jpg 300w, https:\/\/www.luzeco.com\/blog\/wp-content\/uploads\/2020\/03\/iluminacion-hogar-lampara-techo-768x419.jpg 768w, https:\/\/www.luzeco.com\/blog\/wp-content\/uploads\/2020\/03\/iluminacion-hogar-lampara-techo.jpg 1100w\" sizes=\"(max-width: 1024px) 100vw, 1024px\" \/><\/figure><\/div>\n\n\n\n<h2>Niveles de iluminaci\u00f3n recomendada para cada estancia<\/h2>\n\n\n\n<p>A continuaci\u00f3n, te mostramos una tabla con los luxes establecidos para cada estancia. \u00a1Recuerda! Estos datos son orientativos.<\/p>\n\n\n\n<div class=\"wp-block-image\"><figure class=\"aligncenter size-large\"><img decoding=\"async\" loading=\"lazy\" width=\"377\" height=\"250\" src=\"https:\/\/www.luzeco.com\/blog\/wp-content\/uploads\/2020\/11\/1-estancia.png\" alt=\"\" class=\"wp-image-326\" srcset=\"https:\/\/www.luzeco.com\/blog\/wp-content\/uploads\/2020\/11\/1-estancia.png 377w, https:\/\/www.luzeco.com\/blog\/wp-content\/uploads\/2020\/11\/1-estancia-300x200.png 300w\" sizes=\"(max-width: 377px) 100vw, 377px\" \/><\/figure><\/div>\n\n\n\n<p>Calcular cuanta luz necesita nuestra habitaci\u00f3n es muy importante, pero no debes dejarte llevar solo por los l\u00famenes. <a href=\"https:\/\/www.luzeco.com\/blog\/consejos-para-iluminar-tu-hogar\/\">Conseguir la iluminaci\u00f3n perfecta en nuestro hogar<\/a> es m\u00e1s complejo de lo que parece y hay que tener en cuenta varios aspectos.<\/p>\n\n\n\n<p>Otros de los aspectos que tienes que tener en cuenta son: el tipo de actividad que realizamos en cada estancia y nuestros gustos personales. Hay personas que se decantan por una luz muy fr\u00eda y otros les encanta la sensaci\u00f3n de calidez que aporta una bombilla de luz amarilla. Por eso es tan importante definir todos estos par\u00e1metros antes de <a href=\"http:\/\/como-elegir-la-mejor-bombilla-led\">elegir la mejor bombilla<\/a> para nuestras l\u00e1mparas.<\/p>\n","protected":false},"excerpt":{"rendered":"<p>Calcular la luz que necesitan las estancias de nuestro hogar es muy sencillo. Podemos obtener el resultado con una simple multiplicaci\u00f3n. Pero antes de continuar, tienes que saber que los datos son orientativos y que por tus preferencias personales puedes preferir m\u00e1s o menos luz de la que se recomienda. Una vez dicho esto, vamos con la f\u00f3rmula para calcular la luz que necesita tu habitaci\u00f3n: L\u00famenes = Luxes x Metro cuadrado Los luxes son un dato est\u00e1ndar que se ha establecido para cada estancia, es decir, es un dato que te damos nosotros (podr\u00e1s verlo en la tabla que te mostramos m\u00e1s adelante). Los metros cuadrados deber\u00e1s obtenerlos de tu estancia y los l\u00famenes son un el dato que deber\u00e1s buscar en tus bombillas. No te preocupes porque esta informaci\u00f3n suele estar a simple [&hellip;]<\/p>\n","protected":false},"author":1,"featured_media":360,"comment_status":"closed","ping_status":"open","sticky":false,"template":"","format":"standard","meta":[],"categories":[5],"tags":[],"yoast_head":"<!-- This site is optimized with the Yoast SEO plugin v19.14 - https:\/\/yoast.com\/wordpress\/plugins\/seo\/ -->\n<title>\u00bfCu\u00e1nta luz necesita mi habitaci\u00f3n? - Blog LUZECO<\/title>\n<meta name=\"robots\" content=\"index, follow, max-snippet:-1, max-image-preview:large, max-video-preview:-1\" \/>\n<link rel=\"canonical\" href=\"https:\/\/www.luzeco.com\/blog\/cuanta-luz-necesita-mi-habitacion\/\" \/>\n<meta property=\"og:locale\" content=\"es_ES\" \/>\n<meta property=\"og:type\" content=\"article\" \/>\n<meta property=\"og:title\" content=\"\u00bfCu\u00e1nta luz necesita mi habitaci\u00f3n? - Blog LUZECO\" \/>\n<meta property=\"og:description\" content=\"Calcular la luz que necesitan las estancias de nuestro hogar es muy sencillo. Podemos obtener el resultado con una simple multiplicaci\u00f3n. Pero antes de continuar, tienes que saber que los datos son orientativos y que por tus preferencias personales puedes preferir m\u00e1s o menos luz de la que se recomienda. Una vez dicho esto, vamos con la f\u00f3rmula para calcular la luz que necesita tu habitaci\u00f3n: L\u00famenes = Luxes x Metro cuadrado Los luxes son un dato est\u00e1ndar que se ha establecido para cada estancia, es decir, es un dato que te damos nosotros (podr\u00e1s verlo en la tabla que te mostramos m\u00e1s adelante). Los metros cuadrados deber\u00e1s obtenerlos de tu estancia y los l\u00famenes son un el dato que deber\u00e1s buscar en tus bombillas. No te preocupes porque esta informaci\u00f3n suele estar a simple [&hellip;]\" \/>\n<meta property=\"og:url\" content=\"https:\/\/www.luzeco.com\/blog\/cuanta-luz-necesita-mi-habitacion\/\" \/>\n<meta property=\"og:site_name\" content=\"Blog LUZECO\" \/>\n<meta property=\"article:published_time\" content=\"2020-12-07T17:00:00+00:00\" \/>\n<meta property=\"article:modified_time\" content=\"2022-02-09T15:35:03+00:00\" \/>\n<meta property=\"og:image\" content=\"https:\/\/www.luzeco.com\/blog\/wp-content\/uploads\/2020\/11\/luz-necesito-estancia.jpg\" \/>\n\t<meta property=\"og:image:width\" content=\"1100\" \/>\n\t<meta property=\"og:image:height\" content=\"600\" \/>\n\t<meta property=\"og:image:type\" content=\"image\/jpeg\" \/>\n<meta name=\"author\" content=\"luzeco\" \/>\n<meta name=\"twitter:card\" content=\"summary_large_image\" \/>\n<meta name=\"twitter:label1\" content=\"Escrito por\" \/>\n\t<meta name=\"twitter:data1\" content=\"luzeco\" \/>\n\t<meta name=\"twitter:label2\" content=\"Tiempo de lectura\" \/>\n\t<meta name=\"twitter:data2\" content=\"2 minutos\" \/>\n<script type=\"application\/ld+json\" class=\"yoast-schema-graph\">{\"@context\":\"https:\/\/schema.org\",\"@graph\":[{\"@type\":\"Article\",\"@id\":\"https:\/\/www.luzeco.com\/blog\/cuanta-luz-necesita-mi-habitacion\/#article\",\"isPartOf\":{\"@id\":\"https:\/\/www.luzeco.com\/blog\/cuanta-luz-necesita-mi-habitacion\/\"},\"author\":{\"name\":\"luzeco\",\"@id\":\"https:\/\/www.luzeco.com\/blog\/#\/schema\/person\/1fcf316166a5c59805f56fcacd66f42a\"},\"headline\":\"\u00bfCu\u00e1nta luz necesita mi habitaci\u00f3n?\",\"datePublished\":\"2020-12-07T17:00:00+00:00\",\"dateModified\":\"2022-02-09T15:35:03+00:00\",\"mainEntityOfPage\":{\"@id\":\"https:\/\/www.luzeco.com\/blog\/cuanta-luz-necesita-mi-habitacion\/\"},\"wordCount\":353,\"publisher\":{\"@id\":\"https:\/\/www.luzeco.com\/blog\/#organization\"},\"articleSection\":[\"Consejos\"],\"inLanguage\":\"es\"},{\"@type\":\"WebPage\",\"@id\":\"https:\/\/www.luzeco.com\/blog\/cuanta-luz-necesita-mi-habitacion\/\",\"url\":\"https:\/\/www.luzeco.com\/blog\/cuanta-luz-necesita-mi-habitacion\/\",\"name\":\"\u00bfCu\u00e1nta luz necesita mi habitaci\u00f3n? - Blog LUZECO\",\"isPartOf\":{\"@id\":\"https:\/\/www.luzeco.com\/blog\/#website\"},\"datePublished\":\"2020-12-07T17:00:00+00:00\",\"dateModified\":\"2022-02-09T15:35:03+00:00\",\"breadcrumb\":{\"@id\":\"https:\/\/www.luzeco.com\/blog\/cuanta-luz-necesita-mi-habitacion\/#breadcrumb\"},\"inLanguage\":\"es\",\"potentialAction\":[{\"@type\":\"ReadAction\",\"target\":[\"https:\/\/www.luzeco.com\/blog\/cuanta-luz-necesita-mi-habitacion\/\"]}]},{\"@type\":\"BreadcrumbList\",\"@id\":\"https:\/\/www.luzeco.com\/blog\/cuanta-luz-necesita-mi-habitacion\/#breadcrumb\",\"itemListElement\":[{\"@type\":\"ListItem\",\"position\":1,\"name\":\"Home\",\"item\":\"https:\/\/www.luzeco.com\/blog\/\"},{\"@type\":\"ListItem\",\"position\":2,\"name\":\"\u00bfCu\u00e1nta luz necesita mi habitaci\u00f3n?\"}]},{\"@type\":\"WebSite\",\"@id\":\"https:\/\/www.luzeco.com\/blog\/#website\",\"url\":\"https:\/\/www.luzeco.com\/blog\/\",\"name\":\"Blog LUZECO\",\"description\":\"L\u00edder en iluminaci\u00f3n y decoraci\u00f3n\",\"publisher\":{\"@id\":\"https:\/\/www.luzeco.com\/blog\/#organization\"},\"potentialAction\":[{\"@type\":\"SearchAction\",\"target\":{\"@type\":\"EntryPoint\",\"urlTemplate\":\"https:\/\/www.luzeco.com\/blog\/?s={search_term_string}\"},\"query-input\":\"required name=search_term_string\"}],\"inLanguage\":\"es\"},{\"@type\":\"Organization\",\"@id\":\"https:\/\/www.luzeco.com\/blog\/#organization\",\"name\":\"LUZECO LIGHTING\",\"url\":\"https:\/\/www.luzeco.com\/blog\/\",\"logo\":{\"@type\":\"ImageObject\",\"inLanguage\":\"es\",\"@id\":\"https:\/\/www.luzeco.com\/blog\/#\/schema\/logo\/image\/\",\"url\":\"https:\/\/www.luzeco.com\/blog\/wp-content\/uploads\/2020\/09\/cropped-luzeco-icono.png\",\"contentUrl\":\"https:\/\/www.luzeco.com\/blog\/wp-content\/uploads\/2020\/09\/cropped-luzeco-icono.png\",\"width\":512,\"height\":512,\"caption\":\"LUZECO LIGHTING\"},\"image\":{\"@id\":\"https:\/\/www.luzeco.com\/blog\/#\/schema\/logo\/image\/\"}},{\"@type\":\"Person\",\"@id\":\"https:\/\/www.luzeco.com\/blog\/#\/schema\/person\/1fcf316166a5c59805f56fcacd66f42a\",\"name\":\"luzeco\",\"image\":{\"@type\":\"ImageObject\",\"inLanguage\":\"es\",\"@id\":\"https:\/\/www.luzeco.com\/blog\/#\/schema\/person\/image\/\",\"url\":\"https:\/\/secure.gravatar.com\/avatar\/50258ce9bf6774e06410b8db81d34f8a?s=96&d=mm&r=g\",\"contentUrl\":\"https:\/\/secure.gravatar.com\/avatar\/50258ce9bf6774e06410b8db81d34f8a?s=96&d=mm&r=g\",\"caption\":\"luzeco\"},\"sameAs\":[\"https:\/\/www.luzeco.com\/blog\"],\"url\":\"https:\/\/www.luzeco.com\/blog\/author\/luzeco\/\"}]}<\/script>\n<!-- \/ Yoast SEO plugin. -->","yoast_head_json":{"title":"\u00bfCu\u00e1nta luz necesita mi habitaci\u00f3n? - Blog LUZECO","robots":{"index":"index","follow":"follow","max-snippet":"max-snippet:-1","max-image-preview":"max-image-preview:large","max-video-preview":"max-video-preview:-1"},"canonical":"https:\/\/www.luzeco.com\/blog\/cuanta-luz-necesita-mi-habitacion\/","og_locale":"es_ES","og_type":"article","og_title":"\u00bfCu\u00e1nta luz necesita mi habitaci\u00f3n? - Blog LUZECO","og_description":"Calcular la luz que necesitan las estancias de nuestro hogar es muy sencillo. Podemos obtener el resultado con una simple multiplicaci\u00f3n. Pero antes de continuar, tienes que saber que los datos son orientativos y que por tus preferencias personales puedes preferir m\u00e1s o menos luz de la que se recomienda. Una vez dicho esto, vamos con la f\u00f3rmula para calcular la luz que necesita tu habitaci\u00f3n: L\u00famenes = Luxes x Metro cuadrado Los luxes son un dato est\u00e1ndar que se ha establecido para cada estancia, es decir, es un dato que te damos nosotros (podr\u00e1s verlo en la tabla que te mostramos m\u00e1s adelante). Los metros cuadrados deber\u00e1s obtenerlos de tu estancia y los l\u00famenes son un el dato que deber\u00e1s buscar en tus bombillas. No te preocupes porque esta informaci\u00f3n suele estar a simple [&hellip;]","og_url":"https:\/\/www.luzeco.com\/blog\/cuanta-luz-necesita-mi-habitacion\/","og_site_name":"Blog LUZECO","article_published_time":"2020-12-07T17:00:00+00:00","article_modified_time":"2022-02-09T15:35:03+00:00","og_image":[{"width":1100,"height":600,"url":"https:\/\/www.luzeco.com\/blog\/wp-content\/uploads\/2020\/11\/luz-necesito-estancia.jpg","type":"image\/jpeg"}],"author":"luzeco","twitter_card":"summary_large_image","twitter_misc":{"Escrito por":"luzeco","Tiempo de lectura":"2 minutos"},"schema":{"@context":"https:\/\/schema.org","@graph":[{"@type":"Article","@id":"https:\/\/www.luzeco.com\/blog\/cuanta-luz-necesita-mi-habitacion\/#article","isPartOf":{"@id":"https:\/\/www.luzeco.com\/blog\/cuanta-luz-necesita-mi-habitacion\/"},"author":{"name":"luzeco","@id":"https:\/\/www.luzeco.com\/blog\/#\/schema\/person\/1fcf316166a5c59805f56fcacd66f42a"},"headline":"\u00bfCu\u00e1nta luz necesita mi habitaci\u00f3n?","datePublished":"2020-12-07T17:00:00+00:00","dateModified":"2022-02-09T15:35:03+00:00","mainEntityOfPage":{"@id":"https:\/\/www.luzeco.com\/blog\/cuanta-luz-necesita-mi-habitacion\/"},"wordCount":353,"publisher":{"@id":"https:\/\/www.luzeco.com\/blog\/#organization"},"articleSection":["Consejos"],"inLanguage":"es"},{"@type":"WebPage","@id":"https:\/\/www.luzeco.com\/blog\/cuanta-luz-necesita-mi-habitacion\/","url":"https:\/\/www.luzeco.com\/blog\/cuanta-luz-necesita-mi-habitacion\/","name":"\u00bfCu\u00e1nta luz necesita mi habitaci\u00f3n? - Blog LUZECO","isPartOf":{"@id":"https:\/\/www.luzeco.com\/blog\/#website"},"datePublished":"2020-12-07T17:00:00+00:00","dateModified":"2022-02-09T15:35:03+00:00","breadcrumb":{"@id":"https:\/\/www.luzeco.com\/blog\/cuanta-luz-necesita-mi-habitacion\/#breadcrumb"},"inLanguage":"es","potentialAction":[{"@type":"ReadAction","target":["https:\/\/www.luzeco.com\/blog\/cuanta-luz-necesita-mi-habitacion\/"]}]},{"@type":"BreadcrumbList","@id":"https:\/\/www.luzeco.com\/blog\/cuanta-luz-necesita-mi-habitacion\/#breadcrumb","itemListElement":[{"@type":"ListItem","position":1,"name":"Home","item":"https:\/\/www.luzeco.com\/blog\/"},{"@type":"ListItem","position":2,"name":"\u00bfCu\u00e1nta luz necesita mi habitaci\u00f3n?"}]},{"@type":"WebSite","@id":"https:\/\/www.luzeco.com\/blog\/#website","url":"https:\/\/www.luzeco.com\/blog\/","name":"Blog LUZECO","description":"L\u00edder en iluminaci\u00f3n y decoraci\u00f3n","publisher":{"@id":"https:\/\/www.luzeco.com\/blog\/#organization"},"potentialAction":[{"@type":"SearchAction","target":{"@type":"EntryPoint","urlTemplate":"https:\/\/www.luzeco.com\/blog\/?s={search_term_string}"},"query-input":"required name=search_term_string"}],"inLanguage":"es"},{"@type":"Organization","@id":"https:\/\/www.luzeco.com\/blog\/#organization","name":"LUZECO LIGHTING","url":"https:\/\/www.luzeco.com\/blog\/","logo":{"@type":"ImageObject","inLanguage":"es","@id":"https:\/\/www.luzeco.com\/blog\/#\/schema\/logo\/image\/","url":"https:\/\/www.luzeco.com\/blog\/wp-content\/uploads\/2020\/09\/cropped-luzeco-icono.png","contentUrl":"https:\/\/www.luzeco.com\/blog\/wp-content\/uploads\/2020\/09\/cropped-luzeco-icono.png","width":512,"height":512,"caption":"LUZECO LIGHTING"},"image":{"@id":"https:\/\/www.luzeco.com\/blog\/#\/schema\/logo\/image\/"}},{"@type":"Person","@id":"https:\/\/www.luzeco.com\/blog\/#\/schema\/person\/1fcf316166a5c59805f56fcacd66f42a","name":"luzeco","image":{"@type":"ImageObject","inLanguage":"es","@id":"https:\/\/www.luzeco.com\/blog\/#\/schema\/person\/image\/","url":"https:\/\/secure.gravatar.com\/avatar\/50258ce9bf6774e06410b8db81d34f8a?s=96&d=mm&r=g","contentUrl":"https:\/\/secure.gravatar.com\/avatar\/50258ce9bf6774e06410b8db81d34f8a?s=96&d=mm&r=g","caption":"luzeco"},"sameAs":["https:\/\/www.luzeco.com\/blog"],"url":"https:\/\/www.luzeco.com\/blog\/author\/luzeco\/"}]}},"_links":{"self":[{"href":"https:\/\/www.luzeco.com\/blog\/wp-json\/wp\/v2\/posts\/310"}],"collection":[{"href":"https:\/\/www.luzeco.com\/blog\/wp-json\/wp\/v2\/posts"}],"about":[{"href":"https:\/\/www.luzeco.com\/blog\/wp-json\/wp\/v2\/types\/post"}],"author":[{"embeddable":true,"href":"https:\/\/www.luzeco.com\/blog\/wp-json\/wp\/v2\/users\/1"}],"replies":[{"embeddable":true,"href":"https:\/\/www.luzeco.com\/blog\/wp-json\/wp\/v2\/comments?post=310"}],"version-history":[{"count":23,"href":"https:\/\/www.luzeco.com\/blog\/wp-json\/wp\/v2\/posts\/310\/revisions"}],"predecessor-version":[{"id":444,"href":"https:\/\/www.luzeco.com\/blog\/wp-json\/wp\/v2\/posts\/310\/revisions\/444"}],"wp:featuredmedia":[{"embeddable":true,"href":"https:\/\/www.luzeco.com\/blog\/wp-json\/wp\/v2\/media\/360"}],"wp:attachment":[{"href":"https:\/\/www.luzeco.com\/blog\/wp-json\/wp\/v2\/media?parent=310"}],"wp:term":[{"taxonomy":"category","embeddable":true,"href":"https:\/\/www.luzeco.com\/blog\/wp-json\/wp\/v2\/categories?post=310"},{"taxonomy":"post_tag","embeddable":true,"href":"https:\/\/www.luzeco.com\/blog\/wp-json\/wp\/v2\/tags?post=310"}],"curies":[{"name":"wp","href":"https:\/\/api.w.org\/{rel}","templated":true}]}}