{"id":246,"date":"2020-05-04T17:00:00","date_gmt":"2020-05-04T17:00:00","guid":{"rendered":"https:\/\/www.luzeco.com\/blog\/?p=246"},"modified":"2022-02-09T15:48:11","modified_gmt":"2022-02-09T15:48:11","slug":"ventajas-ventilador-la-clave-del-exito-del-verano","status":"publish","type":"post","link":"https:\/\/www.luzeco.com\/blog\/ventajas-ventilador-la-clave-del-exito-del-verano\/","title":{"rendered":"\u00a1Olv\u00eddate del calor! El ventilador es la soluci\u00f3n"},"content":{"rendered":"\n<p>Qu\u00e9 ser\u00eda del verano sin sol y de las personas sin un buen ventilador. Y es que las ventajas del ventilador son numerosas. A d\u00eda de hoy, nadie concibe estar en casa en pleno periodo estival sin los productos estrella del verano: ventiladores, aires acondicionados, piscinas, duchas de jard\u00edn\u2026 Especialmente en el sur o zonas del interior del pa\u00eds.<\/p>\n\n\n\n<p>Con la situaci\u00f3n que recientemente se ha vivido a escala mundial y el hecho de haber estado tanto tiempo en casa, muchos se han dado cuenta de esas peque\u00f1as inversiones que hay que hacer dentro del hogar y, en concreto, de cara a los meses m\u00e1s calurosos del a\u00f1o.<\/p>\n\n\n\n<p>Y es que, actualmente y en cierto modo, m\u00e1s vale prevenir que curar. Es el momento de hacer esa compra que siempre se ha tenido en mente. Es hora de poner fin a las sensaciones de bochorno de los domingos sin aire fresco que devuelva la energ\u00eda.<\/p>\n\n\n\n<div class=\"wp-block-image\"><figure class=\"aligncenter size-large\"><img decoding=\"async\" loading=\"lazy\" width=\"700\" height=\"700\" src=\"https:\/\/www.luzeco.com\/blog\/wp-content\/uploads\/2020\/07\/35029_120_00_V02.jpg\" alt=\"ventajas ventiladores\" class=\"wp-image-292\" srcset=\"https:\/\/www.luzeco.com\/blog\/wp-content\/uploads\/2020\/07\/35029_120_00_V02.jpg 700w, https:\/\/www.luzeco.com\/blog\/wp-content\/uploads\/2020\/07\/35029_120_00_V02-300x300.jpg 300w, https:\/\/www.luzeco.com\/blog\/wp-content\/uploads\/2020\/07\/35029_120_00_V02-150x150.jpg 150w, https:\/\/www.luzeco.com\/blog\/wp-content\/uploads\/2020\/07\/35029_120_00_V02-80x80.jpg 80w\" sizes=\"(max-width: 700px) 100vw, 700px\" \/><\/figure><\/div>\n\n\n\n<p>Desafortunadamente y en adici\u00f3n a lo anterior, a medida que pasa el tiempo aumenta la temperatura media del planeta. Esto provoca que las olas de calor afecten en mayor medida a zonas que nunca antes se hab\u00eda llegado a imaginar.<\/p>\n\n\n\n<p>Es por ello que LUZECO Lighting ofrece un amplio abanico de los <a href=\"https:\/\/www.luzeco.com\/es\/77-ventiladores\">mejores ventiladores del mercado a precios inigualables<\/a>. Se pueden encontrar ventiladores de techo o de suelo e, incluso, de pie; tambi\u00e9n los hay con mayor n\u00famero de aspas o menor; de unos colores u otros; de unos materiales m\u00e1s cl\u00e1sicos y hasta de efecto cemento; y, c\u00f3mo no, con luz o sin luz. \u00a1Todo para que encaje lo mejor posible con tus estancias y con tu bolsillo!<\/p>\n\n\n\n<figure class=\"wp-block-image size-large\"><a href=\"https:\/\/www.luzeco.com\/es\/content\/33-descuentos-lamparas-iluminacion-eglo\"><img decoding=\"async\" loading=\"lazy\" width=\"1024\" height=\"244\" src=\"https:\/\/www.luzeco.com\/blog\/wp-content\/uploads\/2020\/05\/promociones-iluminacion-1024x244.jpg\" alt=\"promociones iluminaci\u00f3n\" class=\"wp-image-424\" srcset=\"https:\/\/www.luzeco.com\/blog\/wp-content\/uploads\/2020\/05\/promociones-iluminacion-1024x244.jpg 1024w, https:\/\/www.luzeco.com\/blog\/wp-content\/uploads\/2020\/05\/promociones-iluminacion-300x72.jpg 300w, https:\/\/www.luzeco.com\/blog\/wp-content\/uploads\/2020\/05\/promociones-iluminacion-768x183.jpg 768w, https:\/\/www.luzeco.com\/blog\/wp-content\/uploads\/2020\/05\/promociones-iluminacion-1140x272.jpg 1140w, https:\/\/www.luzeco.com\/blog\/wp-content\/uploads\/2020\/05\/promociones-iluminacion.jpg 1200w\" sizes=\"(max-width: 1024px) 100vw, 1024px\" \/><\/a><\/figure>\n\n\n\n<h2>Ventajas de los ventiladores<\/h2>\n\n\n\n<p>Dependiendo del estilo del hogar, de los colores y de la temperatura de la luz que se quiera transmitir, se pueden encontrar unos modelos u otros. Las ventajas de los ventiladores son numerosas, pero las principales son:<\/p>\n\n\n\n<ul><li><strong>Consumen menos:<\/strong> los ventiladores de techo, suelo o pie consumen menos energ\u00eda que los aires acondicionados o calefacciones. En este aspecto tambi\u00e9n, se diferencian porque no necesitan productos refrigerantes para un resultado \u00f3ptimo.<\/li><li><strong>Mejores para la salud:<\/strong> no generan aire reseco que puede molestar en los ojos y la garganta. Sobre todo, para los peque\u00f1os de la casa, produciendo un aire limpio y libre del C02 que se genera exhalando.<\/li><li><strong>Dise\u00f1os m\u00e1s est\u00e9ticos: <\/strong>Adem\u00e1s de su f\u00e1cil instalaci\u00f3n, cuentan con una caracter\u00edstica decorativa prominente en los modelos que son \u00faltima tendencia. <\/li><li><strong>M\u00e1s funcionales: <\/strong>producen menos ruidos y son anti insectos, debido a las corrientes de aire que dificultan su vuelo.<\/li><\/ul>\n\n\n\n<figure class=\"wp-block-image size-large\"><img decoding=\"async\" loading=\"lazy\" width=\"700\" height=\"700\" src=\"https:\/\/www.luzeco.com\/blog\/wp-content\/uploads\/2020\/07\/35004_120_00_V01.jpg\" alt=\"\" class=\"wp-image-293\" srcset=\"https:\/\/www.luzeco.com\/blog\/wp-content\/uploads\/2020\/07\/35004_120_00_V01.jpg 700w, https:\/\/www.luzeco.com\/blog\/wp-content\/uploads\/2020\/07\/35004_120_00_V01-300x300.jpg 300w, https:\/\/www.luzeco.com\/blog\/wp-content\/uploads\/2020\/07\/35004_120_00_V01-150x150.jpg 150w, https:\/\/www.luzeco.com\/blog\/wp-content\/uploads\/2020\/07\/35004_120_00_V01-80x80.jpg 80w\" sizes=\"(max-width: 700px) 100vw, 700px\" \/><\/figure>\n","protected":false},"excerpt":{"rendered":"<p>Qu\u00e9 ser\u00eda del verano sin sol y de las personas sin un buen ventilador. Y es que las ventajas del ventilador son numerosas. A d\u00eda de hoy, nadie concibe estar en casa en pleno periodo estival sin los productos estrella del verano: ventiladores, aires acondicionados, piscinas, duchas de jard\u00edn\u2026 Especialmente en el sur o zonas del interior del pa\u00eds. Con la situaci\u00f3n que recientemente se ha vivido a escala mundial y el hecho de haber estado tanto tiempo en casa, muchos se han dado cuenta de esas peque\u00f1as inversiones que hay que hacer dentro del hogar y, en concreto, de cara a los meses m\u00e1s calurosos del a\u00f1o. Y es que, actualmente y en cierto modo, m\u00e1s vale prevenir que curar. Es el momento de hacer esa compra que siempre se ha tenido en mente. [&hellip;]<\/p>\n","protected":false},"author":1,"featured_media":291,"comment_status":"closed","ping_status":"open","sticky":false,"template":"","format":"standard","meta":[],"categories":[5],"tags":[],"yoast_head":"<!-- This site is optimized with the Yoast SEO plugin v19.14 - https:\/\/yoast.com\/wordpress\/plugins\/seo\/ -->\n<title>Ventajas de los ventiladores convencionales - Blog LUZECO<\/title>\n<meta name=\"description\" content=\"Te mostramos las ventajas del ventilador frente a los aires acondicionados.. La clave del \u00e9xito para no morir de calor en verano.\" \/>\n<meta name=\"robots\" content=\"index, follow, max-snippet:-1, max-image-preview:large, max-video-preview:-1\" \/>\n<link rel=\"canonical\" href=\"https:\/\/www.luzeco.com\/blog\/ventajas-ventilador-la-clave-del-exito-del-verano\/\" \/>\n<meta property=\"og:locale\" content=\"es_ES\" \/>\n<meta property=\"og:type\" content=\"article\" \/>\n<meta property=\"og:title\" content=\"Ventajas de los ventiladores convencionales - Blog LUZECO\" \/>\n<meta property=\"og:description\" content=\"Te mostramos las ventajas del ventilador frente a los aires acondicionados.. La clave del \u00e9xito para no morir de calor en verano.\" \/>\n<meta property=\"og:url\" content=\"https:\/\/www.luzeco.com\/blog\/ventajas-ventilador-la-clave-del-exito-del-verano\/\" \/>\n<meta property=\"og:site_name\" content=\"Blog LUZECO\" \/>\n<meta property=\"article:published_time\" content=\"2020-05-04T17:00:00+00:00\" \/>\n<meta property=\"article:modified_time\" content=\"2022-02-09T15:48:11+00:00\" \/>\n<meta property=\"og:image\" content=\"https:\/\/www.luzeco.com\/blog\/wp-content\/uploads\/2020\/07\/ventiladores-luzeco.jpg\" \/>\n\t<meta property=\"og:image:width\" content=\"1100\" \/>\n\t<meta property=\"og:image:height\" content=\"600\" \/>\n\t<meta property=\"og:image:type\" content=\"image\/jpeg\" \/>\n<meta name=\"author\" content=\"luzeco\" \/>\n<meta name=\"twitter:card\" content=\"summary_large_image\" \/>\n<meta name=\"twitter:label1\" content=\"Escrito por\" \/>\n\t<meta name=\"twitter:data1\" content=\"luzeco\" \/>\n\t<meta name=\"twitter:label2\" content=\"Tiempo de lectura\" \/>\n\t<meta name=\"twitter:data2\" content=\"3 minutos\" \/>\n<script type=\"application\/ld+json\" class=\"yoast-schema-graph\">{\"@context\":\"https:\/\/schema.org\",\"@graph\":[{\"@type\":\"Article\",\"@id\":\"https:\/\/www.luzeco.com\/blog\/ventajas-ventilador-la-clave-del-exito-del-verano\/#article\",\"isPartOf\":{\"@id\":\"https:\/\/www.luzeco.com\/blog\/ventajas-ventilador-la-clave-del-exito-del-verano\/\"},\"author\":{\"name\":\"luzeco\",\"@id\":\"https:\/\/www.luzeco.com\/blog\/#\/schema\/person\/1fcf316166a5c59805f56fcacd66f42a\"},\"headline\":\"\u00a1Olv\u00eddate del calor! El ventilador es la soluci\u00f3n\",\"datePublished\":\"2020-05-04T17:00:00+00:00\",\"dateModified\":\"2022-02-09T15:48:11+00:00\",\"mainEntityOfPage\":{\"@id\":\"https:\/\/www.luzeco.com\/blog\/ventajas-ventilador-la-clave-del-exito-del-verano\/\"},\"wordCount\":463,\"publisher\":{\"@id\":\"https:\/\/www.luzeco.com\/blog\/#organization\"},\"articleSection\":[\"Consejos\"],\"inLanguage\":\"es\"},{\"@type\":\"WebPage\",\"@id\":\"https:\/\/www.luzeco.com\/blog\/ventajas-ventilador-la-clave-del-exito-del-verano\/\",\"url\":\"https:\/\/www.luzeco.com\/blog\/ventajas-ventilador-la-clave-del-exito-del-verano\/\",\"name\":\"Ventajas de los ventiladores convencionales - Blog LUZECO\",\"isPartOf\":{\"@id\":\"https:\/\/www.luzeco.com\/blog\/#website\"},\"datePublished\":\"2020-05-04T17:00:00+00:00\",\"dateModified\":\"2022-02-09T15:48:11+00:00\",\"description\":\"Te mostramos las ventajas del ventilador frente a los aires acondicionados.. La clave del \u00e9xito para no morir de calor en verano.\",\"breadcrumb\":{\"@id\":\"https:\/\/www.luzeco.com\/blog\/ventajas-ventilador-la-clave-del-exito-del-verano\/#breadcrumb\"},\"inLanguage\":\"es\",\"potentialAction\":[{\"@type\":\"ReadAction\",\"target\":[\"https:\/\/www.luzeco.com\/blog\/ventajas-ventilador-la-clave-del-exito-del-verano\/\"]}]},{\"@type\":\"BreadcrumbList\",\"@id\":\"https:\/\/www.luzeco.com\/blog\/ventajas-ventilador-la-clave-del-exito-del-verano\/#breadcrumb\",\"itemListElement\":[{\"@type\":\"ListItem\",\"position\":1,\"name\":\"Home\",\"item\":\"https:\/\/www.luzeco.com\/blog\/\"},{\"@type\":\"ListItem\",\"position\":2,\"name\":\"\u00a1Olv\u00eddate del calor! El ventilador es la soluci\u00f3n\"}]},{\"@type\":\"WebSite\",\"@id\":\"https:\/\/www.luzeco.com\/blog\/#website\",\"url\":\"https:\/\/www.luzeco.com\/blog\/\",\"name\":\"Blog LUZECO\",\"description\":\"L\u00edder en iluminaci\u00f3n y decoraci\u00f3n\",\"publisher\":{\"@id\":\"https:\/\/www.luzeco.com\/blog\/#organization\"},\"potentialAction\":[{\"@type\":\"SearchAction\",\"target\":{\"@type\":\"EntryPoint\",\"urlTemplate\":\"https:\/\/www.luzeco.com\/blog\/?s={search_term_string}\"},\"query-input\":\"required name=search_term_string\"}],\"inLanguage\":\"es\"},{\"@type\":\"Organization\",\"@id\":\"https:\/\/www.luzeco.com\/blog\/#organization\",\"name\":\"LUZECO LIGHTING\",\"url\":\"https:\/\/www.luzeco.com\/blog\/\",\"logo\":{\"@type\":\"ImageObject\",\"inLanguage\":\"es\",\"@id\":\"https:\/\/www.luzeco.com\/blog\/#\/schema\/logo\/image\/\",\"url\":\"https:\/\/www.luzeco.com\/blog\/wp-content\/uploads\/2020\/09\/cropped-luzeco-icono.png\",\"contentUrl\":\"https:\/\/www.luzeco.com\/blog\/wp-content\/uploads\/2020\/09\/cropped-luzeco-icono.png\",\"width\":512,\"height\":512,\"caption\":\"LUZECO LIGHTING\"},\"image\":{\"@id\":\"https:\/\/www.luzeco.com\/blog\/#\/schema\/logo\/image\/\"}},{\"@type\":\"Person\",\"@id\":\"https:\/\/www.luzeco.com\/blog\/#\/schema\/person\/1fcf316166a5c59805f56fcacd66f42a\",\"name\":\"luzeco\",\"image\":{\"@type\":\"ImageObject\",\"inLanguage\":\"es\",\"@id\":\"https:\/\/www.luzeco.com\/blog\/#\/schema\/person\/image\/\",\"url\":\"https:\/\/secure.gravatar.com\/avatar\/50258ce9bf6774e06410b8db81d34f8a?s=96&d=mm&r=g\",\"contentUrl\":\"https:\/\/secure.gravatar.com\/avatar\/50258ce9bf6774e06410b8db81d34f8a?s=96&d=mm&r=g\",\"caption\":\"luzeco\"},\"sameAs\":[\"https:\/\/www.luzeco.com\/blog\"],\"url\":\"https:\/\/www.luzeco.com\/blog\/author\/luzeco\/\"}]}<\/script>\n<!-- \/ Yoast SEO plugin. -->","yoast_head_json":{"title":"Ventajas de los ventiladores convencionales - Blog LUZECO","description":"Te mostramos las ventajas del ventilador frente a los aires acondicionados.. La clave del \u00e9xito para no morir de calor en verano.","robots":{"index":"index","follow":"follow","max-snippet":"max-snippet:-1","max-image-preview":"max-image-preview:large","max-video-preview":"max-video-preview:-1"},"canonical":"https:\/\/www.luzeco.com\/blog\/ventajas-ventilador-la-clave-del-exito-del-verano\/","og_locale":"es_ES","og_type":"article","og_title":"Ventajas de los ventiladores convencionales - Blog LUZECO","og_description":"Te mostramos las ventajas del ventilador frente a los aires acondicionados.. La clave del \u00e9xito para no morir de calor en verano.","og_url":"https:\/\/www.luzeco.com\/blog\/ventajas-ventilador-la-clave-del-exito-del-verano\/","og_site_name":"Blog LUZECO","article_published_time":"2020-05-04T17:00:00+00:00","article_modified_time":"2022-02-09T15:48:11+00:00","og_image":[{"width":1100,"height":600,"url":"https:\/\/www.luzeco.com\/blog\/wp-content\/uploads\/2020\/07\/ventiladores-luzeco.jpg","type":"image\/jpeg"}],"author":"luzeco","twitter_card":"summary_large_image","twitter_misc":{"Escrito por":"luzeco","Tiempo de lectura":"3 minutos"},"schema":{"@context":"https:\/\/schema.org","@graph":[{"@type":"Article","@id":"https:\/\/www.luzeco.com\/blog\/ventajas-ventilador-la-clave-del-exito-del-verano\/#article","isPartOf":{"@id":"https:\/\/www.luzeco.com\/blog\/ventajas-ventilador-la-clave-del-exito-del-verano\/"},"author":{"name":"luzeco","@id":"https:\/\/www.luzeco.com\/blog\/#\/schema\/person\/1fcf316166a5c59805f56fcacd66f42a"},"headline":"\u00a1Olv\u00eddate del calor! El ventilador es la soluci\u00f3n","datePublished":"2020-05-04T17:00:00+00:00","dateModified":"2022-02-09T15:48:11+00:00","mainEntityOfPage":{"@id":"https:\/\/www.luzeco.com\/blog\/ventajas-ventilador-la-clave-del-exito-del-verano\/"},"wordCount":463,"publisher":{"@id":"https:\/\/www.luzeco.com\/blog\/#organization"},"articleSection":["Consejos"],"inLanguage":"es"},{"@type":"WebPage","@id":"https:\/\/www.luzeco.com\/blog\/ventajas-ventilador-la-clave-del-exito-del-verano\/","url":"https:\/\/www.luzeco.com\/blog\/ventajas-ventilador-la-clave-del-exito-del-verano\/","name":"Ventajas de los ventiladores convencionales - Blog LUZECO","isPartOf":{"@id":"https:\/\/www.luzeco.com\/blog\/#website"},"datePublished":"2020-05-04T17:00:00+00:00","dateModified":"2022-02-09T15:48:11+00:00","description":"Te mostramos las ventajas del ventilador frente a los aires acondicionados.. La clave del \u00e9xito para no morir de calor en verano.","breadcrumb":{"@id":"https:\/\/www.luzeco.com\/blog\/ventajas-ventilador-la-clave-del-exito-del-verano\/#breadcrumb"},"inLanguage":"es","potentialAction":[{"@type":"ReadAction","target":["https:\/\/www.luzeco.com\/blog\/ventajas-ventilador-la-clave-del-exito-del-verano\/"]}]},{"@type":"BreadcrumbList","@id":"https:\/\/www.luzeco.com\/blog\/ventajas-ventilador-la-clave-del-exito-del-verano\/#breadcrumb","itemListElement":[{"@type":"ListItem","position":1,"name":"Home","item":"https:\/\/www.luzeco.com\/blog\/"},{"@type":"ListItem","position":2,"name":"\u00a1Olv\u00eddate del calor! El ventilador es la soluci\u00f3n"}]},{"@type":"WebSite","@id":"https:\/\/www.luzeco.com\/blog\/#website","url":"https:\/\/www.luzeco.com\/blog\/","name":"Blog LUZECO","description":"L\u00edder en iluminaci\u00f3n y decoraci\u00f3n","publisher":{"@id":"https:\/\/www.luzeco.com\/blog\/#organization"},"potentialAction":[{"@type":"SearchAction","target":{"@type":"EntryPoint","urlTemplate":"https:\/\/www.luzeco.com\/blog\/?s={search_term_string}"},"query-input":"required name=search_term_string"}],"inLanguage":"es"},{"@type":"Organization","@id":"https:\/\/www.luzeco.com\/blog\/#organization","name":"LUZECO LIGHTING","url":"https:\/\/www.luzeco.com\/blog\/","logo":{"@type":"ImageObject","inLanguage":"es","@id":"https:\/\/www.luzeco.com\/blog\/#\/schema\/logo\/image\/","url":"https:\/\/www.luzeco.com\/blog\/wp-content\/uploads\/2020\/09\/cropped-luzeco-icono.png","contentUrl":"https:\/\/www.luzeco.com\/blog\/wp-content\/uploads\/2020\/09\/cropped-luzeco-icono.png","width":512,"height":512,"caption":"LUZECO LIGHTING"},"image":{"@id":"https:\/\/www.luzeco.com\/blog\/#\/schema\/logo\/image\/"}},{"@type":"Person","@id":"https:\/\/www.luzeco.com\/blog\/#\/schema\/person\/1fcf316166a5c59805f56fcacd66f42a","name":"luzeco","image":{"@type":"ImageObject","inLanguage":"es","@id":"https:\/\/www.luzeco.com\/blog\/#\/schema\/person\/image\/","url":"https:\/\/secure.gravatar.com\/avatar\/50258ce9bf6774e06410b8db81d34f8a?s=96&d=mm&r=g","contentUrl":"https:\/\/secure.gravatar.com\/avatar\/50258ce9bf6774e06410b8db81d34f8a?s=96&d=mm&r=g","caption":"luzeco"},"sameAs":["https:\/\/www.luzeco.com\/blog"],"url":"https:\/\/www.luzeco.com\/blog\/author\/luzeco\/"}]}},"_links":{"self":[{"href":"https:\/\/www.luzeco.com\/blog\/wp-json\/wp\/v2\/posts\/246"}],"collection":[{"href":"https:\/\/www.luzeco.com\/blog\/wp-json\/wp\/v2\/posts"}],"about":[{"href":"https:\/\/www.luzeco.com\/blog\/wp-json\/wp\/v2\/types\/post"}],"author":[{"embeddable":true,"href":"https:\/\/www.luzeco.com\/blog\/wp-json\/wp\/v2\/users\/1"}],"replies":[{"embeddable":true,"href":"https:\/\/www.luzeco.com\/blog\/wp-json\/wp\/v2\/comments?post=246"}],"version-history":[{"count":12,"href":"https:\/\/www.luzeco.com\/blog\/wp-json\/wp\/v2\/posts\/246\/revisions"}],"predecessor-version":[{"id":836,"href":"https:\/\/www.luzeco.com\/blog\/wp-json\/wp\/v2\/posts\/246\/revisions\/836"}],"wp:featuredmedia":[{"embeddable":true,"href":"https:\/\/www.luzeco.com\/blog\/wp-json\/wp\/v2\/media\/291"}],"wp:attachment":[{"href":"https:\/\/www.luzeco.com\/blog\/wp-json\/wp\/v2\/media?parent=246"}],"wp:term":[{"taxonomy":"category","embeddable":true,"href":"https:\/\/www.luzeco.com\/blog\/wp-json\/wp\/v2\/categories?post=246"},{"taxonomy":"post_tag","embeddable":true,"href":"https:\/\/www.luzeco.com\/blog\/wp-json\/wp\/v2\/tags?post=246"}],"curies":[{"name":"wp","href":"https:\/\/api.w.org\/{rel}","templated":true}]}}