{"id":200,"date":"2020-11-02T17:00:00","date_gmt":"2020-11-02T17:00:00","guid":{"rendered":"https:\/\/www.luzeco.com\/blog\/?p=200"},"modified":"2022-02-09T15:35:03","modified_gmt":"2022-02-09T15:35:03","slug":"la-iluminacion-de-la-casa-rural-de-andres-iniesta","status":"publish","type":"post","link":"https:\/\/www.luzeco.com\/blog\/la-iluminacion-de-la-casa-rural-de-andres-iniesta\/","title":{"rendered":"La iluminaci\u00f3n de la casa rural de Andr\u00e9s Iniesta"},"content":{"rendered":"\n<p>Andr\u00e9s Iniesta tiene una casa rural en Fuentealbilla (Albacete) donde el jugador es due\u00f1o de una bodega que recibe su nombre. Como puedes ver en las im\u00e1genes, la casa es de lo m\u00e1s sencilla y acogedora. Eso nos gusta, ya est\u00e1bamos cansados de encontrarnos con \u00abcasas cat\u00e1logo\u00bb donde parece que no vive nadie y son super fr\u00edas. <\/p>\n\n\n\n<p>Como nos ha gustado tanto, vamos a ayudarte a copiarle el estilo para que puedas iluminar tu casa como el jugador. Lo mejor de todo es que vamos a darte la versi\u00f3n low cost de las l\u00e1mparas que aparecen en su casa.<\/p>\n\n\n\n<div class=\"wp-block-image\"><figure class=\"aligncenter size-large\"><img decoding=\"async\" loading=\"lazy\" width=\"1024\" height=\"559\" src=\"https:\/\/www.luzeco.com\/blog\/wp-content\/uploads\/2020\/09\/iluminacion-casa-rural-iniesta-1024x559.jpg\" alt=\"\" class=\"wp-image-216\" srcset=\"https:\/\/www.luzeco.com\/blog\/wp-content\/uploads\/2020\/09\/iluminacion-casa-rural-iniesta-1024x559.jpg 1024w, https:\/\/www.luzeco.com\/blog\/wp-content\/uploads\/2020\/09\/iluminacion-casa-rural-iniesta-300x164.jpg 300w, https:\/\/www.luzeco.com\/blog\/wp-content\/uploads\/2020\/09\/iluminacion-casa-rural-iniesta-768x419.jpg 768w, https:\/\/www.luzeco.com\/blog\/wp-content\/uploads\/2020\/09\/iluminacion-casa-rural-iniesta.jpg 1100w\" sizes=\"(max-width: 1024px) 100vw, 1024px\" \/><\/figure><\/div>\n\n\n\n<h2>Iluminaci\u00f3n interior de la casa rural<\/h2>\n\n\n\n<p>La iluminaci\u00f3n que m\u00e1s nos ha gustado ha sido la l\u00e1mpara colgante que hay en el sal\u00f3n. La estancia es un espacio abierto que agrupa el sal\u00f3n y la cocina, todo est\u00e1 dise\u00f1ado con un estilo muy r\u00fastico, pero en la iluminaci\u00f3n ha querido apostar por almo m\u00e1s moderno y minimalista.<\/p>\n\n\n\n<p>Una l\u00e1mpara de 6 luces con <a href=\"\/es\/busqueda?controller=search&amp;s=bombillas+vintage\">bombillas estilo Edison<\/a> que le dan toque muy acogedor a la estancia. Adem\u00e1s, Iniesta para compensar ese estilo moderno le ha a\u00f1adida unas ramas de \u00e1rbol para mantener la l\u00ednea r\u00fastica que hay por toda la casa.<\/p>\n\n\n\n<figure class=\"wp-block-image size-large\"><img decoding=\"async\" loading=\"lazy\" width=\"1024\" height=\"559\" src=\"https:\/\/www.luzeco.com\/blog\/wp-content\/uploads\/2020\/09\/iluminacion-salon-casa-iniesta-1024x559.jpg\" alt=\"casas rural Iniesta\" class=\"wp-image-218\" srcset=\"https:\/\/www.luzeco.com\/blog\/wp-content\/uploads\/2020\/09\/iluminacion-salon-casa-iniesta-1024x559.jpg 1024w, https:\/\/www.luzeco.com\/blog\/wp-content\/uploads\/2020\/09\/iluminacion-salon-casa-iniesta-300x164.jpg 300w, https:\/\/www.luzeco.com\/blog\/wp-content\/uploads\/2020\/09\/iluminacion-salon-casa-iniesta-768x419.jpg 768w, https:\/\/www.luzeco.com\/blog\/wp-content\/uploads\/2020\/09\/iluminacion-salon-casa-iniesta.jpg 1100w\" sizes=\"(max-width: 1024px) 100vw, 1024px\" \/><\/figure>\n\n\n\n<p>Si quieres conseguir el mismo estilo que Iniesta en su casa rural te recomendamos la <a href=\"https:\/\/www.luzeco.com\/es\/colgantes\/573-eglo-43195-rampside-lampara-colgante-en-acero-9002759431952.html\">l\u00e1mpara RAMPSIDE de la marca EGLO<\/a>. Al igual que la l\u00e1mpara que tiene el jugador en su sal\u00f3n-cocina, la luminaria cuenta con 6 luces que cuelgan de un pendel sencillo.<\/p>\n\n\n\n<p>El toque rustico lo aportan las bombillas de estilo vintage, que le da un toque retro mucho m\u00e1s acogedor que si utiliz\u00e1semos otro tipo de bombilla.<\/p>\n\n\n\n<p>Si quieres conseguir el efecto rustico que le aportan con las ramas del \u00e1rbol, pero no eres n manitas, tu mejor opci\u00f3n es la colecci\u00f3n TOWNSHEND de EGLO, la luminaria tiene 6 puntos de luz que cuelgan de un tronco de madera. &nbsp;<\/p>\n\n\n\n<h2>Iluminaci\u00f3n exterior de la casa rural de Iniesta<\/h2>\n\n\n\n<p>Para iluminar la terraza el jugador ha optado por dos l\u00e1mparas de pared de estilo cl\u00e1sico en color negro. En Luzeco, tienen el modelo ALBACETE que es muy parecido en cobre y plata.<\/p>\n\n\n\n<p>Cuando busques iluminaci\u00f3n de exterior te recomendamos que est\u00e9s atento al grado de protecci\u00f3n, elige siempre aquellas que tengan un grado de protecci\u00f3n de m\u00ednimo un IP44. Si su IP es inferior no son aptas para el jard\u00edn y tus luminarias no durar\u00e1n todo lo que deber\u00edan.<\/p>\n\n\n\n<div class=\"wp-block-image\"><figure class=\"aligncenter size-large\"><img decoding=\"async\" loading=\"lazy\" width=\"1024\" height=\"559\" src=\"https:\/\/www.luzeco.com\/blog\/wp-content\/uploads\/2020\/09\/ilminacion-porche-casa-iniesta-1024x559.jpg\" alt=\"casas rural Iniesta\" class=\"wp-image-215\" srcset=\"https:\/\/www.luzeco.com\/blog\/wp-content\/uploads\/2020\/09\/ilminacion-porche-casa-iniesta-1024x559.jpg 1024w, https:\/\/www.luzeco.com\/blog\/wp-content\/uploads\/2020\/09\/ilminacion-porche-casa-iniesta-300x164.jpg 300w, https:\/\/www.luzeco.com\/blog\/wp-content\/uploads\/2020\/09\/ilminacion-porche-casa-iniesta-768x419.jpg 768w, https:\/\/www.luzeco.com\/blog\/wp-content\/uploads\/2020\/09\/ilminacion-porche-casa-iniesta.jpg 1100w\" sizes=\"(max-width: 1024px) 100vw, 1024px\" \/><\/figure><\/div>\n\n\n\n<p>La casa rural de Andr\u00e9s tiene un gran terreno y ha decidido iluminarlo con balizas. Las balizas son perfectas para iluminar los senderos de nuestro jard\u00edn y las zonas de paso. Es una forma de iluminar solo las zonas que necesitamos sin tener que gastar mucha luz.<\/p>\n\n\n\n<p>Al igual que el resto de la casa, las balizas que el deportista ha utilizado en el jard\u00edn siguen la l\u00ednea rustica de la casa. Puedes encontrar unas balizas muy similares en la web de Luzeco, en concreto nosotros te recomendamos la baliza PAULLO. &nbsp;<\/p>\n\n\n\n<div class=\"wp-block-image\"><figure class=\"aligncenter size-large\"><img decoding=\"async\" loading=\"lazy\" width=\"1024\" height=\"559\" src=\"https:\/\/www.luzeco.com\/blog\/wp-content\/uploads\/2020\/09\/iluminacion-paseo-casa-rural-iniesta-1024x559.jpg\" alt=\"\" class=\"wp-image-217\" srcset=\"https:\/\/www.luzeco.com\/blog\/wp-content\/uploads\/2020\/09\/iluminacion-paseo-casa-rural-iniesta-1024x559.jpg 1024w, https:\/\/www.luzeco.com\/blog\/wp-content\/uploads\/2020\/09\/iluminacion-paseo-casa-rural-iniesta-300x164.jpg 300w, https:\/\/www.luzeco.com\/blog\/wp-content\/uploads\/2020\/09\/iluminacion-paseo-casa-rural-iniesta-768x419.jpg 768w, https:\/\/www.luzeco.com\/blog\/wp-content\/uploads\/2020\/09\/iluminacion-paseo-casa-rural-iniesta.jpg 1100w\" sizes=\"(max-width: 1024px) 100vw, 1024px\" \/><\/figure><\/div>\n\n\n\n<p>Si la casa te ha gustado tanto como a nosotros, est\u00e1s de suerte porque el jugador la ha puesto en alquiler en Airbnb. Adem\u00e1s, si la alquilas podr\u00e1s visitar la bodega sin pagar un extra. \u00bfQu\u00e9 te parece?<\/p>\n\n\n\n<figure class=\"wp-block-image size-large\"><a href=\"https:\/\/www.luzeco.com\/es\/content\/33-descuentos-lamparas-iluminacion-eglo\"><img decoding=\"async\" loading=\"lazy\" width=\"1024\" height=\"229\" src=\"https:\/\/www.luzeco.com\/blog\/wp-content\/uploads\/2021\/01\/grandes-descuentos-en-iluminacion-1024x229.jpg\" alt=\"\" class=\"wp-image-377\" srcset=\"https:\/\/www.luzeco.com\/blog\/wp-content\/uploads\/2021\/01\/grandes-descuentos-en-iluminacion-1024x229.jpg 1024w, https:\/\/www.luzeco.com\/blog\/wp-content\/uploads\/2021\/01\/grandes-descuentos-en-iluminacion-300x67.jpg 300w, https:\/\/www.luzeco.com\/blog\/wp-content\/uploads\/2021\/01\/grandes-descuentos-en-iluminacion-768x172.jpg 768w, https:\/\/www.luzeco.com\/blog\/wp-content\/uploads\/2021\/01\/grandes-descuentos-en-iluminacion-1140x255.jpg 1140w, https:\/\/www.luzeco.com\/blog\/wp-content\/uploads\/2021\/01\/grandes-descuentos-en-iluminacion.jpg 1200w\" sizes=\"(max-width: 1024px) 100vw, 1024px\" \/><\/a><\/figure>\n","protected":false},"excerpt":{"rendered":"<p>Andr\u00e9s Iniesta tiene una casa rural en Fuentealbilla (Albacete) donde el jugador es due\u00f1o de una bodega que recibe su nombre. Como puedes ver en las im\u00e1genes, la casa es de lo m\u00e1s sencilla y acogedora. Eso nos gusta, ya est\u00e1bamos cansados de encontrarnos con \u00abcasas cat\u00e1logo\u00bb donde parece que no vive nadie y son super fr\u00edas. Como nos ha gustado tanto, vamos a ayudarte a copiarle el estilo para que puedas iluminar tu casa como el jugador. Lo mejor de todo es que vamos a darte la versi\u00f3n low cost de las l\u00e1mparas que aparecen en su casa. Iluminaci\u00f3n interior de la casa rural La iluminaci\u00f3n que m\u00e1s nos ha gustado ha sido la l\u00e1mpara colgante que hay en el sal\u00f3n. La estancia es un espacio abierto que agrupa el sal\u00f3n y la cocina, [&hellip;]<\/p>\n","protected":false},"author":1,"featured_media":201,"comment_status":"closed","ping_status":"open","sticky":false,"template":"","format":"standard","meta":[],"categories":[9],"tags":[],"yoast_head":"<!-- This site is optimized with the Yoast SEO plugin v19.14 - https:\/\/yoast.com\/wordpress\/plugins\/seo\/ -->\n<title>La iluminaci\u00f3n de la casa rural de Andr\u00e9s Iniesta - Blog LUZECO<\/title>\n<meta name=\"description\" content=\"Descubre la iluminaci\u00f3n que utiliza Iniesta en su casa rural en Cuenca. Es ideal para casas rurales y es muy econ\u00f3mica.\" \/>\n<meta name=\"robots\" content=\"index, follow, max-snippet:-1, max-image-preview:large, max-video-preview:-1\" \/>\n<link rel=\"canonical\" href=\"https:\/\/www.luzeco.com\/blog\/la-iluminacion-de-la-casa-rural-de-andres-iniesta\/\" \/>\n<meta property=\"og:locale\" content=\"es_ES\" \/>\n<meta property=\"og:type\" content=\"article\" \/>\n<meta property=\"og:title\" content=\"La iluminaci\u00f3n de la casa rural de Andr\u00e9s Iniesta - Blog LUZECO\" \/>\n<meta property=\"og:description\" content=\"Descubre la iluminaci\u00f3n que utiliza Iniesta en su casa rural en Cuenca. Es ideal para casas rurales y es muy econ\u00f3mica.\" \/>\n<meta property=\"og:url\" content=\"https:\/\/www.luzeco.com\/blog\/la-iluminacion-de-la-casa-rural-de-andres-iniesta\/\" \/>\n<meta property=\"og:site_name\" content=\"Blog LUZECO\" \/>\n<meta property=\"article:published_time\" content=\"2020-11-02T17:00:00+00:00\" \/>\n<meta property=\"article:modified_time\" content=\"2022-02-09T15:35:03+00:00\" \/>\n<meta property=\"og:image\" content=\"https:\/\/www.luzeco.com\/blog\/wp-content\/uploads\/2020\/09\/casa-rural-iniesta-decoracion.jpg\" \/>\n\t<meta property=\"og:image:width\" content=\"1100\" \/>\n\t<meta property=\"og:image:height\" content=\"600\" \/>\n\t<meta property=\"og:image:type\" content=\"image\/jpeg\" \/>\n<meta name=\"author\" content=\"luzeco\" \/>\n<meta name=\"twitter:card\" content=\"summary_large_image\" \/>\n<meta name=\"twitter:label1\" content=\"Escrito por\" \/>\n\t<meta name=\"twitter:data1\" content=\"luzeco\" \/>\n\t<meta name=\"twitter:label2\" content=\"Tiempo de lectura\" \/>\n\t<meta name=\"twitter:data2\" content=\"4 minutos\" \/>\n<script type=\"application\/ld+json\" class=\"yoast-schema-graph\">{\"@context\":\"https:\/\/schema.org\",\"@graph\":[{\"@type\":\"Article\",\"@id\":\"https:\/\/www.luzeco.com\/blog\/la-iluminacion-de-la-casa-rural-de-andres-iniesta\/#article\",\"isPartOf\":{\"@id\":\"https:\/\/www.luzeco.com\/blog\/la-iluminacion-de-la-casa-rural-de-andres-iniesta\/\"},\"author\":{\"name\":\"luzeco\",\"@id\":\"https:\/\/www.luzeco.com\/blog\/#\/schema\/person\/1fcf316166a5c59805f56fcacd66f42a\"},\"headline\":\"La iluminaci\u00f3n de la casa rural de Andr\u00e9s Iniesta\",\"datePublished\":\"2020-11-02T17:00:00+00:00\",\"dateModified\":\"2022-02-09T15:35:03+00:00\",\"mainEntityOfPage\":{\"@id\":\"https:\/\/www.luzeco.com\/blog\/la-iluminacion-de-la-casa-rural-de-andres-iniesta\/\"},\"wordCount\":588,\"publisher\":{\"@id\":\"https:\/\/www.luzeco.com\/blog\/#organization\"},\"articleSection\":[\"Visto en\"],\"inLanguage\":\"es\"},{\"@type\":\"WebPage\",\"@id\":\"https:\/\/www.luzeco.com\/blog\/la-iluminacion-de-la-casa-rural-de-andres-iniesta\/\",\"url\":\"https:\/\/www.luzeco.com\/blog\/la-iluminacion-de-la-casa-rural-de-andres-iniesta\/\",\"name\":\"La iluminaci\u00f3n de la casa rural de Andr\u00e9s Iniesta - Blog LUZECO\",\"isPartOf\":{\"@id\":\"https:\/\/www.luzeco.com\/blog\/#website\"},\"datePublished\":\"2020-11-02T17:00:00+00:00\",\"dateModified\":\"2022-02-09T15:35:03+00:00\",\"description\":\"Descubre la iluminaci\u00f3n que utiliza Iniesta en su casa rural en Cuenca. Es ideal para casas rurales y es muy econ\u00f3mica.\",\"breadcrumb\":{\"@id\":\"https:\/\/www.luzeco.com\/blog\/la-iluminacion-de-la-casa-rural-de-andres-iniesta\/#breadcrumb\"},\"inLanguage\":\"es\",\"potentialAction\":[{\"@type\":\"ReadAction\",\"target\":[\"https:\/\/www.luzeco.com\/blog\/la-iluminacion-de-la-casa-rural-de-andres-iniesta\/\"]}]},{\"@type\":\"BreadcrumbList\",\"@id\":\"https:\/\/www.luzeco.com\/blog\/la-iluminacion-de-la-casa-rural-de-andres-iniesta\/#breadcrumb\",\"itemListElement\":[{\"@type\":\"ListItem\",\"position\":1,\"name\":\"Home\",\"item\":\"https:\/\/www.luzeco.com\/blog\/\"},{\"@type\":\"ListItem\",\"position\":2,\"name\":\"La iluminaci\u00f3n de la casa rural de Andr\u00e9s Iniesta\"}]},{\"@type\":\"WebSite\",\"@id\":\"https:\/\/www.luzeco.com\/blog\/#website\",\"url\":\"https:\/\/www.luzeco.com\/blog\/\",\"name\":\"Blog LUZECO\",\"description\":\"L\u00edder en iluminaci\u00f3n y decoraci\u00f3n\",\"publisher\":{\"@id\":\"https:\/\/www.luzeco.com\/blog\/#organization\"},\"potentialAction\":[{\"@type\":\"SearchAction\",\"target\":{\"@type\":\"EntryPoint\",\"urlTemplate\":\"https:\/\/www.luzeco.com\/blog\/?s={search_term_string}\"},\"query-input\":\"required name=search_term_string\"}],\"inLanguage\":\"es\"},{\"@type\":\"Organization\",\"@id\":\"https:\/\/www.luzeco.com\/blog\/#organization\",\"name\":\"LUZECO LIGHTING\",\"url\":\"https:\/\/www.luzeco.com\/blog\/\",\"logo\":{\"@type\":\"ImageObject\",\"inLanguage\":\"es\",\"@id\":\"https:\/\/www.luzeco.com\/blog\/#\/schema\/logo\/image\/\",\"url\":\"https:\/\/www.luzeco.com\/blog\/wp-content\/uploads\/2020\/09\/cropped-luzeco-icono.png\",\"contentUrl\":\"https:\/\/www.luzeco.com\/blog\/wp-content\/uploads\/2020\/09\/cropped-luzeco-icono.png\",\"width\":512,\"height\":512,\"caption\":\"LUZECO LIGHTING\"},\"image\":{\"@id\":\"https:\/\/www.luzeco.com\/blog\/#\/schema\/logo\/image\/\"}},{\"@type\":\"Person\",\"@id\":\"https:\/\/www.luzeco.com\/blog\/#\/schema\/person\/1fcf316166a5c59805f56fcacd66f42a\",\"name\":\"luzeco\",\"image\":{\"@type\":\"ImageObject\",\"inLanguage\":\"es\",\"@id\":\"https:\/\/www.luzeco.com\/blog\/#\/schema\/person\/image\/\",\"url\":\"https:\/\/secure.gravatar.com\/avatar\/50258ce9bf6774e06410b8db81d34f8a?s=96&d=mm&r=g\",\"contentUrl\":\"https:\/\/secure.gravatar.com\/avatar\/50258ce9bf6774e06410b8db81d34f8a?s=96&d=mm&r=g\",\"caption\":\"luzeco\"},\"sameAs\":[\"https:\/\/www.luzeco.com\/blog\"],\"url\":\"https:\/\/www.luzeco.com\/blog\/author\/luzeco\/\"}]}<\/script>\n<!-- \/ Yoast SEO plugin. -->","yoast_head_json":{"title":"La iluminaci\u00f3n de la casa rural de Andr\u00e9s Iniesta - Blog LUZECO","description":"Descubre la iluminaci\u00f3n que utiliza Iniesta en su casa rural en Cuenca. Es ideal para casas rurales y es muy econ\u00f3mica.","robots":{"index":"index","follow":"follow","max-snippet":"max-snippet:-1","max-image-preview":"max-image-preview:large","max-video-preview":"max-video-preview:-1"},"canonical":"https:\/\/www.luzeco.com\/blog\/la-iluminacion-de-la-casa-rural-de-andres-iniesta\/","og_locale":"es_ES","og_type":"article","og_title":"La iluminaci\u00f3n de la casa rural de Andr\u00e9s Iniesta - Blog LUZECO","og_description":"Descubre la iluminaci\u00f3n que utiliza Iniesta en su casa rural en Cuenca. Es ideal para casas rurales y es muy econ\u00f3mica.","og_url":"https:\/\/www.luzeco.com\/blog\/la-iluminacion-de-la-casa-rural-de-andres-iniesta\/","og_site_name":"Blog LUZECO","article_published_time":"2020-11-02T17:00:00+00:00","article_modified_time":"2022-02-09T15:35:03+00:00","og_image":[{"width":1100,"height":600,"url":"https:\/\/www.luzeco.com\/blog\/wp-content\/uploads\/2020\/09\/casa-rural-iniesta-decoracion.jpg","type":"image\/jpeg"}],"author":"luzeco","twitter_card":"summary_large_image","twitter_misc":{"Escrito por":"luzeco","Tiempo de lectura":"4 minutos"},"schema":{"@context":"https:\/\/schema.org","@graph":[{"@type":"Article","@id":"https:\/\/www.luzeco.com\/blog\/la-iluminacion-de-la-casa-rural-de-andres-iniesta\/#article","isPartOf":{"@id":"https:\/\/www.luzeco.com\/blog\/la-iluminacion-de-la-casa-rural-de-andres-iniesta\/"},"author":{"name":"luzeco","@id":"https:\/\/www.luzeco.com\/blog\/#\/schema\/person\/1fcf316166a5c59805f56fcacd66f42a"},"headline":"La iluminaci\u00f3n de la casa rural de Andr\u00e9s Iniesta","datePublished":"2020-11-02T17:00:00+00:00","dateModified":"2022-02-09T15:35:03+00:00","mainEntityOfPage":{"@id":"https:\/\/www.luzeco.com\/blog\/la-iluminacion-de-la-casa-rural-de-andres-iniesta\/"},"wordCount":588,"publisher":{"@id":"https:\/\/www.luzeco.com\/blog\/#organization"},"articleSection":["Visto en"],"inLanguage":"es"},{"@type":"WebPage","@id":"https:\/\/www.luzeco.com\/blog\/la-iluminacion-de-la-casa-rural-de-andres-iniesta\/","url":"https:\/\/www.luzeco.com\/blog\/la-iluminacion-de-la-casa-rural-de-andres-iniesta\/","name":"La iluminaci\u00f3n de la casa rural de Andr\u00e9s Iniesta - Blog LUZECO","isPartOf":{"@id":"https:\/\/www.luzeco.com\/blog\/#website"},"datePublished":"2020-11-02T17:00:00+00:00","dateModified":"2022-02-09T15:35:03+00:00","description":"Descubre la iluminaci\u00f3n que utiliza Iniesta en su casa rural en Cuenca. Es ideal para casas rurales y es muy econ\u00f3mica.","breadcrumb":{"@id":"https:\/\/www.luzeco.com\/blog\/la-iluminacion-de-la-casa-rural-de-andres-iniesta\/#breadcrumb"},"inLanguage":"es","potentialAction":[{"@type":"ReadAction","target":["https:\/\/www.luzeco.com\/blog\/la-iluminacion-de-la-casa-rural-de-andres-iniesta\/"]}]},{"@type":"BreadcrumbList","@id":"https:\/\/www.luzeco.com\/blog\/la-iluminacion-de-la-casa-rural-de-andres-iniesta\/#breadcrumb","itemListElement":[{"@type":"ListItem","position":1,"name":"Home","item":"https:\/\/www.luzeco.com\/blog\/"},{"@type":"ListItem","position":2,"name":"La iluminaci\u00f3n de la casa rural de Andr\u00e9s Iniesta"}]},{"@type":"WebSite","@id":"https:\/\/www.luzeco.com\/blog\/#website","url":"https:\/\/www.luzeco.com\/blog\/","name":"Blog LUZECO","description":"L\u00edder en iluminaci\u00f3n y decoraci\u00f3n","publisher":{"@id":"https:\/\/www.luzeco.com\/blog\/#organization"},"potentialAction":[{"@type":"SearchAction","target":{"@type":"EntryPoint","urlTemplate":"https:\/\/www.luzeco.com\/blog\/?s={search_term_string}"},"query-input":"required name=search_term_string"}],"inLanguage":"es"},{"@type":"Organization","@id":"https:\/\/www.luzeco.com\/blog\/#organization","name":"LUZECO LIGHTING","url":"https:\/\/www.luzeco.com\/blog\/","logo":{"@type":"ImageObject","inLanguage":"es","@id":"https:\/\/www.luzeco.com\/blog\/#\/schema\/logo\/image\/","url":"https:\/\/www.luzeco.com\/blog\/wp-content\/uploads\/2020\/09\/cropped-luzeco-icono.png","contentUrl":"https:\/\/www.luzeco.com\/blog\/wp-content\/uploads\/2020\/09\/cropped-luzeco-icono.png","width":512,"height":512,"caption":"LUZECO LIGHTING"},"image":{"@id":"https:\/\/www.luzeco.com\/blog\/#\/schema\/logo\/image\/"}},{"@type":"Person","@id":"https:\/\/www.luzeco.com\/blog\/#\/schema\/person\/1fcf316166a5c59805f56fcacd66f42a","name":"luzeco","image":{"@type":"ImageObject","inLanguage":"es","@id":"https:\/\/www.luzeco.com\/blog\/#\/schema\/person\/image\/","url":"https:\/\/secure.gravatar.com\/avatar\/50258ce9bf6774e06410b8db81d34f8a?s=96&d=mm&r=g","contentUrl":"https:\/\/secure.gravatar.com\/avatar\/50258ce9bf6774e06410b8db81d34f8a?s=96&d=mm&r=g","caption":"luzeco"},"sameAs":["https:\/\/www.luzeco.com\/blog"],"url":"https:\/\/www.luzeco.com\/blog\/author\/luzeco\/"}]}},"_links":{"self":[{"href":"https:\/\/www.luzeco.com\/blog\/wp-json\/wp\/v2\/posts\/200"}],"collection":[{"href":"https:\/\/www.luzeco.com\/blog\/wp-json\/wp\/v2\/posts"}],"about":[{"href":"https:\/\/www.luzeco.com\/blog\/wp-json\/wp\/v2\/types\/post"}],"author":[{"embeddable":true,"href":"https:\/\/www.luzeco.com\/blog\/wp-json\/wp\/v2\/users\/1"}],"replies":[{"embeddable":true,"href":"https:\/\/www.luzeco.com\/blog\/wp-json\/wp\/v2\/comments?post=200"}],"version-history":[{"count":14,"href":"https:\/\/www.luzeco.com\/blog\/wp-json\/wp\/v2\/posts\/200\/revisions"}],"predecessor-version":[{"id":407,"href":"https:\/\/www.luzeco.com\/blog\/wp-json\/wp\/v2\/posts\/200\/revisions\/407"}],"wp:featuredmedia":[{"embeddable":true,"href":"https:\/\/www.luzeco.com\/blog\/wp-json\/wp\/v2\/media\/201"}],"wp:attachment":[{"href":"https:\/\/www.luzeco.com\/blog\/wp-json\/wp\/v2\/media?parent=200"}],"wp:term":[{"taxonomy":"category","embeddable":true,"href":"https:\/\/www.luzeco.com\/blog\/wp-json\/wp\/v2\/categories?post=200"},{"taxonomy":"post_tag","embeddable":true,"href":"https:\/\/www.luzeco.com\/blog\/wp-json\/wp\/v2\/tags?post=200"}],"curies":[{"name":"wp","href":"https:\/\/api.w.org\/{rel}","templated":true}]}}