{"id":119,"date":"2020-06-01T17:00:00","date_gmt":"2020-06-01T17:00:00","guid":{"rendered":"https:\/\/www.luzeco.com\/blog\/?p=119"},"modified":"2022-02-09T15:35:03","modified_gmt":"2022-02-09T15:35:03","slug":"5-imprescindibles-para-iluminar-tu-jardin","status":"publish","type":"post","link":"https:\/\/www.luzeco.com\/blog\/5-imprescindibles-para-iluminar-tu-jardin\/","title":{"rendered":"5 imprescindibles para iluminar tu jard\u00edn"},"content":{"rendered":"\n<p>\u00a1El verano ya est\u00e1 aqu\u00ed! Y es momento de disfrutar de nuestras terrazas. Esas largas noches de verano junto a nuestros amigos acompa\u00f1adas de un rico picoteo, unas bebidas y esas conversaciones eternas resolviendo el mundo.<\/p>\n\n\n\n<p>Pero, \u00bfqu\u00e9 ser\u00eda de esas noches de verano sin una buena iluminaci\u00f3n? Esa iluminaci\u00f3n que se adapta a cualquier situaci\u00f3n y momento de la noche. <\/p>\n\n\n\n<p>Hay momentos en los que necesitas una buena iluminaci\u00f3n, otros piden a gritos luces de colores y luego est\u00e1n los rom\u00e1nticos, aquellos que necesitan crear un momento de complicidad con su pareja.  <\/p>\n\n\n\n<h2>L\u00e1mpara de techo para la terraza<\/h2>\n\n\n\n<p>Las l\u00e1mparas colgantes para exterior son perfectas para terrazas o porches. Nos ayudan a crear un espacio muy acogedor. Te recomendamos la <a href=\"https:\/\/www.luzeco.com\/es\/busqueda?controller=search&amp;s=aloria\">colecci\u00f3n ALORIA<\/a> que est\u00e1 hecha en aluminio y est\u00e1 disponible en diferentes formatos que har\u00e1n que tu jard\u00edn vaya totalmente a juego.<\/p>\n\n\n\n<div class=\"wp-block-image\"><figure class=\"aligncenter size-large\"><img decoding=\"async\" loading=\"lazy\" width=\"1024\" height=\"559\" src=\"https:\/\/www.luzeco.com\/blog\/wp-content\/uploads\/2020\/06\/iluminacion-lampara-colgante-terraza-1024x559.jpg\" alt=\"\" class=\"wp-image-162\" srcset=\"https:\/\/www.luzeco.com\/blog\/wp-content\/uploads\/2020\/06\/iluminacion-lampara-colgante-terraza-1024x559.jpg 1024w, https:\/\/www.luzeco.com\/blog\/wp-content\/uploads\/2020\/06\/iluminacion-lampara-colgante-terraza-300x164.jpg 300w, https:\/\/www.luzeco.com\/blog\/wp-content\/uploads\/2020\/06\/iluminacion-lampara-colgante-terraza-768x419.jpg 768w, https:\/\/www.luzeco.com\/blog\/wp-content\/uploads\/2020\/06\/iluminacion-lampara-colgante-terraza.jpg 1100w\" sizes=\"(max-width: 1024px) 100vw, 1024px\" \/><\/figure><\/div>\n\n\n\n<h2>Farolas para jard\u00edn<\/h2>\n\n\n\n<p>Las farolas pueden ser grandes aliadas para la iluminaci\u00f3n de tu jard\u00edn y pueden darle un toque vintage de lo m\u00e1s recurrente.<\/p>\n\n\n\n<p>La <a href=\"https:\/\/www.luzeco.com\/es\/busqueda?controller=search&amp;s=laterna\">colecci\u00f3n LATERNA<\/a> tiene un dise\u00f1o muy cl\u00e1sico, fabricada en acero y tiene un grado de protecci\u00f3n IP44. Esto es muy importante, ya que este tipo de l\u00e1mparas van a estar expuesta a la lluvia y necesitan tener una protecci\u00f3n especial para que no se deterioren con facilidad.<\/p>\n\n\n\n<h2>L\u00e1mparas de pared para exterior<\/h2>\n\n\n\n<p>Las l\u00e1mparas de pared de exterior son perfectas para colocarlas en la entrada. Te recomendamos, si tienes espacio, que coloques una a cada lado de la puerta. Esto hace que la entrada sea mucho m\u00e1s acogedora y tengamos mucha m\u00e1s.<\/p>\n\n\n\n<p>Para este tipo de iluminaci\u00f3n siempre recomendamos luz c\u00e1lida y, si es posible, utilizar luminarias que tengan sensor de movimiento para ahorrar en la factura de la luz.<\/p>\n\n\n\n<div class=\"wp-block-image\"><figure class=\"aligncenter size-large\"><img decoding=\"async\" loading=\"lazy\" width=\"1024\" height=\"559\" src=\"https:\/\/www.luzeco.com\/blog\/wp-content\/uploads\/2020\/06\/iluminacion-de-pared-exterior-1024x559.jpg\" alt=\"\" class=\"wp-image-145\" srcset=\"https:\/\/www.luzeco.com\/blog\/wp-content\/uploads\/2020\/06\/iluminacion-de-pared-exterior-1024x559.jpg 1024w, https:\/\/www.luzeco.com\/blog\/wp-content\/uploads\/2020\/06\/iluminacion-de-pared-exterior-300x164.jpg 300w, https:\/\/www.luzeco.com\/blog\/wp-content\/uploads\/2020\/06\/iluminacion-de-pared-exterior-768x419.jpg 768w, https:\/\/www.luzeco.com\/blog\/wp-content\/uploads\/2020\/06\/iluminacion-de-pared-exterior.jpg 1100w\" sizes=\"(max-width: 1024px) 100vw, 1024px\" \/><\/figure><\/div>\n\n\n\n<p>Las l\u00e1mparas de pared tambi\u00e9n son ideales para poner en la terraza o en las esquinas de la casa para poder iluminar cada punto al m\u00e1ximo.<\/p>\n\n\n\n<p>Cada vez hay m\u00e1s modelos y dise\u00f1os que nos permiten hacer nuestro jard\u00edn m\u00e1s acogedor. Si eres una fan incondicional de lo cl\u00e1sico, necesitas la <a href=\"https:\/\/www.luzeco.com\/es\/ofertas\/2782-eglo-94834-pulfero-lampara-de-pared-en-acero-galvanizado-y-acrilico-9002759948344.html\">colecci\u00f3n PULFERO de EGLO<\/a>, pero si eres de las que le gusta el minimalismo seguramente te enamores de la <a href=\"https:\/\/www.luzeco.com\/es\/ofertas\/2825-eglo-97261-bovolone-lampara-de-pared-en-acero-galvanizado-y-vidrio-9002759972615.html\">colecci\u00f3n BOVOLONE<\/a>.<\/p>\n\n\n\n<div class=\"is-layout-flex wp-container-3 wp-block-columns\">\n<div class=\"is-layout-flow wp-block-column\">\n<figure class=\"wp-block-image size-large\"><img decoding=\"async\" loading=\"lazy\" width=\"550\" height=\"755\" src=\"https:\/\/www.luzeco.com\/blog\/wp-content\/uploads\/2020\/06\/iluminacion-pared-exterior.jpg\" alt=\"\" class=\"wp-image-148\" srcset=\"https:\/\/www.luzeco.com\/blog\/wp-content\/uploads\/2020\/06\/iluminacion-pared-exterior.jpg 550w, https:\/\/www.luzeco.com\/blog\/wp-content\/uploads\/2020\/06\/iluminacion-pared-exterior-219x300.jpg 219w\" sizes=\"(max-width: 550px) 100vw, 550px\" \/><\/figure>\n<\/div>\n\n\n\n<div class=\"is-layout-flow wp-block-column\">\n<figure class=\"wp-block-image size-large\"><img decoding=\"async\" loading=\"lazy\" width=\"550\" height=\"755\" src=\"https:\/\/www.luzeco.com\/blog\/wp-content\/uploads\/2020\/06\/iluminacion-exterior-de-pared.jpg\" alt=\"\" class=\"wp-image-147\" srcset=\"https:\/\/www.luzeco.com\/blog\/wp-content\/uploads\/2020\/06\/iluminacion-exterior-de-pared.jpg 550w, https:\/\/www.luzeco.com\/blog\/wp-content\/uploads\/2020\/06\/iluminacion-exterior-de-pared-219x300.jpg 219w\" sizes=\"(max-width: 550px) 100vw, 550px\" \/><\/figure>\n\n\n\n<p><\/p>\n<\/div>\n<\/div>\n\n\n\n<h2>Iluminaci\u00f3n de zonas de paso<\/h2>\n\n\n\n<p>Llega el momento de iluminar las zonas de paso de nuestro jard\u00edn o la entrada al garaje y no sabemos c\u00f3mo hacerle sin perder la est\u00e9tica o romper con el dise\u00f1o de nuestra fachada. El mejor aliado para estos casos son las balizas. Pero, \u00a1No te asustes! El dise\u00f1o de balizas ha mejorado mucho y puedes encontrar multitud de dise\u00f1os que se adaptar\u00e1n por completo al estilo que est\u00e1s buscando.<\/p>\n\n\n\n<div class=\"wp-block-image\"><figure class=\"aligncenter size-large\"><img decoding=\"async\" loading=\"lazy\" width=\"1024\" height=\"559\" src=\"https:\/\/www.luzeco.com\/blog\/wp-content\/uploads\/2020\/06\/iluminacion-suelo-jardin-1024x559.jpg\" alt=\"\" class=\"wp-image-155\" srcset=\"https:\/\/www.luzeco.com\/blog\/wp-content\/uploads\/2020\/06\/iluminacion-suelo-jardin-1024x559.jpg 1024w, https:\/\/www.luzeco.com\/blog\/wp-content\/uploads\/2020\/06\/iluminacion-suelo-jardin-300x164.jpg 300w, https:\/\/www.luzeco.com\/blog\/wp-content\/uploads\/2020\/06\/iluminacion-suelo-jardin-768x419.jpg 768w, https:\/\/www.luzeco.com\/blog\/wp-content\/uploads\/2020\/06\/iluminacion-suelo-jardin.jpg 1100w\" sizes=\"(max-width: 1024px) 100vw, 1024px\" \/><\/figure><\/div>\n\n\n\n<p>En la actualidad, puedes encontrar balizas de diferentes tama\u00f1os que se adaptar\u00e1n perfectamente a cada rinc\u00f3n de tu jard\u00edn:<\/p>\n\n\n\n<ul><li>Baliza mini: suelen tener un tama\u00f1o inferior a los 50 cm<\/li><li>Baliza est\u00e1ndar: un tama\u00f1o medio de 100cm<\/li><li>Baliza superior: su tama\u00f1o suele estar por encima de los 100 cm<\/li><li>Baliza empotrada: se integran en el suelo del jard\u00edn<\/li><\/ul>\n\n\n\n<h2>Decoraci\u00f3n chill out para el porche<\/h2>\n\n\n\n<p>Si quieres darle un toque divertido a tu jard\u00edn, te recomendamos las <a href=\"https:\/\/www.luzeco.com\/es\/busqueda?controller=search&amp;s=MONTEROLO\">bolas de luz para exterior<\/a>. Existen en diferentes tama\u00f1os y disponen de iluminaci\u00f3n RGB.<\/p>\n\n\n\n<p>Son perfectas para decorar tu jard\u00edn y muy utilizadas para fiestas al aire libre en discotecas y casas privadas. Seguro que en m\u00e1s de una ocasi\u00f3n las has visto es pub decorando la terraza.<\/p>\n\n\n\n<div class=\"wp-block-image\"><figure class=\"aligncenter size-large\"><img decoding=\"async\" loading=\"lazy\" width=\"1024\" height=\"559\" src=\"https:\/\/www.luzeco.com\/blog\/wp-content\/uploads\/2020\/06\/iluminacion-chill-out-jardin-1024x559.jpg\" alt=\"iluminaci\u00f3n jard\u00edn\" class=\"wp-image-140\" srcset=\"https:\/\/www.luzeco.com\/blog\/wp-content\/uploads\/2020\/06\/iluminacion-chill-out-jardin-1024x559.jpg 1024w, https:\/\/www.luzeco.com\/blog\/wp-content\/uploads\/2020\/06\/iluminacion-chill-out-jardin-300x164.jpg 300w, https:\/\/www.luzeco.com\/blog\/wp-content\/uploads\/2020\/06\/iluminacion-chill-out-jardin-768x419.jpg 768w, https:\/\/www.luzeco.com\/blog\/wp-content\/uploads\/2020\/06\/iluminacion-chill-out-jardin.jpg 1100w\" sizes=\"(max-width: 1024px) 100vw, 1024px\" \/><\/figure><\/div>\n\n\n\n<h2>Consejos para saber comprar iluminaci\u00f3n exterior<\/h2>\n\n\n\n<p>La iluminaci\u00f3n que utilizamos en el exterior tiene que tender un grado de protecci\u00f3n de entre un IP44 o IP65. Si su IP es inferior a este indicador no est\u00e1n fabricadas espec\u00edficamente para estar al aire libre y su duraci\u00f3n puede ser inferior a lo estimado.<\/p>\n\n\n\n<figure class=\"wp-block-image size-large\"><a href=\"https:\/\/www.luzeco.com\/es\/content\/33-descuentos-lamparas-iluminacion-eglo\"><img decoding=\"async\" loading=\"lazy\" width=\"1024\" height=\"244\" src=\"https:\/\/www.luzeco.com\/blog\/wp-content\/uploads\/2020\/05\/promociones-iluminacion-1024x244.jpg\" alt=\"promociones iluminaci\u00f3n\" class=\"wp-image-424\" srcset=\"https:\/\/www.luzeco.com\/blog\/wp-content\/uploads\/2020\/05\/promociones-iluminacion-1024x244.jpg 1024w, https:\/\/www.luzeco.com\/blog\/wp-content\/uploads\/2020\/05\/promociones-iluminacion-300x72.jpg 300w, https:\/\/www.luzeco.com\/blog\/wp-content\/uploads\/2020\/05\/promociones-iluminacion-768x183.jpg 768w, https:\/\/www.luzeco.com\/blog\/wp-content\/uploads\/2020\/05\/promociones-iluminacion-1140x272.jpg 1140w, https:\/\/www.luzeco.com\/blog\/wp-content\/uploads\/2020\/05\/promociones-iluminacion.jpg 1200w\" sizes=\"(max-width: 1024px) 100vw, 1024px\" \/><\/a><\/figure>\n","protected":false},"excerpt":{"rendered":"<p>\u00a1El verano ya est\u00e1 aqu\u00ed! Y es momento de disfrutar de nuestras terrazas. Esas largas noches de verano junto a nuestros amigos acompa\u00f1adas de un rico picoteo, unas bebidas y esas conversaciones eternas resolviendo el mundo. Pero, \u00bfqu\u00e9 ser\u00eda de esas noches de verano sin una buena iluminaci\u00f3n? Esa iluminaci\u00f3n que se adapta a cualquier situaci\u00f3n y momento de la noche. Hay momentos en los que necesitas una buena iluminaci\u00f3n, otros piden a gritos luces de colores y luego est\u00e1n los rom\u00e1nticos, aquellos que necesitan crear un momento de complicidad con su pareja. L\u00e1mpara de techo para la terraza Las l\u00e1mparas colgantes para exterior son perfectas para terrazas o porches. Nos ayudan a crear un espacio muy acogedor. Te recomendamos la colecci\u00f3n ALORIA que est\u00e1 hecha en aluminio y est\u00e1 disponible en diferentes formatos que [&hellip;]<\/p>\n","protected":false},"author":1,"featured_media":122,"comment_status":"closed","ping_status":"open","sticky":false,"template":"","format":"standard","meta":[],"categories":[8],"tags":[],"yoast_head":"<!-- This site is optimized with the Yoast SEO plugin v19.14 - https:\/\/yoast.com\/wordpress\/plugins\/seo\/ -->\n<title>5 imprescindibles para iluminar tu jard\u00edn - Blog LUZECO<\/title>\n<meta name=\"description\" content=\"S\u00e1cale el m\u00e1ximo partido a tu jard\u00edn con 5 trucos muy sencillos que har\u00e1n que no quieres vivir fuera de \u00e9l.\" \/>\n<meta name=\"robots\" content=\"index, follow, max-snippet:-1, max-image-preview:large, max-video-preview:-1\" \/>\n<link rel=\"canonical\" href=\"https:\/\/www.luzeco.com\/blog\/5-imprescindibles-para-iluminar-tu-jardin\/\" \/>\n<meta property=\"og:locale\" content=\"es_ES\" \/>\n<meta property=\"og:type\" content=\"article\" \/>\n<meta property=\"og:title\" content=\"5 imprescindibles para iluminar tu jard\u00edn - Blog LUZECO\" \/>\n<meta property=\"og:description\" content=\"S\u00e1cale el m\u00e1ximo partido a tu jard\u00edn con 5 trucos muy sencillos que har\u00e1n que no quieres vivir fuera de \u00e9l.\" \/>\n<meta property=\"og:url\" content=\"https:\/\/www.luzeco.com\/blog\/5-imprescindibles-para-iluminar-tu-jardin\/\" \/>\n<meta property=\"og:site_name\" content=\"Blog LUZECO\" \/>\n<meta property=\"article:published_time\" content=\"2020-06-01T17:00:00+00:00\" \/>\n<meta property=\"article:modified_time\" content=\"2022-02-09T15:35:03+00:00\" \/>\n<meta property=\"og:image\" content=\"https:\/\/www.luzeco.com\/blog\/wp-content\/uploads\/2020\/09\/iluminacion-exterior.jpg\" \/>\n\t<meta property=\"og:image:width\" content=\"1100\" \/>\n\t<meta property=\"og:image:height\" content=\"600\" \/>\n\t<meta property=\"og:image:type\" content=\"image\/jpeg\" \/>\n<meta name=\"author\" content=\"luzeco\" \/>\n<meta name=\"twitter:card\" content=\"summary_large_image\" \/>\n<meta name=\"twitter:label1\" content=\"Escrito por\" \/>\n\t<meta name=\"twitter:data1\" content=\"luzeco\" \/>\n\t<meta name=\"twitter:label2\" content=\"Tiempo de lectura\" \/>\n\t<meta name=\"twitter:data2\" content=\"5 minutos\" \/>\n<script type=\"application\/ld+json\" class=\"yoast-schema-graph\">{\"@context\":\"https:\/\/schema.org\",\"@graph\":[{\"@type\":\"Article\",\"@id\":\"https:\/\/www.luzeco.com\/blog\/5-imprescindibles-para-iluminar-tu-jardin\/#article\",\"isPartOf\":{\"@id\":\"https:\/\/www.luzeco.com\/blog\/5-imprescindibles-para-iluminar-tu-jardin\/\"},\"author\":{\"name\":\"luzeco\",\"@id\":\"https:\/\/www.luzeco.com\/blog\/#\/schema\/person\/1fcf316166a5c59805f56fcacd66f42a\"},\"headline\":\"5 imprescindibles para iluminar tu jard\u00edn\",\"datePublished\":\"2020-06-01T17:00:00+00:00\",\"dateModified\":\"2022-02-09T15:35:03+00:00\",\"mainEntityOfPage\":{\"@id\":\"https:\/\/www.luzeco.com\/blog\/5-imprescindibles-para-iluminar-tu-jardin\/\"},\"wordCount\":686,\"publisher\":{\"@id\":\"https:\/\/www.luzeco.com\/blog\/#organization\"},\"articleSection\":[\"Decoraci\u00f3n\"],\"inLanguage\":\"es\"},{\"@type\":\"WebPage\",\"@id\":\"https:\/\/www.luzeco.com\/blog\/5-imprescindibles-para-iluminar-tu-jardin\/\",\"url\":\"https:\/\/www.luzeco.com\/blog\/5-imprescindibles-para-iluminar-tu-jardin\/\",\"name\":\"5 imprescindibles para iluminar tu jard\u00edn - Blog LUZECO\",\"isPartOf\":{\"@id\":\"https:\/\/www.luzeco.com\/blog\/#website\"},\"datePublished\":\"2020-06-01T17:00:00+00:00\",\"dateModified\":\"2022-02-09T15:35:03+00:00\",\"description\":\"S\u00e1cale el m\u00e1ximo partido a tu jard\u00edn con 5 trucos muy sencillos que har\u00e1n que no quieres vivir fuera de \u00e9l.\",\"breadcrumb\":{\"@id\":\"https:\/\/www.luzeco.com\/blog\/5-imprescindibles-para-iluminar-tu-jardin\/#breadcrumb\"},\"inLanguage\":\"es\",\"potentialAction\":[{\"@type\":\"ReadAction\",\"target\":[\"https:\/\/www.luzeco.com\/blog\/5-imprescindibles-para-iluminar-tu-jardin\/\"]}]},{\"@type\":\"BreadcrumbList\",\"@id\":\"https:\/\/www.luzeco.com\/blog\/5-imprescindibles-para-iluminar-tu-jardin\/#breadcrumb\",\"itemListElement\":[{\"@type\":\"ListItem\",\"position\":1,\"name\":\"Home\",\"item\":\"https:\/\/www.luzeco.com\/blog\/\"},{\"@type\":\"ListItem\",\"position\":2,\"name\":\"5 imprescindibles para iluminar tu jard\u00edn\"}]},{\"@type\":\"WebSite\",\"@id\":\"https:\/\/www.luzeco.com\/blog\/#website\",\"url\":\"https:\/\/www.luzeco.com\/blog\/\",\"name\":\"Blog LUZECO\",\"description\":\"L\u00edder en iluminaci\u00f3n y decoraci\u00f3n\",\"publisher\":{\"@id\":\"https:\/\/www.luzeco.com\/blog\/#organization\"},\"potentialAction\":[{\"@type\":\"SearchAction\",\"target\":{\"@type\":\"EntryPoint\",\"urlTemplate\":\"https:\/\/www.luzeco.com\/blog\/?s={search_term_string}\"},\"query-input\":\"required name=search_term_string\"}],\"inLanguage\":\"es\"},{\"@type\":\"Organization\",\"@id\":\"https:\/\/www.luzeco.com\/blog\/#organization\",\"name\":\"LUZECO LIGHTING\",\"url\":\"https:\/\/www.luzeco.com\/blog\/\",\"logo\":{\"@type\":\"ImageObject\",\"inLanguage\":\"es\",\"@id\":\"https:\/\/www.luzeco.com\/blog\/#\/schema\/logo\/image\/\",\"url\":\"https:\/\/www.luzeco.com\/blog\/wp-content\/uploads\/2020\/09\/cropped-luzeco-icono.png\",\"contentUrl\":\"https:\/\/www.luzeco.com\/blog\/wp-content\/uploads\/2020\/09\/cropped-luzeco-icono.png\",\"width\":512,\"height\":512,\"caption\":\"LUZECO LIGHTING\"},\"image\":{\"@id\":\"https:\/\/www.luzeco.com\/blog\/#\/schema\/logo\/image\/\"}},{\"@type\":\"Person\",\"@id\":\"https:\/\/www.luzeco.com\/blog\/#\/schema\/person\/1fcf316166a5c59805f56fcacd66f42a\",\"name\":\"luzeco\",\"image\":{\"@type\":\"ImageObject\",\"inLanguage\":\"es\",\"@id\":\"https:\/\/www.luzeco.com\/blog\/#\/schema\/person\/image\/\",\"url\":\"https:\/\/secure.gravatar.com\/avatar\/50258ce9bf6774e06410b8db81d34f8a?s=96&d=mm&r=g\",\"contentUrl\":\"https:\/\/secure.gravatar.com\/avatar\/50258ce9bf6774e06410b8db81d34f8a?s=96&d=mm&r=g\",\"caption\":\"luzeco\"},\"sameAs\":[\"https:\/\/www.luzeco.com\/blog\"],\"url\":\"https:\/\/www.luzeco.com\/blog\/author\/luzeco\/\"}]}<\/script>\n<!-- \/ Yoast SEO plugin. -->","yoast_head_json":{"title":"5 imprescindibles para iluminar tu jard\u00edn - Blog LUZECO","description":"S\u00e1cale el m\u00e1ximo partido a tu jard\u00edn con 5 trucos muy sencillos que har\u00e1n que no quieres vivir fuera de \u00e9l.","robots":{"index":"index","follow":"follow","max-snippet":"max-snippet:-1","max-image-preview":"max-image-preview:large","max-video-preview":"max-video-preview:-1"},"canonical":"https:\/\/www.luzeco.com\/blog\/5-imprescindibles-para-iluminar-tu-jardin\/","og_locale":"es_ES","og_type":"article","og_title":"5 imprescindibles para iluminar tu jard\u00edn - Blog LUZECO","og_description":"S\u00e1cale el m\u00e1ximo partido a tu jard\u00edn con 5 trucos muy sencillos que har\u00e1n que no quieres vivir fuera de \u00e9l.","og_url":"https:\/\/www.luzeco.com\/blog\/5-imprescindibles-para-iluminar-tu-jardin\/","og_site_name":"Blog LUZECO","article_published_time":"2020-06-01T17:00:00+00:00","article_modified_time":"2022-02-09T15:35:03+00:00","og_image":[{"width":1100,"height":600,"url":"https:\/\/www.luzeco.com\/blog\/wp-content\/uploads\/2020\/09\/iluminacion-exterior.jpg","type":"image\/jpeg"}],"author":"luzeco","twitter_card":"summary_large_image","twitter_misc":{"Escrito por":"luzeco","Tiempo de lectura":"5 minutos"},"schema":{"@context":"https:\/\/schema.org","@graph":[{"@type":"Article","@id":"https:\/\/www.luzeco.com\/blog\/5-imprescindibles-para-iluminar-tu-jardin\/#article","isPartOf":{"@id":"https:\/\/www.luzeco.com\/blog\/5-imprescindibles-para-iluminar-tu-jardin\/"},"author":{"name":"luzeco","@id":"https:\/\/www.luzeco.com\/blog\/#\/schema\/person\/1fcf316166a5c59805f56fcacd66f42a"},"headline":"5 imprescindibles para iluminar tu jard\u00edn","datePublished":"2020-06-01T17:00:00+00:00","dateModified":"2022-02-09T15:35:03+00:00","mainEntityOfPage":{"@id":"https:\/\/www.luzeco.com\/blog\/5-imprescindibles-para-iluminar-tu-jardin\/"},"wordCount":686,"publisher":{"@id":"https:\/\/www.luzeco.com\/blog\/#organization"},"articleSection":["Decoraci\u00f3n"],"inLanguage":"es"},{"@type":"WebPage","@id":"https:\/\/www.luzeco.com\/blog\/5-imprescindibles-para-iluminar-tu-jardin\/","url":"https:\/\/www.luzeco.com\/blog\/5-imprescindibles-para-iluminar-tu-jardin\/","name":"5 imprescindibles para iluminar tu jard\u00edn - Blog LUZECO","isPartOf":{"@id":"https:\/\/www.luzeco.com\/blog\/#website"},"datePublished":"2020-06-01T17:00:00+00:00","dateModified":"2022-02-09T15:35:03+00:00","description":"S\u00e1cale el m\u00e1ximo partido a tu jard\u00edn con 5 trucos muy sencillos que har\u00e1n que no quieres vivir fuera de \u00e9l.","breadcrumb":{"@id":"https:\/\/www.luzeco.com\/blog\/5-imprescindibles-para-iluminar-tu-jardin\/#breadcrumb"},"inLanguage":"es","potentialAction":[{"@type":"ReadAction","target":["https:\/\/www.luzeco.com\/blog\/5-imprescindibles-para-iluminar-tu-jardin\/"]}]},{"@type":"BreadcrumbList","@id":"https:\/\/www.luzeco.com\/blog\/5-imprescindibles-para-iluminar-tu-jardin\/#breadcrumb","itemListElement":[{"@type":"ListItem","position":1,"name":"Home","item":"https:\/\/www.luzeco.com\/blog\/"},{"@type":"ListItem","position":2,"name":"5 imprescindibles para iluminar tu jard\u00edn"}]},{"@type":"WebSite","@id":"https:\/\/www.luzeco.com\/blog\/#website","url":"https:\/\/www.luzeco.com\/blog\/","name":"Blog LUZECO","description":"L\u00edder en iluminaci\u00f3n y decoraci\u00f3n","publisher":{"@id":"https:\/\/www.luzeco.com\/blog\/#organization"},"potentialAction":[{"@type":"SearchAction","target":{"@type":"EntryPoint","urlTemplate":"https:\/\/www.luzeco.com\/blog\/?s={search_term_string}"},"query-input":"required name=search_term_string"}],"inLanguage":"es"},{"@type":"Organization","@id":"https:\/\/www.luzeco.com\/blog\/#organization","name":"LUZECO LIGHTING","url":"https:\/\/www.luzeco.com\/blog\/","logo":{"@type":"ImageObject","inLanguage":"es","@id":"https:\/\/www.luzeco.com\/blog\/#\/schema\/logo\/image\/","url":"https:\/\/www.luzeco.com\/blog\/wp-content\/uploads\/2020\/09\/cropped-luzeco-icono.png","contentUrl":"https:\/\/www.luzeco.com\/blog\/wp-content\/uploads\/2020\/09\/cropped-luzeco-icono.png","width":512,"height":512,"caption":"LUZECO LIGHTING"},"image":{"@id":"https:\/\/www.luzeco.com\/blog\/#\/schema\/logo\/image\/"}},{"@type":"Person","@id":"https:\/\/www.luzeco.com\/blog\/#\/schema\/person\/1fcf316166a5c59805f56fcacd66f42a","name":"luzeco","image":{"@type":"ImageObject","inLanguage":"es","@id":"https:\/\/www.luzeco.com\/blog\/#\/schema\/person\/image\/","url":"https:\/\/secure.gravatar.com\/avatar\/50258ce9bf6774e06410b8db81d34f8a?s=96&d=mm&r=g","contentUrl":"https:\/\/secure.gravatar.com\/avatar\/50258ce9bf6774e06410b8db81d34f8a?s=96&d=mm&r=g","caption":"luzeco"},"sameAs":["https:\/\/www.luzeco.com\/blog"],"url":"https:\/\/www.luzeco.com\/blog\/author\/luzeco\/"}]}},"_links":{"self":[{"href":"https:\/\/www.luzeco.com\/blog\/wp-json\/wp\/v2\/posts\/119"}],"collection":[{"href":"https:\/\/www.luzeco.com\/blog\/wp-json\/wp\/v2\/posts"}],"about":[{"href":"https:\/\/www.luzeco.com\/blog\/wp-json\/wp\/v2\/types\/post"}],"author":[{"embeddable":true,"href":"https:\/\/www.luzeco.com\/blog\/wp-json\/wp\/v2\/users\/1"}],"replies":[{"embeddable":true,"href":"https:\/\/www.luzeco.com\/blog\/wp-json\/wp\/v2\/comments?post=119"}],"version-history":[{"count":23,"href":"https:\/\/www.luzeco.com\/blog\/wp-json\/wp\/v2\/posts\/119\/revisions"}],"predecessor-version":[{"id":426,"href":"https:\/\/www.luzeco.com\/blog\/wp-json\/wp\/v2\/posts\/119\/revisions\/426"}],"wp:featuredmedia":[{"embeddable":true,"href":"https:\/\/www.luzeco.com\/blog\/wp-json\/wp\/v2\/media\/122"}],"wp:attachment":[{"href":"https:\/\/www.luzeco.com\/blog\/wp-json\/wp\/v2\/media?parent=119"}],"wp:term":[{"taxonomy":"category","embeddable":true,"href":"https:\/\/www.luzeco.com\/blog\/wp-json\/wp\/v2\/categories?post=119"},{"taxonomy":"post_tag","embeddable":true,"href":"https:\/\/www.luzeco.com\/blog\/wp-json\/wp\/v2\/tags?post=119"}],"curies":[{"name":"wp","href":"https:\/\/api.w.org\/{rel}","templated":true}]}}