{"id":1005,"date":"2023-08-02T10:03:29","date_gmt":"2023-08-02T10:03:29","guid":{"rendered":"https:\/\/www.luzeco.com\/blog\/?p=1005"},"modified":"2023-08-02T10:03:30","modified_gmt":"2023-08-02T10:03:30","slug":"claves-para-elegir-el-mejor-ventilador","status":"publish","type":"post","link":"https:\/\/www.luzeco.com\/blog\/claves-para-elegir-el-mejor-ventilador\/","title":{"rendered":"Claves para elegir el mejor ventilador"},"content":{"rendered":"\n<p>Con la llegada del calor intenso nos damos cuenta de lo importante que es tener en casa una temperatura media estable, id\u00f3nea para crear un entorno agradable y que nos permita disfrutar de nuestro hogar y a la vez trabajar, leer o llevar a cabo cualquier otro hobby sin perder la salud en el intento.<\/p>\n\n\n\n<p>El ventilador ha sido siempre una de las opciones m\u00e1s \u00fatiles, funcionales y econ\u00f3micas para conseguirlo pero&#8230; \u00bfsab\u00edas que existen tipos, tama\u00f1os, potencias, funciones y dise\u00f1os distintos que son claves para elegir el mejor ventilador?<\/p>\n\n\n\n<p>En este post te las resumimos todas. \u00a1Sigue leyendo!<\/p>\n\n\n\n<h2>1. Tama\u00f1o de la estancia para elegir el mejor ventilador<\/h2>\n\n\n\n<p>Normalmente este es el dato m\u00e1s importante por motivos t\u00e9cnicos y de funcionalidad, ya que no podemos pasarnos con el tama\u00f1o de las aspas pero nos quedaremos cortos si elegimos un ventilador peque\u00f1o o menos potente si la habitaci\u00f3n es demasiado grande. Elegir el mejor ventilador consiste tambi\u00e9n en tener en cuenta su tama\u00f1o.<\/p>\n\n\n\n<p>En Luzeco solemos distinguir entre habitaciones peque\u00f1as, medianas, grandes y muy grandes como clave para elegir el mejor ventilador, y en base a eso realizamos la selecci\u00f3n de modelos que podr\u00edan ir mejor en cada una.<\/p>\n\n\n\n<p>Ojo con los ventiladores de aspas retr\u00e1ctiles, ya que al tener un dise\u00f1o distinto al habitual se puede creer que no tienen la potencia suficiente para estancias grandes, y esto depende de su potencia.<\/p>\n\n\n\n<p>As\u00ed, las estancias a dividir seg\u00fan ventiladores tendr\u00edan esta amplitud por tipolog\u00eda:<\/p>\n\n\n\n<ul>\n<li>Estancias peque\u00f1as: menos de 13 metros cuadrados.<\/li>\n\n\n\n<li>Estancias medianas: entre 13 y 18 metros cuadrados.<\/li>\n\n\n\n<li>Estancias grandes: entre 18 y 28 metros cuadrados.<\/li>\n\n\n\n<li>Estancias muy grandes: m\u00e1s de 28 metros cuadrados.<\/li>\n<\/ul>\n\n\n\n<h2>2. \u00bfEl mejor ventilador va con luz o sin luz?<\/h2>\n\n\n\n<p>Otro punto importante a la hora de elegir el mejor ventilador es saber si lo querremos con luz incorporada o no.<\/p>\n\n\n\n<p>La estancia determina la elecci\u00f3n de ventilador con o sin luz, puesto que no es lo mismo un sal\u00f3n, una cocina o un dormitorio. Si la habitaci\u00f3n solo tiene un punto o dos de luz, lo mejor es elegir siempre ventilador con luz incorporada.<\/p>\n\n\n<div class=\"wp-block-image\">\n<figure class=\"aligncenter size-large is-resized\"><img decoding=\"async\" loading=\"lazy\" src=\"https:\/\/www.luzeco.com\/blog\/wp-content\/uploads\/2023\/07\/catalogo-ventiladores-2023-111-819x1024.png\" alt=\"Nuevos modelos y dise\u00f1os\" class=\"wp-image-1018\" width=\"523\" height=\"654\" srcset=\"https:\/\/www.luzeco.com\/blog\/wp-content\/uploads\/2023\/07\/catalogo-ventiladores-2023-111-819x1024.png 819w, https:\/\/www.luzeco.com\/blog\/wp-content\/uploads\/2023\/07\/catalogo-ventiladores-2023-111-240x300.png 240w, https:\/\/www.luzeco.com\/blog\/wp-content\/uploads\/2023\/07\/catalogo-ventiladores-2023-111-768x961.png 768w, https:\/\/www.luzeco.com\/blog\/wp-content\/uploads\/2023\/07\/catalogo-ventiladores-2023-111.png 1000w\" sizes=\"(max-width: 523px) 100vw, 523px\" \/><\/figure><\/div>\n\n\n<p>Tenemos la idea preconcebida de que la luz de los ventiladores no es potente, es m\u00e1s bien una luz tenue, pero eso no es cierto. Depende, como todo, del modelo y calidad del ventilador elegido. En Luzeco tenemos ventiladores con luz con potencias muy buenas que te aportan la doble funcionalidad y te ayudan a elegir el mejor ventilador para ti.<\/p>\n\n\n\n<p>No obstante, siempre que en la iluminaci\u00f3n de la estancia ya se disponga de otros puntos y no le vayas a dar uso a la luz del ventilador, puedes prescindir de esta funci\u00f3n adicional.<\/p>\n\n\n\n<h2>3. Aspas: \u00bfconvencionales, retr\u00e1ctiles o compactas?<\/h2>\n\n\n\n<p>En los modelos convencionales, la cantidad de aire depende del tama\u00f1o e inclinaci\u00f3n de las aspas, y la velocidad de giro. En los ventiladores de aspas compactas, se generan corrientes de aire con su propio cuerpo, como en los ventiladores de pie, por ejemplo, y tienen la seguridad de que las aspas no est\u00e1n al alcance. Por \u00faltimo, las aspas retr\u00e1ctiles te ofrecen las ventajas de las aspas cl\u00e1sicas y las ventajas de las compactas, puesto que cuando apagas el ventilador estas vuelven a guardarse de una manera ergon\u00f3mica y minimalista.<\/p>\n\n\n\n<p>Como en todos los casos, esta elecci\u00f3n depender\u00e1 de gustos, lugar de colocaci\u00f3n, tama\u00f1o de la estancia y nivel de seguridad que desees para tu ventilador.<\/p>\n\n\n<div class=\"wp-block-image\">\n<figure class=\"aligncenter size-large is-resized\"><img decoding=\"async\" loading=\"lazy\" src=\"https:\/\/www.luzeco.com\/blog\/wp-content\/uploads\/2023\/07\/catalogo-ventiladores-2023-163-854x1024.png\" alt=\"Dise\u00f1o y aspas de vanguardia\" class=\"wp-image-1019\" width=\"508\" height=\"609\" srcset=\"https:\/\/www.luzeco.com\/blog\/wp-content\/uploads\/2023\/07\/catalogo-ventiladores-2023-163-854x1024.png 854w, https:\/\/www.luzeco.com\/blog\/wp-content\/uploads\/2023\/07\/catalogo-ventiladores-2023-163-250x300.png 250w, https:\/\/www.luzeco.com\/blog\/wp-content\/uploads\/2023\/07\/catalogo-ventiladores-2023-163-768x921.png 768w, https:\/\/www.luzeco.com\/blog\/wp-content\/uploads\/2023\/07\/catalogo-ventiladores-2023-163.png 1000w\" sizes=\"(max-width: 508px) 100vw, 508px\" \/><\/figure><\/div>\n\n\n<h2>4. Motor AC o DC: \u00bfCu\u00e1l elegir para el mejor ventilador?<\/h2>\n\n\n\n<p>Otro aspecto a tener en cuenta es el motor del ventilador, ya que sus prestaciones y consumo dependen de ello. As\u00ed, existen dos tipos de ventiladores: los de corriente alterna (AC) o los motores de corriente continua (DC). <\/p>\n\n\n\n<p>Los motores AC usan corriente alterna y variante, como la corriente de los enchufes, que no siempre tienen la misma, si no que esta se mueve dentro de un rango. Los motores DC, en mejora de los AC, contienen un transformador que convierte la corriente alterna en directa o continua, generando siempre la misma tensi\u00f3n en una \u00fanica direcci\u00f3n.<\/p>\n\n\n\n<p>Las diferencias entre ellos radican en las siguientes caracter\u00edsticas:<\/p>\n\n\n\n<div class=\"is-layout-flex wp-container-3 wp-block-columns\">\n<div class=\"is-layout-flow wp-block-column\" style=\"flex-basis:50%\">\n<p>MOTOR DE CORRIENTE ALTERNA (AC)<\/p>\n\n\n\n<ul>\n<li><strong>M\u00e1s baratos<\/strong><\/li>\n\n\n\n<li>Se calientan m\u00e1s<\/li>\n\n\n\n<li>Demanda m\u00e1s lenta de energ\u00eda en el arranque, lo cual <strong>protege <\/strong>en mayor medida sus <strong>componentes <\/strong>que en el caso del motor DC.<\/li>\n<\/ul>\n<\/div>\n\n\n\n<div class=\"is-layout-flow wp-block-column\" style=\"flex-basis:50%\">\n<p>MOTOR DE CORRIENTE CONTINUA (DC)<\/p>\n\n\n\n<ul>\n<li><strong>Consumo muy bajo<\/strong>. Suponen un ahorro del 70% de energ\u00eda frente a los motores AC, ya que evitan el desperdicio de esta.<\/li>\n\n\n\n<li><strong>M\u00e1s silenciosos<\/strong>, al necesitar menor fricci\u00f3n del motor.<\/li>\n\n\n\n<li><strong>M\u00e1s ligeros<\/strong>. Ya que su motor pesa menos. Por ende, su instalaci\u00f3n es m\u00e1s liviana.<\/li>\n\n\n\n<li><strong>Mayor durabilidad<\/strong>. Al aprovechar m\u00e1s la energ\u00eda que consumen y no calentarse.<\/li>\n\n\n\n<li><strong>M\u00e1s eficiencia<\/strong>. Estos ventiladores son capaces de funcionar a velocidades muy bajas y son m\u00e1s r\u00e1pidos a la hora de arrancar, acelerar, desacelerar y parar.<\/li>\n\n\n\n<li>M\u00e1s caros. Por todas estas ventajas, es evidente que debe haber un incremento en el precio, pero hoy en d\u00eda nos encontramos con modelos muy ajustados y una gran variedad en el mercado.<\/li>\n<\/ul>\n<\/div>\n<\/div>\n\n\n\n<h2>5. Modo de puesta en marcha<\/h2>\n\n\n\n<p>Con cadena, interruptor o mando a distancia.<\/p>\n\n\n\n<p>Mientras que los modelos m\u00e1s b\u00e1sicos disponen de un encendido manual, bien por un interruptor o una cadena que cuelga de ellos, hoy en d\u00eda es muy com\u00fan que los ventiladores vayan con mando a distancia para controlarlos sin mayor esfuerzo.<\/p>\n\n\n<div class=\"wp-block-image\">\n<figure class=\"aligncenter size-large is-resized\"><img decoding=\"async\" loading=\"lazy\" src=\"https:\/\/www.luzeco.com\/blog\/wp-content\/uploads\/2023\/07\/ventilador-faro-1024x1024.png\" alt=\"control remoto para el mejor ventilador\" class=\"wp-image-1020\" width=\"531\" height=\"531\" srcset=\"https:\/\/www.luzeco.com\/blog\/wp-content\/uploads\/2023\/07\/ventilador-faro-1024x1024.png 1024w, https:\/\/www.luzeco.com\/blog\/wp-content\/uploads\/2023\/07\/ventilador-faro-300x300.png 300w, https:\/\/www.luzeco.com\/blog\/wp-content\/uploads\/2023\/07\/ventilador-faro-150x150.png 150w, https:\/\/www.luzeco.com\/blog\/wp-content\/uploads\/2023\/07\/ventilador-faro-768x768.png 768w, https:\/\/www.luzeco.com\/blog\/wp-content\/uploads\/2023\/07\/ventilador-faro-1536x1536.png 1536w, https:\/\/www.luzeco.com\/blog\/wp-content\/uploads\/2023\/07\/ventilador-faro-1140x1140.png 1140w, https:\/\/www.luzeco.com\/blog\/wp-content\/uploads\/2023\/07\/ventilador-faro-1920x1920.png 1920w, https:\/\/www.luzeco.com\/blog\/wp-content\/uploads\/2023\/07\/ventilador-faro-80x80.png 80w, https:\/\/www.luzeco.com\/blog\/wp-content\/uploads\/2023\/07\/ventilador-faro.png 2000w\" sizes=\"(max-width: 531px) 100vw, 531px\" \/><\/figure><\/div>\n\n\n<p>Con el mando a distancia podr\u00e1s controlar la velocidad, la luz y su regulaci\u00f3n si es el caso&#8230; e incluso los hay m\u00e1s modernos que pueden controlarse remotamente v\u00eda app con el m\u00f3vil o asistentes de voz. La elecci\u00f3n depender\u00e1 de tus gustos&#8230; solo as\u00ed elegir\u00e1s el mejor ventilador, ya que en este caso no hay mejor ni peor.<\/p>\n\n\n\n<h2>6. Funci\u00f3n invierno&#8230; \u00bfes \u00fatil?<\/h2>\n\n\n\n<p> La mayor\u00eda de los ventiladores con motor DC incluyen esta funci\u00f3n. <\/p>\n\n\n\n<p>Esta funci\u00f3n consiste en hacer girar las aspas en sentido contrario al habitual, algo muy \u00fatil en invierno, ya que se optimiza la calefacci\u00f3n o aire caliente de las estufas para ayudar a alcanzar la temperatura correcta en menor tiempo, al repartir el aire caliente por toda la estancia. Esto tambi\u00e9n supone un ahorro energ\u00e9tico, ya que tendr\u00e1s la casa caldeada en much\u00edsimo menor tiempo que si solo usas la calefacci\u00f3n o la estufa.<\/p>\n\n\n\n<h2>7. El dise\u00f1o tambi\u00e9n es importante<\/h2>\n\n\n<div class=\"wp-block-image\">\n<figure class=\"aligncenter size-large is-resized\"><img decoding=\"async\" loading=\"lazy\" src=\"https:\/\/www.luzeco.com\/blog\/wp-content\/uploads\/2023\/07\/catalogo-ventiladores-2023-49-1-835x1024.png\" alt=\"elegir el mejor ventilador\" class=\"wp-image-1017\" width=\"515\" height=\"631\" srcset=\"https:\/\/www.luzeco.com\/blog\/wp-content\/uploads\/2023\/07\/catalogo-ventiladores-2023-49-1-835x1024.png 835w, https:\/\/www.luzeco.com\/blog\/wp-content\/uploads\/2023\/07\/catalogo-ventiladores-2023-49-1-244x300.png 244w, https:\/\/www.luzeco.com\/blog\/wp-content\/uploads\/2023\/07\/catalogo-ventiladores-2023-49-1-768x942.png 768w, https:\/\/www.luzeco.com\/blog\/wp-content\/uploads\/2023\/07\/catalogo-ventiladores-2023-49-1.png 1000w\" sizes=\"(max-width: 515px) 100vw, 515px\" \/><\/figure><\/div>\n\n\n<p>Adem\u00e1s de elegir todos los aspectos t\u00e9cnicos, es importante elegir un ventilador que nos guste, que nos encaje con nuestra decoraci\u00f3n y que nos sintamos c\u00f3modos con \u00e9l. Al fin y al cabo, nos durar\u00e1 muchos a\u00f1os&#8230;<\/p>\n\n\n\n<p>Hoy d\u00eda no solo encontramos opciones en metal, en combinaci\u00f3n con pvc, si no que tambi\u00e9n existen opciones en madera, en metacrilato&#8230; m\u00e1s minimalistas, industriales, n\u00f3rdicos e incluso con un toque boho, o simplemente con dise\u00f1os cl\u00e1sicos y contempor\u00e1neos.<\/p>\n\n\n\n<p>\u00a1Elige el ventilador que m\u00e1s encaje contigo! Visita nuestra <a href=\"https:\/\/www.luzeco.com\/es\/77-ventiladores\" target=\"_blank\" rel=\"noreferrer noopener\">oferta de ventiladores<\/a> y preg\u00fantanos todas tus dudas.<\/p>\n\n\n\n<p><\/p>\n\n\n\n<p>El equipo de Luzeco<\/p>\n","protected":false},"excerpt":{"rendered":"<p>Con la llegada del calor intenso nos damos cuenta de lo importante que es tener en casa una temperatura media estable, id\u00f3nea para crear un entorno agradable y que nos permita disfrutar de nuestro hogar y a la vez trabajar, leer o llevar a cabo cualquier otro hobby sin perder la salud en el intento. El ventilador ha sido siempre una de las opciones m\u00e1s \u00fatiles, funcionales y econ\u00f3micas para conseguirlo pero&#8230; \u00bfsab\u00edas que existen tipos, tama\u00f1os, potencias, funciones y dise\u00f1os distintos que son claves para elegir el mejor ventilador? En este post te las resumimos todas. \u00a1Sigue leyendo! 1. Tama\u00f1o de la estancia para elegir el mejor ventilador Normalmente este es el dato m\u00e1s importante por motivos t\u00e9cnicos y de funcionalidad, ya que no podemos pasarnos con el tama\u00f1o de las aspas pero nos [&hellip;]<\/p>\n","protected":false},"author":1,"featured_media":1024,"comment_status":"closed","ping_status":"open","sticky":false,"template":"","format":"standard","meta":[],"categories":[5],"tags":[49],"yoast_head":"<!-- This site is optimized with the Yoast SEO plugin v19.14 - https:\/\/yoast.com\/wordpress\/plugins\/seo\/ -->\n<title>Claves para elegir el mejor ventilador - Blog LUZECO<\/title>\n<meta name=\"description\" content=\"Existen varias decisiones muy importantes a tomar al comprar el mejor ventilador, \u00a1en este post te las resumimos todas!\" \/>\n<meta name=\"robots\" content=\"index, follow, max-snippet:-1, max-image-preview:large, max-video-preview:-1\" \/>\n<link rel=\"canonical\" href=\"https:\/\/www.luzeco.com\/blog\/claves-para-elegir-el-mejor-ventilador\/\" \/>\n<meta property=\"og:locale\" content=\"es_ES\" \/>\n<meta property=\"og:type\" content=\"article\" \/>\n<meta property=\"og:title\" content=\"Claves para elegir el mejor ventilador - Blog LUZECO\" \/>\n<meta property=\"og:description\" content=\"Existen varias decisiones muy importantes a tomar al comprar el mejor ventilador, \u00a1en este post te las resumimos todas!\" \/>\n<meta property=\"og:url\" content=\"https:\/\/www.luzeco.com\/blog\/claves-para-elegir-el-mejor-ventilador\/\" \/>\n<meta property=\"og:site_name\" content=\"Blog LUZECO\" \/>\n<meta property=\"article:published_time\" content=\"2023-08-02T10:03:29+00:00\" \/>\n<meta property=\"article:modified_time\" content=\"2023-08-02T10:03:30+00:00\" \/>\n<meta property=\"og:image\" content=\"https:\/\/www.luzeco.com\/blog\/wp-content\/uploads\/2023\/07\/Post-ventiladores.jpg\" \/>\n\t<meta property=\"og:image:width\" content=\"1140\" \/>\n\t<meta property=\"og:image:height\" content=\"800\" \/>\n\t<meta property=\"og:image:type\" content=\"image\/jpeg\" \/>\n<meta name=\"author\" content=\"luzeco\" \/>\n<meta name=\"twitter:card\" content=\"summary_large_image\" \/>\n<meta name=\"twitter:label1\" content=\"Escrito por\" \/>\n\t<meta name=\"twitter:data1\" content=\"luzeco\" \/>\n\t<meta name=\"twitter:label2\" content=\"Tiempo de lectura\" \/>\n\t<meta name=\"twitter:data2\" content=\"7 minutos\" \/>\n<script type=\"application\/ld+json\" class=\"yoast-schema-graph\">{\"@context\":\"https:\/\/schema.org\",\"@graph\":[{\"@type\":\"Article\",\"@id\":\"https:\/\/www.luzeco.com\/blog\/claves-para-elegir-el-mejor-ventilador\/#article\",\"isPartOf\":{\"@id\":\"https:\/\/www.luzeco.com\/blog\/claves-para-elegir-el-mejor-ventilador\/\"},\"author\":{\"name\":\"luzeco\",\"@id\":\"https:\/\/www.luzeco.com\/blog\/#\/schema\/person\/1fcf316166a5c59805f56fcacd66f42a\"},\"headline\":\"Claves para elegir el mejor ventilador\",\"datePublished\":\"2023-08-02T10:03:29+00:00\",\"dateModified\":\"2023-08-02T10:03:30+00:00\",\"mainEntityOfPage\":{\"@id\":\"https:\/\/www.luzeco.com\/blog\/claves-para-elegir-el-mejor-ventilador\/\"},\"wordCount\":1236,\"publisher\":{\"@id\":\"https:\/\/www.luzeco.com\/blog\/#organization\"},\"keywords\":[\"ventiladores\"],\"articleSection\":[\"Consejos\"],\"inLanguage\":\"es\"},{\"@type\":\"WebPage\",\"@id\":\"https:\/\/www.luzeco.com\/blog\/claves-para-elegir-el-mejor-ventilador\/\",\"url\":\"https:\/\/www.luzeco.com\/blog\/claves-para-elegir-el-mejor-ventilador\/\",\"name\":\"Claves para elegir el mejor ventilador - Blog LUZECO\",\"isPartOf\":{\"@id\":\"https:\/\/www.luzeco.com\/blog\/#website\"},\"datePublished\":\"2023-08-02T10:03:29+00:00\",\"dateModified\":\"2023-08-02T10:03:30+00:00\",\"description\":\"Existen varias decisiones muy importantes a tomar al comprar el mejor ventilador, \u00a1en este post te las resumimos todas!\",\"breadcrumb\":{\"@id\":\"https:\/\/www.luzeco.com\/blog\/claves-para-elegir-el-mejor-ventilador\/#breadcrumb\"},\"inLanguage\":\"es\",\"potentialAction\":[{\"@type\":\"ReadAction\",\"target\":[\"https:\/\/www.luzeco.com\/blog\/claves-para-elegir-el-mejor-ventilador\/\"]}]},{\"@type\":\"BreadcrumbList\",\"@id\":\"https:\/\/www.luzeco.com\/blog\/claves-para-elegir-el-mejor-ventilador\/#breadcrumb\",\"itemListElement\":[{\"@type\":\"ListItem\",\"position\":1,\"name\":\"Home\",\"item\":\"https:\/\/www.luzeco.com\/blog\/\"},{\"@type\":\"ListItem\",\"position\":2,\"name\":\"Claves para elegir el mejor ventilador\"}]},{\"@type\":\"WebSite\",\"@id\":\"https:\/\/www.luzeco.com\/blog\/#website\",\"url\":\"https:\/\/www.luzeco.com\/blog\/\",\"name\":\"Blog LUZECO\",\"description\":\"L\u00edder en iluminaci\u00f3n y decoraci\u00f3n\",\"publisher\":{\"@id\":\"https:\/\/www.luzeco.com\/blog\/#organization\"},\"potentialAction\":[{\"@type\":\"SearchAction\",\"target\":{\"@type\":\"EntryPoint\",\"urlTemplate\":\"https:\/\/www.luzeco.com\/blog\/?s={search_term_string}\"},\"query-input\":\"required name=search_term_string\"}],\"inLanguage\":\"es\"},{\"@type\":\"Organization\",\"@id\":\"https:\/\/www.luzeco.com\/blog\/#organization\",\"name\":\"LUZECO LIGHTING\",\"url\":\"https:\/\/www.luzeco.com\/blog\/\",\"logo\":{\"@type\":\"ImageObject\",\"inLanguage\":\"es\",\"@id\":\"https:\/\/www.luzeco.com\/blog\/#\/schema\/logo\/image\/\",\"url\":\"https:\/\/www.luzeco.com\/blog\/wp-content\/uploads\/2020\/09\/cropped-luzeco-icono.png\",\"contentUrl\":\"https:\/\/www.luzeco.com\/blog\/wp-content\/uploads\/2020\/09\/cropped-luzeco-icono.png\",\"width\":512,\"height\":512,\"caption\":\"LUZECO LIGHTING\"},\"image\":{\"@id\":\"https:\/\/www.luzeco.com\/blog\/#\/schema\/logo\/image\/\"}},{\"@type\":\"Person\",\"@id\":\"https:\/\/www.luzeco.com\/blog\/#\/schema\/person\/1fcf316166a5c59805f56fcacd66f42a\",\"name\":\"luzeco\",\"image\":{\"@type\":\"ImageObject\",\"inLanguage\":\"es\",\"@id\":\"https:\/\/www.luzeco.com\/blog\/#\/schema\/person\/image\/\",\"url\":\"https:\/\/secure.gravatar.com\/avatar\/50258ce9bf6774e06410b8db81d34f8a?s=96&d=mm&r=g\",\"contentUrl\":\"https:\/\/secure.gravatar.com\/avatar\/50258ce9bf6774e06410b8db81d34f8a?s=96&d=mm&r=g\",\"caption\":\"luzeco\"},\"sameAs\":[\"https:\/\/www.luzeco.com\/blog\"],\"url\":\"https:\/\/www.luzeco.com\/blog\/author\/luzeco\/\"}]}<\/script>\n<!-- \/ Yoast SEO plugin. -->","yoast_head_json":{"title":"Claves para elegir el mejor ventilador - Blog LUZECO","description":"Existen varias decisiones muy importantes a tomar al comprar el mejor ventilador, \u00a1en este post te las resumimos todas!","robots":{"index":"index","follow":"follow","max-snippet":"max-snippet:-1","max-image-preview":"max-image-preview:large","max-video-preview":"max-video-preview:-1"},"canonical":"https:\/\/www.luzeco.com\/blog\/claves-para-elegir-el-mejor-ventilador\/","og_locale":"es_ES","og_type":"article","og_title":"Claves para elegir el mejor ventilador - Blog LUZECO","og_description":"Existen varias decisiones muy importantes a tomar al comprar el mejor ventilador, \u00a1en este post te las resumimos todas!","og_url":"https:\/\/www.luzeco.com\/blog\/claves-para-elegir-el-mejor-ventilador\/","og_site_name":"Blog LUZECO","article_published_time":"2023-08-02T10:03:29+00:00","article_modified_time":"2023-08-02T10:03:30+00:00","og_image":[{"width":1140,"height":800,"url":"https:\/\/www.luzeco.com\/blog\/wp-content\/uploads\/2023\/07\/Post-ventiladores.jpg","type":"image\/jpeg"}],"author":"luzeco","twitter_card":"summary_large_image","twitter_misc":{"Escrito por":"luzeco","Tiempo de lectura":"7 minutos"},"schema":{"@context":"https:\/\/schema.org","@graph":[{"@type":"Article","@id":"https:\/\/www.luzeco.com\/blog\/claves-para-elegir-el-mejor-ventilador\/#article","isPartOf":{"@id":"https:\/\/www.luzeco.com\/blog\/claves-para-elegir-el-mejor-ventilador\/"},"author":{"name":"luzeco","@id":"https:\/\/www.luzeco.com\/blog\/#\/schema\/person\/1fcf316166a5c59805f56fcacd66f42a"},"headline":"Claves para elegir el mejor ventilador","datePublished":"2023-08-02T10:03:29+00:00","dateModified":"2023-08-02T10:03:30+00:00","mainEntityOfPage":{"@id":"https:\/\/www.luzeco.com\/blog\/claves-para-elegir-el-mejor-ventilador\/"},"wordCount":1236,"publisher":{"@id":"https:\/\/www.luzeco.com\/blog\/#organization"},"keywords":["ventiladores"],"articleSection":["Consejos"],"inLanguage":"es"},{"@type":"WebPage","@id":"https:\/\/www.luzeco.com\/blog\/claves-para-elegir-el-mejor-ventilador\/","url":"https:\/\/www.luzeco.com\/blog\/claves-para-elegir-el-mejor-ventilador\/","name":"Claves para elegir el mejor ventilador - Blog LUZECO","isPartOf":{"@id":"https:\/\/www.luzeco.com\/blog\/#website"},"datePublished":"2023-08-02T10:03:29+00:00","dateModified":"2023-08-02T10:03:30+00:00","description":"Existen varias decisiones muy importantes a tomar al comprar el mejor ventilador, \u00a1en este post te las resumimos todas!","breadcrumb":{"@id":"https:\/\/www.luzeco.com\/blog\/claves-para-elegir-el-mejor-ventilador\/#breadcrumb"},"inLanguage":"es","potentialAction":[{"@type":"ReadAction","target":["https:\/\/www.luzeco.com\/blog\/claves-para-elegir-el-mejor-ventilador\/"]}]},{"@type":"BreadcrumbList","@id":"https:\/\/www.luzeco.com\/blog\/claves-para-elegir-el-mejor-ventilador\/#breadcrumb","itemListElement":[{"@type":"ListItem","position":1,"name":"Home","item":"https:\/\/www.luzeco.com\/blog\/"},{"@type":"ListItem","position":2,"name":"Claves para elegir el mejor ventilador"}]},{"@type":"WebSite","@id":"https:\/\/www.luzeco.com\/blog\/#website","url":"https:\/\/www.luzeco.com\/blog\/","name":"Blog LUZECO","description":"L\u00edder en iluminaci\u00f3n y decoraci\u00f3n","publisher":{"@id":"https:\/\/www.luzeco.com\/blog\/#organization"},"potentialAction":[{"@type":"SearchAction","target":{"@type":"EntryPoint","urlTemplate":"https:\/\/www.luzeco.com\/blog\/?s={search_term_string}"},"query-input":"required name=search_term_string"}],"inLanguage":"es"},{"@type":"Organization","@id":"https:\/\/www.luzeco.com\/blog\/#organization","name":"LUZECO LIGHTING","url":"https:\/\/www.luzeco.com\/blog\/","logo":{"@type":"ImageObject","inLanguage":"es","@id":"https:\/\/www.luzeco.com\/blog\/#\/schema\/logo\/image\/","url":"https:\/\/www.luzeco.com\/blog\/wp-content\/uploads\/2020\/09\/cropped-luzeco-icono.png","contentUrl":"https:\/\/www.luzeco.com\/blog\/wp-content\/uploads\/2020\/09\/cropped-luzeco-icono.png","width":512,"height":512,"caption":"LUZECO LIGHTING"},"image":{"@id":"https:\/\/www.luzeco.com\/blog\/#\/schema\/logo\/image\/"}},{"@type":"Person","@id":"https:\/\/www.luzeco.com\/blog\/#\/schema\/person\/1fcf316166a5c59805f56fcacd66f42a","name":"luzeco","image":{"@type":"ImageObject","inLanguage":"es","@id":"https:\/\/www.luzeco.com\/blog\/#\/schema\/person\/image\/","url":"https:\/\/secure.gravatar.com\/avatar\/50258ce9bf6774e06410b8db81d34f8a?s=96&d=mm&r=g","contentUrl":"https:\/\/secure.gravatar.com\/avatar\/50258ce9bf6774e06410b8db81d34f8a?s=96&d=mm&r=g","caption":"luzeco"},"sameAs":["https:\/\/www.luzeco.com\/blog"],"url":"https:\/\/www.luzeco.com\/blog\/author\/luzeco\/"}]}},"_links":{"self":[{"href":"https:\/\/www.luzeco.com\/blog\/wp-json\/wp\/v2\/posts\/1005"}],"collection":[{"href":"https:\/\/www.luzeco.com\/blog\/wp-json\/wp\/v2\/posts"}],"about":[{"href":"https:\/\/www.luzeco.com\/blog\/wp-json\/wp\/v2\/types\/post"}],"author":[{"embeddable":true,"href":"https:\/\/www.luzeco.com\/blog\/wp-json\/wp\/v2\/users\/1"}],"replies":[{"embeddable":true,"href":"https:\/\/www.luzeco.com\/blog\/wp-json\/wp\/v2\/comments?post=1005"}],"version-history":[{"count":16,"href":"https:\/\/www.luzeco.com\/blog\/wp-json\/wp\/v2\/posts\/1005\/revisions"}],"predecessor-version":[{"id":1028,"href":"https:\/\/www.luzeco.com\/blog\/wp-json\/wp\/v2\/posts\/1005\/revisions\/1028"}],"wp:featuredmedia":[{"embeddable":true,"href":"https:\/\/www.luzeco.com\/blog\/wp-json\/wp\/v2\/media\/1024"}],"wp:attachment":[{"href":"https:\/\/www.luzeco.com\/blog\/wp-json\/wp\/v2\/media?parent=1005"}],"wp:term":[{"taxonomy":"category","embeddable":true,"href":"https:\/\/www.luzeco.com\/blog\/wp-json\/wp\/v2\/categories?post=1005"},{"taxonomy":"post_tag","embeddable":true,"href":"https:\/\/www.luzeco.com\/blog\/wp-json\/wp\/v2\/tags?post=1005"}],"curies":[{"name":"wp","href":"https:\/\/api.w.org\/{rel}","templated":true}]}}